{"id":32728,"date":"2018-07-17T12:57:39","date_gmt":"2018-07-17T17:57:39","guid":{"rendered":"http:\/\/innovatori.space\/lat21\/?p=32728"},"modified":"2018-07-17T12:57:39","modified_gmt":"2018-07-17T17:57:39","slug":"dia-internacional-del-emoji","status":"publish","type":"post","link":"https:\/\/l21.mx\/?p=32728","title":{"rendered":"Dia internacional del emoji"},"content":{"rendered":"<p><a href=\"http:\/\/l21.mx\/wp-content\/uploads\/2018\/07\/emojis.jpg\" data-rel=\"penci-gallery-image-content\" ><img fetchpriority=\"high\" decoding=\"async\" class=\"alignnone size-medium wp-image-32729\" src=\"http:\/\/l21.mx\/wp-content\/uploads\/2018\/07\/emojis-300x225.jpg\" alt=\"\" width=\"300\" height=\"225\" srcset=\"https:\/\/l21.mx\/wp-content\/uploads\/2018\/07\/emojis-300x225.jpg 300w, https:\/\/l21.mx\/wp-content\/uploads\/2018\/07\/emojis.jpg 560w\" sizes=\"(max-width: 300px) 100vw, 300px\" \/><\/a><\/p>\n<p>&nbsp;<\/p>\n<p>Cada<strong>\u00a017 de julio\u00a0<\/strong>desde 2004 se conmemora el\u00a0<strong>D\u00eda Mundial del Emoji<\/strong>, una efem\u00e9ride inventada por en entusiasta creador de la \u00abEmojipedia\u00bb Jeremy Burge, quien eligi\u00f3 este d\u00eda porque<strong>\u00a0<\/strong>el dibujo que recrea un calendario\u00a0tiene esta fecha grabada en su dise\u00f1o tanto para\u00a0Android\u00a0como para\u00a0iOS. Vitales para muchos, odiados por otros tantos, los \u00abemojis\u00bb ya est\u00e1n disponibles en\u00a02.800 dise\u00f1os diferentes, si bien casi cada plataforma social y dispositivo posee los suyos propios, por lo que\u00a0el \u00abvirus\u00bb del emoji no hace m\u00e1s que crecer.<\/p>\n<p>La palabra\u00a0<em>emoji\u00a0<\/em>proviene del japon\u00e9s \u2018<em>e\u2019<\/em>\u00a0que significa \u2018imagen\u2019; y \u2018<em>moji\u2019,\u00a0<\/em>que significa \u2018letra\u2019 o \u2018car\u00e1cter\u2019. As\u00ed se les llama a los peque\u00f1os pictogramas que hoy en d\u00eda utilizamos a trav\u00e9s de la comunicaci\u00f3n digital para complementar nuestros mensajes y expresar ideas o emociones.<\/p>\n<p>Shigetaka Kurita cre\u00f3 los primeros 176 emojis en 1999 para\u00a0<span class=\"smallcaps\">ntt<\/span>\u00a0Docomo, una empresa japonesa de comunicaci\u00f3n m\u00f3vil. Su inspiraci\u00f3n fue el\u00a0<em>manga<\/em>\u2014caricatura japonesa\u2014 donde se representan conceptos con un s\u00edmbolo, as\u00ed, el amor se representa a trav\u00e9s del<em>\u00a0emoji<\/em>\u00a0coraz\u00f3n sin tener que escribir una letra.<\/p>\n<p>Seg\u00fan datos de\u00a0<strong>Facebook<\/strong>, de todos estos dibujos, al menos 2.300 se utilizan diariamente en sus dominios (que incluyen WhatsApp e Instagram). De hecho, solo en\u00a0<strong>Messenger\u00a0<\/strong>(el chat de esta red social) cada d\u00eda se env\u00eda la friolera de\u00a0900 millones de \u00abemojis\u00bbsin estar acompa\u00f1ados de texto, como\u00a0un mensaje en s\u00ed mismo, un dato que apoya la idea de que esta forma de comunicaci\u00f3n ha llegado para quedarse.<\/p>\n<p>Aunque existen miles de emojis, existen unos por los que los usuarios tienen mas preferencia, aqu\u00ed te daremos una lista de los mas usados:<\/p>\n<p>Entre los emojis mas usados se encuentra el\u00a0<strong>coraz\u00f3n\u00a0\u2764\u00a0<\/strong>con m\u00e1s de 1.000 millones de apariciones en <em>Twitter.<\/em> Le siguen el\u00a0<strong>icono del reciclaje\u00a0\u267b<\/strong>, la<strong>\u00a0cara con corazones en los ojos\u00a0?\u00a0<\/strong>, la\u00a0<strong>carta de corazones\u00a0?\u00a0<\/strong>y el\u00a0<strong>emot<\/strong><strong>icono llorando?<\/strong>\u00a0luego est\u00e1 la\u00a0<strong>sonrisa\u00a0?\u00a0<\/strong>y\u00a0 lo que se puede considerar su ant\u00edtesis: el icono que, seg\u00fan la Emojipedia se considera de \u00abinsatisfacci\u00f3n\u00bb o \u00ab<strong>la mirada gru\u00f1ona<\/strong>\u00bb.? En la siguiente posici\u00f3n vuelven a aparecer los corazones, con dos iconos rosas de diferente tama\u00f1o, ? y\u00a0 tenemos el\u00a0<strong>beso con coraz\u00f3n<\/strong>.\u00a0?\u00a0cerrando la lista el mas usado de todos,\u00a0el\u00a0<strong>emoticono que llora de la risa\u00a0?<\/strong><\/p>\n","protected":false},"excerpt":{"rendered":"<p>&nbsp; Cada\u00a017 de julio\u00a0desde 2004 se conmemora el\u00a0D\u00eda Mundial del Emoji, una efem\u00e9ride inventada por en&hellip;<\/p>\n","protected":false},"author":69,"featured_media":32729,"comment_status":"open","ping_status":"open","sticky":false,"template":"","format":"standard","meta":{"_acf_changed":false,"_lmt_disableupdate":"","_lmt_disable":"","_mbp_gutenberg_autopost":false,"footnotes":""},"categories":[23,1],"tags":[414],"class_list":["post-32728","post","type-post","status-publish","format-standard","has-post-thumbnail","hentry","category-noticias","category-sin-categoria","tag-emojis"],"acf":[],"yoast_head":"<!-- This site is optimized with the Yoast SEO plugin v27.3 - https:\/\/yoast.com\/product\/yoast-seo-wordpress\/ -->\n<title>Dia internacional del emoji | Revista Latitud 21<\/title>\n<meta name=\"description\" content=\"L21, Emprendedores y Negocios en el Caribe Mexicano, es la revista l\u00edder entre el Sector Empresarial y Tur\u00edstico del Caribe Mexicano.\" \/>\n<meta name=\"robots\" content=\"index, follow, max-snippet:-1, max-image-preview:large, max-video-preview:-1\" \/>\n<link rel=\"canonical\" href=\"https:\/\/l21.mx\/?p=32728\" \/>\n<meta name=\"twitter:card\" content=\"summary_large_image\" \/>\n<meta name=\"twitter:title\" content=\"Dia internacional del emoji | Revista Latitud 21\" \/>\n<meta name=\"twitter:description\" content=\"L21, Emprendedores y Negocios en el Caribe Mexicano, es la revista l\u00edder entre el Sector Empresarial y Tur\u00edstico del Caribe Mexicano.\" \/>\n<meta name=\"twitter:image\" content=\"https:\/\/l21.mx\/wp-content\/uploads\/2018\/07\/emojis.jpg\" \/>\n<meta name=\"twitter:creator\" content=\"@Latitud21mx\" \/>\n<meta name=\"twitter:site\" content=\"@Latitud21mx\" \/>\n<meta name=\"twitter:label1\" content=\"Escrito por\" \/>\n\t<meta name=\"twitter:data1\" content=\"Redacci\u00f3n\" \/>\n\t<meta name=\"twitter:label2\" content=\"Tiempo de lectura\" \/>\n\t<meta name=\"twitter:data2\" content=\"2 minutos\" \/>\n<script type=\"application\/ld+json\" class=\"yoast-schema-graph\">{\"@context\":\"https:\\\/\\\/schema.org\",\"@graph\":[{\"@type\":\"Article\",\"@id\":\"https:\\\/\\\/l21.mx\\\/?p=32728#article\",\"isPartOf\":{\"@id\":\"https:\\\/\\\/l21.mx\\\/?p=32728\"},\"author\":{\"name\":\"Redacci\u00f3n\",\"@id\":\"https:\\\/\\\/l21.mx\\\/#\\\/schema\\\/person\\\/066641669c6ee7227953da2a023ebcde\"},\"headline\":\"Dia internacional del emoji\",\"datePublished\":\"2018-07-17T17:57:39+00:00\",\"mainEntityOfPage\":{\"@id\":\"https:\\\/\\\/l21.mx\\\/?p=32728\"},\"wordCount\":410,\"commentCount\":0,\"publisher\":{\"@id\":\"https:\\\/\\\/l21.mx\\\/#organization\"},\"image\":{\"@id\":\"https:\\\/\\\/l21.mx\\\/?p=32728#primaryimage\"},\"thumbnailUrl\":\"https:\\\/\\\/l21.mx\\\/wp-content\\\/uploads\\\/2018\\\/07\\\/emojis.jpg\",\"keywords\":[\"emojis\"],\"articleSection\":[\"Noticias\"],\"inLanguage\":\"es\",\"potentialAction\":[{\"@type\":\"CommentAction\",\"name\":\"Comment\",\"target\":[\"https:\\\/\\\/l21.mx\\\/?p=32728#respond\"]}]},{\"@type\":\"WebPage\",\"@id\":\"https:\\\/\\\/l21.mx\\\/?p=32728\",\"url\":\"https:\\\/\\\/l21.mx\\\/?p=32728\",\"name\":\"Dia internacional del emoji | Revista Latitud 21\",\"isPartOf\":{\"@id\":\"https:\\\/\\\/l21.mx\\\/#website\"},\"primaryImageOfPage\":{\"@id\":\"https:\\\/\\\/l21.mx\\\/?p=32728#primaryimage\"},\"image\":{\"@id\":\"https:\\\/\\\/l21.mx\\\/?p=32728#primaryimage\"},\"thumbnailUrl\":\"https:\\\/\\\/l21.mx\\\/wp-content\\\/uploads\\\/2018\\\/07\\\/emojis.jpg\",\"datePublished\":\"2018-07-17T17:57:39+00:00\",\"description\":\"L21, Emprendedores y Negocios en el Caribe Mexicano, es la revista l\u00edder entre el Sector Empresarial y Tur\u00edstico del Caribe Mexicano.\",\"breadcrumb\":{\"@id\":\"https:\\\/\\\/l21.mx\\\/?p=32728#breadcrumb\"},\"inLanguage\":\"es\",\"potentialAction\":[{\"@type\":\"ReadAction\",\"target\":[\"https:\\\/\\\/l21.mx\\\/?p=32728\"]}]},{\"@type\":\"ImageObject\",\"inLanguage\":\"es\",\"@id\":\"https:\\\/\\\/l21.mx\\\/?p=32728#primaryimage\",\"url\":\"https:\\\/\\\/l21.mx\\\/wp-content\\\/uploads\\\/2018\\\/07\\\/emojis.jpg\",\"contentUrl\":\"https:\\\/\\\/l21.mx\\\/wp-content\\\/uploads\\\/2018\\\/07\\\/emojis.jpg\",\"width\":560,\"height\":420},{\"@type\":\"BreadcrumbList\",\"@id\":\"https:\\\/\\\/l21.mx\\\/?p=32728#breadcrumb\",\"itemListElement\":[{\"@type\":\"ListItem\",\"position\":1,\"name\":\"Portada\",\"item\":\"https:\\\/\\\/l21.mx\\\/\"},{\"@type\":\"ListItem\",\"position\":2,\"name\":\"Dia internacional del emoji\"}]},{\"@type\":\"WebSite\",\"@id\":\"https:\\\/\\\/l21.mx\\\/#website\",\"url\":\"https:\\\/\\\/l21.mx\\\/\",\"name\":\"Revista Latitud 21\",\"description\":\"Emprendedores  y negocios en el Caribe Mexicano\",\"publisher\":{\"@id\":\"https:\\\/\\\/l21.mx\\\/#organization\"},\"potentialAction\":[{\"@type\":\"SearchAction\",\"target\":{\"@type\":\"EntryPoint\",\"urlTemplate\":\"https:\\\/\\\/l21.mx\\\/?s={search_term_string}\"},\"query-input\":{\"@type\":\"PropertyValueSpecification\",\"valueRequired\":true,\"valueName\":\"search_term_string\"}}],\"inLanguage\":\"es\"},{\"@type\":\"Organization\",\"@id\":\"https:\\\/\\\/l21.mx\\\/#organization\",\"name\":\"Grupo Editorial Latitud 21 SA de CV\",\"url\":\"https:\\\/\\\/l21.mx\\\/\",\"logo\":{\"@type\":\"ImageObject\",\"inLanguage\":\"es\",\"@id\":\"https:\\\/\\\/l21.mx\\\/#\\\/schema\\\/logo\\\/image\\\/\",\"url\":\"https:\\\/\\\/l21.mx\\\/wp-content\\\/uploads\\\/2020\\\/10\\\/logo-l21-baja.jpg\",\"contentUrl\":\"https:\\\/\\\/l21.mx\\\/wp-content\\\/uploads\\\/2020\\\/10\\\/logo-l21-baja.jpg\",\"width\":250,\"height\":250,\"caption\":\"Grupo Editorial Latitud 21 SA de CV\"},\"image\":{\"@id\":\"https:\\\/\\\/l21.mx\\\/#\\\/schema\\\/logo\\\/image\\\/\"},\"sameAs\":[\"https:\\\/\\\/www.facebook.com\\\/RevistaLatitud21\\\/\",\"https:\\\/\\\/x.com\\\/Latitud21mx\"]},{\"@type\":\"Person\",\"@id\":\"https:\\\/\\\/l21.mx\\\/#\\\/schema\\\/person\\\/066641669c6ee7227953da2a023ebcde\",\"name\":\"Redacci\u00f3n\",\"url\":\"https:\\\/\\\/l21.mx\\\/?author=69\"}]}<\/script>\n<!-- \/ Yoast SEO plugin. -->","yoast_head_json":{"title":"Dia internacional del emoji | Revista Latitud 21","description":"L21, Emprendedores y Negocios en el Caribe Mexicano, es la revista l\u00edder entre el Sector Empresarial y Tur\u00edstico del Caribe Mexicano.","robots":{"index":"index","follow":"follow","max-snippet":"max-snippet:-1","max-image-preview":"max-image-preview:large","max-video-preview":"max-video-preview:-1"},"canonical":"https:\/\/l21.mx\/?p=32728","twitter_card":"summary_large_image","twitter_title":"Dia internacional del emoji | Revista Latitud 21","twitter_description":"L21, Emprendedores y Negocios en el Caribe Mexicano, es la revista l\u00edder entre el Sector Empresarial y Tur\u00edstico del Caribe Mexicano.","twitter_image":"https:\/\/l21.mx\/wp-content\/uploads\/2018\/07\/emojis.jpg","twitter_creator":"@Latitud21mx","twitter_site":"@Latitud21mx","twitter_misc":{"Escrito por":"Redacci\u00f3n","Tiempo de lectura":"2 minutos"},"schema":{"@context":"https:\/\/schema.org","@graph":[{"@type":"Article","@id":"https:\/\/l21.mx\/?p=32728#article","isPartOf":{"@id":"https:\/\/l21.mx\/?p=32728"},"author":{"name":"Redacci\u00f3n","@id":"https:\/\/l21.mx\/#\/schema\/person\/066641669c6ee7227953da2a023ebcde"},"headline":"Dia internacional del emoji","datePublished":"2018-07-17T17:57:39+00:00","mainEntityOfPage":{"@id":"https:\/\/l21.mx\/?p=32728"},"wordCount":410,"commentCount":0,"publisher":{"@id":"https:\/\/l21.mx\/#organization"},"image":{"@id":"https:\/\/l21.mx\/?p=32728#primaryimage"},"thumbnailUrl":"https:\/\/l21.mx\/wp-content\/uploads\/2018\/07\/emojis.jpg","keywords":["emojis"],"articleSection":["Noticias"],"inLanguage":"es","potentialAction":[{"@type":"CommentAction","name":"Comment","target":["https:\/\/l21.mx\/?p=32728#respond"]}]},{"@type":"WebPage","@id":"https:\/\/l21.mx\/?p=32728","url":"https:\/\/l21.mx\/?p=32728","name":"Dia internacional del emoji | Revista Latitud 21","isPartOf":{"@id":"https:\/\/l21.mx\/#website"},"primaryImageOfPage":{"@id":"https:\/\/l21.mx\/?p=32728#primaryimage"},"image":{"@id":"https:\/\/l21.mx\/?p=32728#primaryimage"},"thumbnailUrl":"https:\/\/l21.mx\/wp-content\/uploads\/2018\/07\/emojis.jpg","datePublished":"2018-07-17T17:57:39+00:00","description":"L21, Emprendedores y Negocios en el Caribe Mexicano, es la revista l\u00edder entre el Sector Empresarial y Tur\u00edstico del Caribe Mexicano.","breadcrumb":{"@id":"https:\/\/l21.mx\/?p=32728#breadcrumb"},"inLanguage":"es","potentialAction":[{"@type":"ReadAction","target":["https:\/\/l21.mx\/?p=32728"]}]},{"@type":"ImageObject","inLanguage":"es","@id":"https:\/\/l21.mx\/?p=32728#primaryimage","url":"https:\/\/l21.mx\/wp-content\/uploads\/2018\/07\/emojis.jpg","contentUrl":"https:\/\/l21.mx\/wp-content\/uploads\/2018\/07\/emojis.jpg","width":560,"height":420},{"@type":"BreadcrumbList","@id":"https:\/\/l21.mx\/?p=32728#breadcrumb","itemListElement":[{"@type":"ListItem","position":1,"name":"Portada","item":"https:\/\/l21.mx\/"},{"@type":"ListItem","position":2,"name":"Dia internacional del emoji"}]},{"@type":"WebSite","@id":"https:\/\/l21.mx\/#website","url":"https:\/\/l21.mx\/","name":"Revista Latitud 21","description":"Emprendedores  y negocios en el Caribe Mexicano","publisher":{"@id":"https:\/\/l21.mx\/#organization"},"potentialAction":[{"@type":"SearchAction","target":{"@type":"EntryPoint","urlTemplate":"https:\/\/l21.mx\/?s={search_term_string}"},"query-input":{"@type":"PropertyValueSpecification","valueRequired":true,"valueName":"search_term_string"}}],"inLanguage":"es"},{"@type":"Organization","@id":"https:\/\/l21.mx\/#organization","name":"Grupo Editorial Latitud 21 SA de CV","url":"https:\/\/l21.mx\/","logo":{"@type":"ImageObject","inLanguage":"es","@id":"https:\/\/l21.mx\/#\/schema\/logo\/image\/","url":"https:\/\/l21.mx\/wp-content\/uploads\/2020\/10\/logo-l21-baja.jpg","contentUrl":"https:\/\/l21.mx\/wp-content\/uploads\/2020\/10\/logo-l21-baja.jpg","width":250,"height":250,"caption":"Grupo Editorial Latitud 21 SA de CV"},"image":{"@id":"https:\/\/l21.mx\/#\/schema\/logo\/image\/"},"sameAs":["https:\/\/www.facebook.com\/RevistaLatitud21\/","https:\/\/x.com\/Latitud21mx"]},{"@type":"Person","@id":"https:\/\/l21.mx\/#\/schema\/person\/066641669c6ee7227953da2a023ebcde","name":"Redacci\u00f3n","url":"https:\/\/l21.mx\/?author=69"}]}},"amp_enabled":true,"_links":{"self":[{"href":"https:\/\/l21.mx\/index.php?rest_route=\/wp\/v2\/posts\/32728","targetHints":{"allow":["GET"]}}],"collection":[{"href":"https:\/\/l21.mx\/index.php?rest_route=\/wp\/v2\/posts"}],"about":[{"href":"https:\/\/l21.mx\/index.php?rest_route=\/wp\/v2\/types\/post"}],"author":[{"embeddable":true,"href":"https:\/\/l21.mx\/index.php?rest_route=\/wp\/v2\/users\/69"}],"replies":[{"embeddable":true,"href":"https:\/\/l21.mx\/index.php?rest_route=%2Fwp%2Fv2%2Fcomments&post=32728"}],"version-history":[{"count":0,"href":"https:\/\/l21.mx\/index.php?rest_route=\/wp\/v2\/posts\/32728\/revisions"}],"wp:featuredmedia":[{"embeddable":true,"href":"https:\/\/l21.mx\/index.php?rest_route=\/wp\/v2\/media\/32729"}],"wp:attachment":[{"href":"https:\/\/l21.mx\/index.php?rest_route=%2Fwp%2Fv2%2Fmedia&parent=32728"}],"wp:term":[{"taxonomy":"category","embeddable":true,"href":"https:\/\/l21.mx\/index.php?rest_route=%2Fwp%2Fv2%2Fcategories&post=32728"},{"taxonomy":"post_tag","embeddable":true,"href":"https:\/\/l21.mx\/index.php?rest_route=%2Fwp%2Fv2%2Ftags&post=32728"}],"curies":[{"name":"wp","href":"https:\/\/api.w.org\/{rel}","templated":true}]}}