{"id":33069,"date":"2018-08-21T19:55:20","date_gmt":"2018-08-22T00:55:20","guid":{"rendered":"http:\/\/innovatori.space\/lat21\/?p=33069"},"modified":"2018-08-21T19:55:20","modified_gmt":"2018-08-22T00:55:20","slug":"saltan-contrastes-del-nuevo-aeropuerto-internacional-de-mexico","status":"publish","type":"post","link":"https:\/\/l21.mx\/?p=33069","title":{"rendered":"Saltan contrastes del Nuevo Aeropuerto Internacional de M\u00e9xico"},"content":{"rendered":"<div id=\"attachment_33070\" style=\"width: 670px\" class=\"wp-caption alignnone\"><a href=\"http:\/\/l21.mx\/wp-content\/uploads\/2018\/08\/Nuevo-Aeropuerto-Internacional-de-M\u00e9xico.jpg\" data-rel=\"penci-gallery-image-content\" ><img fetchpriority=\"high\" decoding=\"async\" aria-describedby=\"caption-attachment-33070\" class=\"wp-image-33070 size-full\" src=\"http:\/\/l21.mx\/wp-content\/uploads\/2018\/08\/Nuevo-Aeropuerto-Internacional-de-M\u00e9xico.jpg\" alt=\"\" width=\"660\" height=\"440\" srcset=\"https:\/\/l21.mx\/wp-content\/uploads\/2018\/08\/Nuevo-Aeropuerto-Internacional-de-M\u00e9xico.jpg 660w, https:\/\/l21.mx\/wp-content\/uploads\/2018\/08\/Nuevo-Aeropuerto-Internacional-de-M\u00e9xico-300x200.jpg 300w, https:\/\/l21.mx\/wp-content\/uploads\/2018\/08\/Nuevo-Aeropuerto-Internacional-de-M\u00e9xico-585x390.jpg 585w, https:\/\/l21.mx\/wp-content\/uploads\/2018\/08\/Nuevo-Aeropuerto-Internacional-de-M\u00e9xico-263x175.jpg 263w\" sizes=\"(max-width: 660px) 100vw, 660px\" \/><\/a><p id=\"caption-attachment-33070\" class=\"wp-caption-text\">Avances de la construcci\u00f3n del Nuevo Aeropuerto Internacional de M\u00e9xico. Foto: reforma.com<\/p><\/div>\n<p>&nbsp;<\/p>\n<p>En una constante de idas y venidas de temas relacionados con el Nuevo Aeropuerto Internacional de M\u00e9xico (NAIM), <strong>se tensan los acuerdos sobre el futuro inmediato de esta monumental construcci\u00f3n.<\/strong><\/p>\n<p><strong>De acuerdo a Javier Jimenez Espri\u00fa<\/strong> &#8211; postulado por AMLO para ocupar la Secretar\u00eda de Comunicaciones y Transportes-, <strong>el NAIM es viable<\/strong>\u00a0 por su proximidad con la capital, aun cuando solo se tiene el 31% de avance, ya se cuenta con un financiamiento del 75% de inversi\u00f3n total y del faltante se cubrir\u00eda con los ingresos del Aeropuerto Actual.<\/p>\n<p>En cuanto a temas de <a href=\"http:\/\/l21.mx\/reporte-de-sustentabilidad-importante-herramienta-de-comunicacion\/\">sustentabilidad<\/a>, el NAIM <strong>se convertir\u00eda en un aeropuerto con una huella de carbono neutra<\/strong>, con los materiales de construcci\u00f3n, el tratamiento de aguas, ahorro de energ\u00eda, paneles solares y reciclados de desechos; se busca la certificaci\u00f3n LEED Platino.<\/p>\n<p>Pero\u2026 s\u00ed, hay un <strong>pero, el costo est\u00e1 por las nubes<\/strong>: en 2014 presupuestaban 169 mil millones, a la fecha, sumando el retraso de casi 4 a\u00f1os en la obra y los costos de mantenimiento, la cifra casi se ha duplicado, ronda los 300 mil millones. Le sumamos en contra el <a href=\"http:\/\/l21.mx\/clausura-profepa-dos-proyectos-inmobiliarios-en-poligono-de-parque-nacional-tulum\/\">impacto ambiental<\/a> en la zona, que comprende la transformaci\u00f3n del fondo fangoso del Lago Nabor Carrillo, el desabasto de agua potable, el aumento de gases de efecto invernadero, el da\u00f1o a las aves migratorias de la zona y el efecto conocido como Isla de Calor al cambiar zonas ecol\u00f3gicas por una mega construcci\u00f3n.<\/p>\n","protected":false},"excerpt":{"rendered":"<p>&nbsp; En una constante de idas y venidas de temas relacionados con el Nuevo Aeropuerto Internacional&hellip;<\/p>\n","protected":false},"author":69,"featured_media":33070,"comment_status":"open","ping_status":"open","sticky":false,"template":"","format":"standard","meta":{"_acf_changed":false,"_lmt_disableupdate":"","_lmt_disable":"","_mbp_gutenberg_autopost":false,"footnotes":""},"categories":[4,23],"tags":[],"class_list":["post-33069","post","type-post","status-publish","format-standard","has-post-thumbnail","hentry","category-empresas-y-negocios","category-noticias"],"acf":[],"_links":{"self":[{"href":"https:\/\/l21.mx\/index.php?rest_route=\/wp\/v2\/posts\/33069","targetHints":{"allow":["GET"]}}],"collection":[{"href":"https:\/\/l21.mx\/index.php?rest_route=\/wp\/v2\/posts"}],"about":[{"href":"https:\/\/l21.mx\/index.php?rest_route=\/wp\/v2\/types\/post"}],"author":[{"embeddable":true,"href":"https:\/\/l21.mx\/index.php?rest_route=\/wp\/v2\/users\/69"}],"replies":[{"embeddable":true,"href":"https:\/\/l21.mx\/index.php?rest_route=%2Fwp%2Fv2%2Fcomments&post=33069"}],"version-history":[{"count":0,"href":"https:\/\/l21.mx\/index.php?rest_route=\/wp\/v2\/posts\/33069\/revisions"}],"wp:featuredmedia":[{"embeddable":true,"href":"https:\/\/l21.mx\/index.php?rest_route=\/wp\/v2\/media\/33070"}],"wp:attachment":[{"href":"https:\/\/l21.mx\/index.php?rest_route=%2Fwp%2Fv2%2Fmedia&parent=33069"}],"wp:term":[{"taxonomy":"category","embeddable":true,"href":"https:\/\/l21.mx\/index.php?rest_route=%2Fwp%2Fv2%2Fcategories&post=33069"},{"taxonomy":"post_tag","embeddable":true,"href":"https:\/\/l21.mx\/index.php?rest_route=%2Fwp%2Fv2%2Ftags&post=33069"}],"curies":[{"name":"wp","href":"https:\/\/api.w.org\/{rel}","templated":true}]}}