{"id":33076,"date":"2018-08-22T18:05:18","date_gmt":"2018-08-22T23:05:18","guid":{"rendered":"http:\/\/innovatori.space\/lat21\/?p=33076"},"modified":"2018-08-22T18:05:18","modified_gmt":"2018-08-22T23:05:18","slug":"llega-ikea-en-enero-a-mexico","status":"publish","type":"post","link":"https:\/\/l21.mx\/?p=33076","title":{"rendered":"Llega IKEA en Enero a M\u00e9xico"},"content":{"rendered":"<div id=\"attachment_33079\" style=\"width: 810px\" class=\"wp-caption alignnone\"><a href=\"http:\/\/l21.mx\/wp-content\/uploads\/2018\/08\/IKEA-VIETNAM-.jpg\" data-rel=\"penci-gallery-image-content\" ><img fetchpriority=\"high\" decoding=\"async\" aria-describedby=\"caption-attachment-33079\" class=\"size-full wp-image-33079\" src=\"http:\/\/l21.mx\/wp-content\/uploads\/2018\/08\/IKEA-VIETNAM-.jpg\" alt=\"\" width=\"800\" height=\"429\" srcset=\"https:\/\/l21.mx\/wp-content\/uploads\/2018\/08\/IKEA-VIETNAM-.jpg 800w, https:\/\/l21.mx\/wp-content\/uploads\/2018\/08\/IKEA-VIETNAM--300x161.jpg 300w, https:\/\/l21.mx\/wp-content\/uploads\/2018\/08\/IKEA-VIETNAM--768x412.jpg 768w, https:\/\/l21.mx\/wp-content\/uploads\/2018\/08\/IKEA-VIETNAM--585x314.jpg 585w\" sizes=\"(max-width: 800px) 100vw, 800px\" \/><\/a><p id=\"caption-attachment-33079\" class=\"wp-caption-text\">La multinacional firma IKEA, reafirma su inter\u00e9s hacia el mercado mexicano. Foto: The real Vietnam, Written by real people\u00a0<\/p><\/div>\n<p><strong>La empresa sueca est\u00e1 proceso de contrataci\u00f3n de personal\u00a0<\/strong>\u00a0para \u201cla primer tienda IKEA en M\u00e9xico\u201d las vacantes establecen que el trabajo ser\u00e1 en Guadalajara, Jalisco, de acuerdo al\u00a0<span class=\"Enhancement\"><span class=\"Enhancement-item\"><a class=\"Link\" href=\"https:\/\/en-global-jobs.about.ikea.com\/job\/mexico\/country-communication-and-interior-design-manager\/22908\/9014421\" target=\"_blank\" rel=\"noopener\" data-cms-ai=\"0\">anuncio de la compa\u00f1\u00eda.<\/a>\u00a0<\/span><\/span>Ikano, subsidiaria de IKEA, ha sido la elegida para llevar a cabo un estudio de mercado que analice la factibilidad de iniciar operaciones en M\u00e9xico.\u00a0<strong><span class=\"Enhancement\"><span class=\"Enhancement-item\">Se espera que esta sucursal abra sus puertas los primeros d\u00edas del 2019.<\/span><\/span><\/strong><\/p>\n<p>Tenemos una oficina en la Ciudad de M\u00e9xico desde abril de 2017 y estamos decididos a traer un poco de Suecia a M\u00e9xico, <strong>para aumentar el inter\u00e9s de muchos mexicanos en el hogar\u201d<\/strong>, afirman en la descripci\u00f3n del trabajo de .\u00a0Sin embargo, fue hasta este 21 de agosto que ya se pudieron ver indicios claros de que llegar\u00e1n a territorio mexicano, en datos de <a href=\"https:\/\/www.reforma.com\/aplicacioneslibre\/preacceso\/articulo\/default.aspx?id=1472210&amp;utm_source=tw&amp;utm_medium=@reformanegocios&amp;utm_campaign=pxtwitter&amp;urlredirect=https:\/\/www.reforma.com\/aplicaciones\/articulo\/default.aspx?id=1472210&amp;utm_source=Tw&amp;utm_medium=@reformanegocios&amp;utm_campaign=pxtwitter\" target=\"_blank\" rel=\"noopener\"><em>Reforma.<\/em><\/a><\/p>\n<p>Hoy en d\u00eda, IKEA representa la marca l\u00edder de muebles para el hogar,\u00a0<strong>ofrece una amplia gama de productos para el hogar, bien dise\u00f1ados y funcionales,<\/strong> a precios muy econ\u00f3micos, s<span class=\"Enhancement\"><span class=\"Enhancement-item\">us ventas en 2017 sumaron 38.3 millones de Euros\u00a0y sus tiendas fueron visitadas 936 millones de veces.\u00a0<\/span><\/span>Con m\u00e1s de 400 tiendas en 54 pa\u00edses alrededor del mundo emplea a mas de 154,000 colaboradores.<\/p>\n<p>El nombre IKEA proviene de las iniciales de Ingvar Kamprad (fundador y empresario), I y K, m\u00e1s las primeras letras de Elmtaryd y Agunnaryd, que son los nombres de la granja y el pueblo donde creci\u00f3, aqu\u00ed su historia de <a href=\"https:\/\/www.youtube.com\/watch?v=OqYGfcMaL48.\" target=\"_blank\" rel=\"noopener\">emprendurismo<\/a>.<\/p>\n<div id=\"attachment_33078\" style=\"width: 1034px\" class=\"wp-caption alignnone\"><a href=\"http:\/\/l21.mx\/wp-content\/uploads\/2018\/08\/IKEA-museum.jpg\" data-rel=\"penci-gallery-image-content\" ><img decoding=\"async\" aria-describedby=\"caption-attachment-33078\" class=\"size-large wp-image-33078\" src=\"http:\/\/l21.mx\/wp-content\/uploads\/2018\/08\/IKEA-museum-1024x467.jpg\" alt=\"\" width=\"1024\" height=\"467\" srcset=\"https:\/\/l21.mx\/wp-content\/uploads\/2018\/08\/IKEA-museum-1024x467.jpg 1024w, https:\/\/l21.mx\/wp-content\/uploads\/2018\/08\/IKEA-museum-300x137.jpg 300w, https:\/\/l21.mx\/wp-content\/uploads\/2018\/08\/IKEA-museum-768x350.jpg 768w, https:\/\/l21.mx\/wp-content\/uploads\/2018\/08\/IKEA-museum-1536x701.jpg 1536w, https:\/\/l21.mx\/wp-content\/uploads\/2018\/08\/IKEA-museum-1170x534.jpg 1170w, https:\/\/l21.mx\/wp-content\/uploads\/2018\/08\/IKEA-museum-585x267.jpg 585w, https:\/\/l21.mx\/wp-content\/uploads\/2018\/08\/IKEA-museum.jpg 1920w\" sizes=\"(max-width: 1024px) 100vw, 1024px\" \/><\/a><p id=\"caption-attachment-33078\" class=\"wp-caption-text\"><a href=\"https:\/\/ikeamuseum.com\/en\/museum-shop\/\" target=\"_blank\" rel=\"noopener\">IKEA Museum Shop<\/a><\/p><\/div>\n<p><strong>Para lo que queda de 2018, IKEA planea abrir otras 22 tiendas<\/strong>.Entre las plazas que planean abrir en Latinoam\u00e9rica se encuentra Chile, Colombia, y Per\u00fa, luego de que su primera tienda en la regi\u00f3n fue abierta en Rep\u00fablica Dominicana.<\/p>\n","protected":false},"excerpt":{"rendered":"<p>La empresa sueca est\u00e1 proceso de contrataci\u00f3n de personal\u00a0\u00a0para \u201cla primer tienda IKEA en M\u00e9xico\u201d las&hellip;<\/p>\n","protected":false},"author":69,"featured_media":33079,"comment_status":"open","ping_status":"open","sticky":false,"template":"","format":"standard","meta":{"_acf_changed":false,"_lmt_disableupdate":"","_lmt_disable":"","_mbp_gutenberg_autopost":false,"footnotes":""},"categories":[1],"tags":[],"class_list":["post-33076","post","type-post","status-publish","format-standard","has-post-thumbnail","hentry","category-sin-categoria"],"acf":[],"_links":{"self":[{"href":"https:\/\/l21.mx\/index.php?rest_route=\/wp\/v2\/posts\/33076","targetHints":{"allow":["GET"]}}],"collection":[{"href":"https:\/\/l21.mx\/index.php?rest_route=\/wp\/v2\/posts"}],"about":[{"href":"https:\/\/l21.mx\/index.php?rest_route=\/wp\/v2\/types\/post"}],"author":[{"embeddable":true,"href":"https:\/\/l21.mx\/index.php?rest_route=\/wp\/v2\/users\/69"}],"replies":[{"embeddable":true,"href":"https:\/\/l21.mx\/index.php?rest_route=%2Fwp%2Fv2%2Fcomments&post=33076"}],"version-history":[{"count":0,"href":"https:\/\/l21.mx\/index.php?rest_route=\/wp\/v2\/posts\/33076\/revisions"}],"wp:featuredmedia":[{"embeddable":true,"href":"https:\/\/l21.mx\/index.php?rest_route=\/wp\/v2\/media\/33079"}],"wp:attachment":[{"href":"https:\/\/l21.mx\/index.php?rest_route=%2Fwp%2Fv2%2Fmedia&parent=33076"}],"wp:term":[{"taxonomy":"category","embeddable":true,"href":"https:\/\/l21.mx\/index.php?rest_route=%2Fwp%2Fv2%2Fcategories&post=33076"},{"taxonomy":"post_tag","embeddable":true,"href":"https:\/\/l21.mx\/index.php?rest_route=%2Fwp%2Fv2%2Ftags&post=33076"}],"curies":[{"name":"wp","href":"https:\/\/api.w.org\/{rel}","templated":true}]}}