{"id":33126,"date":"2018-08-24T15:12:43","date_gmt":"2018-08-24T20:12:43","guid":{"rendered":"http:\/\/innovatori.space\/lat21\/?p=33126"},"modified":"2018-08-24T16:39:24","modified_gmt":"2018-08-24T21:39:24","slug":"busca-amlo-garantizar-que-tlc-no-vulnere-la-soberania-nacional","status":"publish","type":"post","link":"https:\/\/l21.mx\/?p=33126","title":{"rendered":"Busca AMLO garantizar que TLC no vulnere la soberan\u00eda nacional"},"content":{"rendered":"<div id=\"attachment_33131\" style=\"width: 736px\" class=\"wp-caption alignnone\"><a href=\"http:\/\/l21.mx\/wp-content\/uploads\/2018\/08\/TLC.jpg\" data-rel=\"penci-gallery-image-content\" ><img fetchpriority=\"high\" decoding=\"async\" aria-describedby=\"caption-attachment-33131\" class=\"size-full wp-image-33131\" src=\"http:\/\/l21.mx\/wp-content\/uploads\/2018\/08\/TLC.jpg\" alt=\"\" width=\"726\" height=\"409\" srcset=\"https:\/\/l21.mx\/wp-content\/uploads\/2018\/08\/TLC.jpg 726w, https:\/\/l21.mx\/wp-content\/uploads\/2018\/08\/TLC-300x169.jpg 300w, https:\/\/l21.mx\/wp-content\/uploads\/2018\/08\/TLC-585x330.jpg 585w\" sizes=\"(max-width: 726px) 100vw, 726px\" \/><\/a><p id=\"caption-attachment-33131\" class=\"wp-caption-text\">Jes\u00fas Seade Kuri e Ildefonso Guajardo Villareal, en Washington,D.C. Foto: Reforma.com<\/p><\/div>\n<p>Acerca de la negociaci\u00f3n del Tratado de Libre comercio de Am\u00e9rica del Norte (TLCAN), el <span style=\"color: #000000;\">presidente electo Andr\u00e9s Manuel L\u00f3pez Obrador, se ha mantenido algo reservado<\/span>, sin embargo, <b>en este tema del sector energ\u00e9tico, se subraya la misi\u00f3n de Jes\u00fas Seade <\/b>(el principal negociador comercial de AMLO), garantizar que\u00a0 la negociaci\u00f3n se ajuste a las normas constitucionales.<\/p>\n<p><strong>El gobierno entrante, desea evitar que un nuevo cap\u00edtulo sobre el financiamiento de la energ\u00eda se incluya en el tratado,<\/strong> una cosa que el actual gobierno y sus contrapartes estadounidenses y canadienses ya hab\u00edan acordado, seg\u00fan se\u00f1ala The Wall Street Journal (WSJ),<\/p>\n<p><span style=\"color: #333333;\">Al respecto, <strong>el mencionado cap\u00edtulo tiene que ver con la protecci\u00f3n a la inversi\u00f3n extranjera;<\/strong> el mecanismo permite a las empresas estadounidenses y canadienses realizar reclamos contra el gobierno mexicano y que sean tratados por un tribunal independiente y no solo en los tribunales mexicanos, hecho\u00a0que golpea la soberan\u00eda de M\u00e9xico y la capacidad para tomar decisiones sobre c\u00f3mo tratar a las compa\u00f1\u00edas que operan dentro de su territorio, lo que equipos negociadores de Canad\u00e1 y el actual de M\u00e9xico preferir\u00edan preservar.<\/span><\/p>\n<p>La fuente se\u00f1al\u00f3 que este tema ya est\u00e1 consignado en otros acuerdos como en el de Jap\u00f3n y en el Acuerdo de Asociaci\u00f3n Transpac\u00edfico; y que <strong>tendr\u00eda implicaciones negativas para el pa\u00eds y para el sector privado y las inversiones.\u00a0<\/strong><\/p>\n<p>\u201cEl Tema Es un sector importante para nosotros, pero lo que queremos es b\u00e1sicamente que la Constituci\u00f3n sea respetada.<strong> Tener claridad que todo en el acuerdo sea consistente, eso es todo\u201d, dijo Jes\u00fas Seade a periodistas<\/strong>.<\/p>\n<p>El Representante de Comercio de Estados Unidos,\u00a0Robert Lighthizer, advierte que <strong>esperan una sola posici\u00f3n por parte de M\u00e9xico<\/strong> para poder seguir negociando.<\/p>\n","protected":false},"excerpt":{"rendered":"<p>Acerca de la negociaci\u00f3n del Tratado de Libre comercio de Am\u00e9rica del Norte (TLCAN), el presidente&hellip;<\/p>\n","protected":false},"author":69,"featured_media":33131,"comment_status":"open","ping_status":"open","sticky":false,"template":"","format":"standard","meta":{"_acf_changed":false,"_lmt_disableupdate":"","_lmt_disable":"","_mbp_gutenberg_autopost":false,"footnotes":""},"categories":[23],"tags":[],"class_list":["post-33126","post","type-post","status-publish","format-standard","has-post-thumbnail","hentry","category-noticias"],"acf":[],"_links":{"self":[{"href":"https:\/\/l21.mx\/index.php?rest_route=\/wp\/v2\/posts\/33126","targetHints":{"allow":["GET"]}}],"collection":[{"href":"https:\/\/l21.mx\/index.php?rest_route=\/wp\/v2\/posts"}],"about":[{"href":"https:\/\/l21.mx\/index.php?rest_route=\/wp\/v2\/types\/post"}],"author":[{"embeddable":true,"href":"https:\/\/l21.mx\/index.php?rest_route=\/wp\/v2\/users\/69"}],"replies":[{"embeddable":true,"href":"https:\/\/l21.mx\/index.php?rest_route=%2Fwp%2Fv2%2Fcomments&post=33126"}],"version-history":[{"count":0,"href":"https:\/\/l21.mx\/index.php?rest_route=\/wp\/v2\/posts\/33126\/revisions"}],"wp:featuredmedia":[{"embeddable":true,"href":"https:\/\/l21.mx\/index.php?rest_route=\/wp\/v2\/media\/33131"}],"wp:attachment":[{"href":"https:\/\/l21.mx\/index.php?rest_route=%2Fwp%2Fv2%2Fmedia&parent=33126"}],"wp:term":[{"taxonomy":"category","embeddable":true,"href":"https:\/\/l21.mx\/index.php?rest_route=%2Fwp%2Fv2%2Fcategories&post=33126"},{"taxonomy":"post_tag","embeddable":true,"href":"https:\/\/l21.mx\/index.php?rest_route=%2Fwp%2Fv2%2Ftags&post=33126"}],"curies":[{"name":"wp","href":"https:\/\/api.w.org\/{rel}","templated":true}]}}