{"id":33152,"date":"2018-08-28T18:27:52","date_gmt":"2018-08-28T23:27:52","guid":{"rendered":"http:\/\/innovatori.space\/lat21\/?p=33152"},"modified":"2018-08-28T18:32:41","modified_gmt":"2018-08-28T23:32:41","slug":"una-mujer-al-frente-de-bmw-mexico","status":"publish","type":"post","link":"https:\/\/l21.mx\/?p=33152","title":{"rendered":"Una mujer al frente de BMW M\u00e9xico"},"content":{"rendered":"<div id=\"attachment_33153\" style=\"width: 460px\" class=\"wp-caption aligncenter\"><a href=\"http:\/\/l21.mx\/wp-content\/uploads\/2018\/08\/Maru-Escobedo-CEO-BMW-Group-M\u00e9xico.jpg\" data-rel=\"penci-gallery-image-content\" ><img fetchpriority=\"high\" decoding=\"async\" aria-describedby=\"caption-attachment-33153\" class=\"wp-image-33153 size-full\" src=\"http:\/\/l21.mx\/wp-content\/uploads\/2018\/08\/Maru-Escobedo-CEO-BMW-Group-M\u00e9xico.jpg\" alt=\"\" width=\"450\" height=\"675\" srcset=\"https:\/\/l21.mx\/wp-content\/uploads\/2018\/08\/Maru-Escobedo-CEO-BMW-Group-M\u00e9xico.jpg 450w, https:\/\/l21.mx\/wp-content\/uploads\/2018\/08\/Maru-Escobedo-CEO-BMW-Group-M\u00e9xico-200x300.jpg 200w\" sizes=\"(max-width: 450px) 100vw, 450px\" \/><\/a><p id=\"caption-attachment-33153\" class=\"wp-caption-text\">Maru Escobedo, es Licenciada en Econom\u00eda por la Universidad Iberoamericana en la Ciudad de M\u00e9xico, con una especialidad en Econom\u00eda para Mercados Importadores y Exportadores por el ITAM,\u00a0 y un diplomado en Mercadotecnia por el Instituto Tecnol\u00f3gico de Estudios Superiores de Monterrey.<\/p><\/div>\n<p style=\"text-align: left;\"><strong>\u00a0<b>Maru Escobedo<\/b>\u00a0se convirti\u00f3 en la primera mujer en ocupar la direcci\u00f3n general de la firma alemana\u00a0<b>BMW\u00a0 Group M\u00e9xico.<\/b>\u00a0<\/strong><\/p>\n<p>Con m\u00e1s de dos d\u00e9cadas de desempe\u00f1o en la empresa internacional fabricante de veh\u00edculos Premium para el mundo, <strong>Maru Escobedo\u00a0<\/strong><strong>sabe que enfrenta nuevos retos, entre ellos el avance en la penetraci\u00f3n de autos h\u00edbridos y el\u00e9ctricos en M\u00e9xico<\/strong>, meta inicial\u00a0que ya rebas\u00f3 y lo convirti\u00f3 en uno de los principales mercados para la marca de esas unidades.<\/p>\n<p><strong>Cuenta con una importante trayectoria en la organizaci\u00f3n<\/strong>, como Directora de MINI M\u00e9xico y hasta la fecha fungi\u00f3 como Directora de Ventas, Planeaci\u00f3n y Operaciones para BMW en M\u00e9xico y Mercados Importadores de Latinoam\u00e9rica.<\/p>\n<p style=\"text-align: center;\"><span style=\"color: #808080;\">La empresa puso especial inter\u00e9s en sus operaciones en M\u00e9xico,\u00a0<strong>se coloc\u00f3 en el primer lugar de ventas de veh\u00edculos en su segmento Premium<\/strong>\u00a0con 11,172 unidades comercializadas, lo que represent\u00f3 un crecimiento de 20.1% y una contribuci\u00f3n al crecimiento de la industria del 0.22 por ciento,\u00a0cuando Maru Escobedo se desempe\u00f1aba como directora de ventas de la marca en M\u00e9xico.<\/span><\/p>\n<p><strong>Se espera que en abril del 2019, de el banderazo de inicio en la producci\u00f3n de la primera fabrica de la marca, en San Luis Potos\u00ed.<\/strong>\u00a0Con\u00a0una inversi\u00f3n de alrededor de 1,000 millones de dolares en la planta, con capacidad de 150,000 veh\u00edculos premium al a\u00f1o, y dar\u00e1\u00a0empleo a 1,500 trabajadores.<\/p>\n<p>&nbsp;<\/p>\n","protected":false},"excerpt":{"rendered":"<p>\u00a0Maru Escobedo\u00a0se convirti\u00f3 en la primera mujer en ocupar la direcci\u00f3n general de la firma alemana\u00a0BMW\u00a0&hellip;<\/p>\n","protected":false},"author":69,"featured_media":33153,"comment_status":"open","ping_status":"open","sticky":false,"template":"","format":"standard","meta":{"_acf_changed":false,"_lmt_disableupdate":"","_lmt_disable":"","_mbp_gutenberg_autopost":false,"footnotes":""},"categories":[4,9,23],"tags":[],"class_list":["post-33152","post","type-post","status-publish","format-standard","has-post-thumbnail","hentry","category-empresas-y-negocios","category-nombramientos","category-noticias"],"acf":[],"_links":{"self":[{"href":"https:\/\/l21.mx\/index.php?rest_route=\/wp\/v2\/posts\/33152","targetHints":{"allow":["GET"]}}],"collection":[{"href":"https:\/\/l21.mx\/index.php?rest_route=\/wp\/v2\/posts"}],"about":[{"href":"https:\/\/l21.mx\/index.php?rest_route=\/wp\/v2\/types\/post"}],"author":[{"embeddable":true,"href":"https:\/\/l21.mx\/index.php?rest_route=\/wp\/v2\/users\/69"}],"replies":[{"embeddable":true,"href":"https:\/\/l21.mx\/index.php?rest_route=%2Fwp%2Fv2%2Fcomments&post=33152"}],"version-history":[{"count":0,"href":"https:\/\/l21.mx\/index.php?rest_route=\/wp\/v2\/posts\/33152\/revisions"}],"wp:featuredmedia":[{"embeddable":true,"href":"https:\/\/l21.mx\/index.php?rest_route=\/wp\/v2\/media\/33153"}],"wp:attachment":[{"href":"https:\/\/l21.mx\/index.php?rest_route=%2Fwp%2Fv2%2Fmedia&parent=33152"}],"wp:term":[{"taxonomy":"category","embeddable":true,"href":"https:\/\/l21.mx\/index.php?rest_route=%2Fwp%2Fv2%2Fcategories&post=33152"},{"taxonomy":"post_tag","embeddable":true,"href":"https:\/\/l21.mx\/index.php?rest_route=%2Fwp%2Fv2%2Ftags&post=33152"}],"curies":[{"name":"wp","href":"https:\/\/api.w.org\/{rel}","templated":true}]}}