{"id":33166,"date":"2018-08-28T19:22:23","date_gmt":"2018-08-29T00:22:23","guid":{"rendered":"http:\/\/innovatori.space\/lat21\/?p=33166"},"modified":"2018-08-28T19:23:07","modified_gmt":"2018-08-29T00:23:07","slug":"un-ciberataque-contra-del-banco-de-espana","status":"publish","type":"post","link":"https:\/\/l21.mx\/?p=33166","title":{"rendered":"Un ciberataque contra el Banco de Espa\u00f1a"},"content":{"rendered":"<div class=\"subtitle-items\">\n<div id=\"attachment_33167\" style=\"width: 610px\" class=\"wp-caption alignnone\"><a href=\"http:\/\/l21.mx\/wp-content\/uploads\/2018\/08\/BancodeEspa\u00f1a.jpg\" data-rel=\"penci-gallery-image-content\" ><img fetchpriority=\"high\" decoding=\"async\" aria-describedby=\"caption-attachment-33167\" class=\"size-full wp-image-33167\" src=\"http:\/\/l21.mx\/wp-content\/uploads\/2018\/08\/BancodeEspa\u00f1a.jpg\" alt=\"\" width=\"600\" height=\"330\" srcset=\"https:\/\/l21.mx\/wp-content\/uploads\/2018\/08\/BancodeEspa\u00f1a.jpg 600w, https:\/\/l21.mx\/wp-content\/uploads\/2018\/08\/BancodeEspa\u00f1a-300x165.jpg 300w, https:\/\/l21.mx\/wp-content\/uploads\/2018\/08\/BancodeEspa\u00f1a-585x322.jpg 585w\" sizes=\"(max-width: 600px) 100vw, 600px\" \/><\/a><p id=\"caption-attachment-33167\" class=\"wp-caption-text\">El Banco de Espa\u00f1a sufre un ciberataque que impide el acceso a su web desde servidores externos. Foto: Cambio16<\/p><\/div>\n<p class=\"summary-lead\"><strong>En cualquier caso, no se ha producido un robo de datos ni ning\u00fan otro servicio se ha visto afectado<\/strong><\/p>\n<\/div>\n<p>El Banco de Espa\u00f1a ha sufrido un ataque inform\u00e1tico que ha impedido el acceso a su p\u00e1gina web desde servidores externos desde este domingo, si bien no ha tenido m\u00e1s consecuencias, han informado a Europa Press desde el organismo.<\/p>\n<p><strong>Este tipo de ciberataque, denominado\u00a0ataque de denegaci\u00f3n de servicio (DoS, por sus siglas en ingl\u00e9s)<\/strong>, es sufrido por las webs de organismos p\u00fablicos con \u00abrelativa frecuencia\u00bb, aunque en esta ocasi\u00f3n ha sido \u00abbastante fuerte\u00bb, puesto que todav\u00eda no ha sido del todo solucionado a pesar de que el equipo t\u00e9cnico lleva en ello todo el d\u00eda.<\/p>\n<p>En cualquier caso, no se ha producido un robo de datos ni ning\u00fan otro servicio se ha visto afectado. <strong>\u00abNo ha tenido m\u00e1s consecuencias que impedir el acceso a la web\u00bb<\/strong>, han asegurado desde el Banco de Espa\u00f1a.<\/p>\n<p>Si bien el problema \u00abparece que empieza a solucionarse\u00bb, desde el organismo todav\u00eda no cuentan con una estimaci\u00f3n sobre cu\u00e1ndo estar\u00e1 completamente solventado.<\/p>\n<p><strong>La cuenta de Twitter\u00a0Anonymous Catalonia\u00a0public\u00f3 un mensaje en la tarde de ayer en el que comunicaba que la p\u00e1gina web del Banco de Espa\u00f1a hab\u00eda ca\u00eddo,<\/strong> unas l\u00edneas que acompa\u00f1aba del hashtag #OpCatalonia, utilizado en anteriores ocasiones en las que se han perpetrado ciberataques en esta l\u00ednea.<\/p>\n<p>As\u00ed, el pasado 20 de agosto el colectivo Anonymous intent\u00f3 hackear las webs del PSOE, la Polic\u00eda Nacional y el Tribunal Constitucional, lo que ocasion\u00f3 problemas a estos sitios en Internet,\u00a0<strong>aunque no afect\u00f3 a su funcionamiento interno<\/strong>.<\/p>\n<p>El pasado mes de octubre tambi\u00e9n reivindicaron el bloqueo de la web del\u00a0<strong>Tribunal Constitucional<\/strong>, que sufri\u00f3 durante horas un ataque masificado de denegaci\u00f3n de servicios.<\/p>\n<p><span style=\"color: #808080;\"><em>elmundo.es\u00a0<\/em><\/span><\/p>\n","protected":false},"excerpt":{"rendered":"<p>En cualquier caso, no se ha producido un robo de datos ni ning\u00fan otro servicio se&hellip;<\/p>\n","protected":false},"author":69,"featured_media":33167,"comment_status":"open","ping_status":"open","sticky":false,"template":"","format":"standard","meta":{"_acf_changed":false,"_lmt_disableupdate":"","_lmt_disable":"","_mbp_gutenberg_autopost":false,"footnotes":""},"categories":[4,23],"tags":[],"class_list":["post-33166","post","type-post","status-publish","format-standard","has-post-thumbnail","hentry","category-empresas-y-negocios","category-noticias"],"acf":[],"_links":{"self":[{"href":"https:\/\/l21.mx\/index.php?rest_route=\/wp\/v2\/posts\/33166","targetHints":{"allow":["GET"]}}],"collection":[{"href":"https:\/\/l21.mx\/index.php?rest_route=\/wp\/v2\/posts"}],"about":[{"href":"https:\/\/l21.mx\/index.php?rest_route=\/wp\/v2\/types\/post"}],"author":[{"embeddable":true,"href":"https:\/\/l21.mx\/index.php?rest_route=\/wp\/v2\/users\/69"}],"replies":[{"embeddable":true,"href":"https:\/\/l21.mx\/index.php?rest_route=%2Fwp%2Fv2%2Fcomments&post=33166"}],"version-history":[{"count":0,"href":"https:\/\/l21.mx\/index.php?rest_route=\/wp\/v2\/posts\/33166\/revisions"}],"wp:featuredmedia":[{"embeddable":true,"href":"https:\/\/l21.mx\/index.php?rest_route=\/wp\/v2\/media\/33167"}],"wp:attachment":[{"href":"https:\/\/l21.mx\/index.php?rest_route=%2Fwp%2Fv2%2Fmedia&parent=33166"}],"wp:term":[{"taxonomy":"category","embeddable":true,"href":"https:\/\/l21.mx\/index.php?rest_route=%2Fwp%2Fv2%2Fcategories&post=33166"},{"taxonomy":"post_tag","embeddable":true,"href":"https:\/\/l21.mx\/index.php?rest_route=%2Fwp%2Fv2%2Ftags&post=33166"}],"curies":[{"name":"wp","href":"https:\/\/api.w.org\/{rel}","templated":true}]}}