{"id":33189,"date":"2018-09-01T09:45:26","date_gmt":"2018-09-01T14:45:26","guid":{"rendered":"http:\/\/innovatori.space\/lat21\/?p=33189"},"modified":"2018-11-09T12:27:07","modified_gmt":"2018-11-09T17:27:07","slug":"ibeauty-cancun","status":"publish","type":"post","link":"https:\/\/l21.mx\/?p=33189","title":{"rendered":"\u2b06\u2b06 \u2022 SUBE \u2022 Ibeauty\u00a0 Canc\u00fan"},"content":{"rendered":"<p><img fetchpriority=\"high\" decoding=\"async\" class=\"alignleft wp-image-33192 size-large\" src=\"http:\/\/l21.mx\/wp-content\/uploads\/2018\/09\/Ibeauty-Canc\u00fan-1024x596.jpg\" alt=\"\" width=\"1024\" height=\"596\" srcset=\"https:\/\/l21.mx\/wp-content\/uploads\/2018\/09\/Ibeauty-Canc\u00fan-1024x596.jpg 1024w, https:\/\/l21.mx\/wp-content\/uploads\/2018\/09\/Ibeauty-Canc\u00fan-300x175.jpg 300w, https:\/\/l21.mx\/wp-content\/uploads\/2018\/09\/Ibeauty-Canc\u00fan-768x447.jpg 768w, https:\/\/l21.mx\/wp-content\/uploads\/2018\/09\/Ibeauty-Canc\u00fan-1170x682.jpg 1170w, https:\/\/l21.mx\/wp-content\/uploads\/2018\/09\/Ibeauty-Canc\u00fan-585x341.jpg 585w, https:\/\/l21.mx\/wp-content\/uploads\/2018\/09\/Ibeauty-Canc\u00fan.jpg 1200w\" sizes=\"(max-width: 1024px) 100vw, 1024px\" \/><\/p>\n<p>Con un concepto de <strong>alto nivel<\/strong> en servicios de belleza abri\u00f3 sus puertas en <strong>plaza Solare<\/strong> la est\u00e9tica<strong> Ibeauty Canc\u00fan<\/strong>, en donde ofrece a su clientela<span class=\"Apple-converted-space\">\u00a0 <\/span>m\u00faltiples servicios como masajes, esmaltados, faciales, extensi\u00f3n de pesta\u00f1as, etc. Superficie, 107 m2. Genera seis empleos directos y 10<span class=\"Apple-converted-space\">\u00a0 <\/span>indirectos. Plaza Solare planta baja local 103, Mza. 5, lote 2, SM 6. Canc\u00fan. Tel\u00e9fono: (998)415 18 56. Correo electr\u00f3nico: Ibeauty201800@gmail.com<span class=\"Apple-converted-space\">\u00a0 <\/span>Facebook: Ibeauty Canc\u00fan.<\/p>\n","protected":false},"excerpt":{"rendered":"<p>Con un concepto de alto nivel en servicios de belleza abri\u00f3 sus puertas en plaza Solare&hellip;<\/p>\n","protected":false},"author":69,"featured_media":33192,"comment_status":"open","ping_status":"open","sticky":false,"template":"","format":"standard","meta":{"_acf_changed":false,"_lmt_disableupdate":"","_lmt_disable":"","_mbp_gutenberg_autopost":false,"footnotes":""},"categories":[10],"tags":[],"class_list":["post-33189","post","type-post","status-publish","format-standard","has-post-thumbnail","hentry","category-sube-y-baja"],"acf":[],"_links":{"self":[{"href":"https:\/\/l21.mx\/index.php?rest_route=\/wp\/v2\/posts\/33189","targetHints":{"allow":["GET"]}}],"collection":[{"href":"https:\/\/l21.mx\/index.php?rest_route=\/wp\/v2\/posts"}],"about":[{"href":"https:\/\/l21.mx\/index.php?rest_route=\/wp\/v2\/types\/post"}],"author":[{"embeddable":true,"href":"https:\/\/l21.mx\/index.php?rest_route=\/wp\/v2\/users\/69"}],"replies":[{"embeddable":true,"href":"https:\/\/l21.mx\/index.php?rest_route=%2Fwp%2Fv2%2Fcomments&post=33189"}],"version-history":[{"count":0,"href":"https:\/\/l21.mx\/index.php?rest_route=\/wp\/v2\/posts\/33189\/revisions"}],"wp:featuredmedia":[{"embeddable":true,"href":"https:\/\/l21.mx\/index.php?rest_route=\/wp\/v2\/media\/33192"}],"wp:attachment":[{"href":"https:\/\/l21.mx\/index.php?rest_route=%2Fwp%2Fv2%2Fmedia&parent=33189"}],"wp:term":[{"taxonomy":"category","embeddable":true,"href":"https:\/\/l21.mx\/index.php?rest_route=%2Fwp%2Fv2%2Fcategories&post=33189"},{"taxonomy":"post_tag","embeddable":true,"href":"https:\/\/l21.mx\/index.php?rest_route=%2Fwp%2Fv2%2Ftags&post=33189"}],"curies":[{"name":"wp","href":"https:\/\/api.w.org\/{rel}","templated":true}]}}