{"id":33201,"date":"2018-08-30T18:40:00","date_gmt":"2018-08-30T23:40:00","guid":{"rendered":"http:\/\/innovatori.space\/lat21\/?p=33201"},"modified":"2018-08-30T18:40:00","modified_gmt":"2018-08-30T23:40:00","slug":"los-iphone-2018-seran-revelados-el-proximo-12-de-septiembre","status":"publish","type":"post","link":"https:\/\/l21.mx\/?p=33201","title":{"rendered":"Los iPhone 2018 ser\u00e1n revelados el pr\u00f3ximo 12 de septiembre"},"content":{"rendered":"<div id=\"attachment_33226\" style=\"width: 671px\" class=\"wp-caption alignleft\"><a href=\"http:\/\/l21.mx\/wp-content\/uploads\/2018\/08\/Keynote-Apple-Gather-round-.jpg\" data-rel=\"penci-gallery-image-content\" ><img fetchpriority=\"high\" decoding=\"async\" aria-describedby=\"caption-attachment-33226\" class=\"wp-image-33226 size-full\" src=\"http:\/\/l21.mx\/wp-content\/uploads\/2018\/08\/Keynote-Apple-Gather-round-.jpg\" alt=\"\" width=\"661\" height=\"740\" srcset=\"https:\/\/l21.mx\/wp-content\/uploads\/2018\/08\/Keynote-Apple-Gather-round-.jpg 661w, https:\/\/l21.mx\/wp-content\/uploads\/2018\/08\/Keynote-Apple-Gather-round--268x300.jpg 268w, https:\/\/l21.mx\/wp-content\/uploads\/2018\/08\/Keynote-Apple-Gather-round--585x655.jpg 585w\" sizes=\"(max-width: 661px) 100vw, 661px\" \/><\/a><p id=\"caption-attachment-33226\" class=\"wp-caption-text\">Apple suele presentar nuevos productos en septiembre de cara al \u00faltimo trimestre del a\u00f1o, que suele ser el m\u00e1s activo en t\u00e9rminos de ventas de productos tecnol\u00f3gicos para consumidores. Foto: Wccftech<\/p><\/div>\n<p><strong>Apple\u00a0ha enviado invitaciones a medios de comunicaci\u00f3n para su tradicional evento de lanzamiento <\/strong>de nuevos productos de inicios de oto\u00f1o. Este ser\u00e1 el pr\u00f3ximo\u00a0<strong>12 de septiembre<\/strong>\u00a0a las 10:00 hora local de Cupertino, California en el Teatro Steve Jobs que se encuentra dentro del nuevo Apple Park.\u00a0\u00abGather Round\u00bb, dijo la invitaci\u00f3n, probablemente refiri\u00e9ndose a la forma del nuevo campus.<\/p>\n<div id=\"attachment_33217\" style=\"width: 1034px\" class=\"wp-caption alignnone\"><a href=\"http:\/\/l21.mx\/wp-content\/uploads\/2018\/08\/iphones2018sep.jpg\" data-rel=\"penci-gallery-image-content\" ><img decoding=\"async\" aria-describedby=\"caption-attachment-33217\" class=\"wp-image-33217\" src=\"http:\/\/l21.mx\/wp-content\/uploads\/2018\/08\/iphones2018sep-1024x576.jpg\" alt=\"\" width=\"1024\" height=\"576\" srcset=\"https:\/\/l21.mx\/wp-content\/uploads\/2018\/08\/iphones2018sep-1024x576.jpg 1024w, https:\/\/l21.mx\/wp-content\/uploads\/2018\/08\/iphones2018sep-300x169.jpg 300w, https:\/\/l21.mx\/wp-content\/uploads\/2018\/08\/iphones2018sep-768x432.jpg 768w, https:\/\/l21.mx\/wp-content\/uploads\/2018\/08\/iphones2018sep-1536x864.jpg 1536w, https:\/\/l21.mx\/wp-content\/uploads\/2018\/08\/iphones2018sep-2048x1152.jpg 2048w, https:\/\/l21.mx\/wp-content\/uploads\/2018\/08\/iphones2018sep-1920x1080.jpg 1920w, https:\/\/l21.mx\/wp-content\/uploads\/2018\/08\/iphones2018sep-1170x658.jpg 1170w, https:\/\/l21.mx\/wp-content\/uploads\/2018\/08\/iphones2018sep-585x329.jpg 585w\" sizes=\"(max-width: 1024px) 100vw, 1024px\" \/><\/a><p id=\"caption-attachment-33217\" class=\"wp-caption-text\">El nuevo terminal ser\u00eda el m\u00e1s econ\u00f3mico de la gama y llegar\u00eda en varios colores. Foto: Hipertextual<\/p><\/div>\n<p>La compa\u00f1\u00eda dar\u00e1 a conocer su renovada estrategia de iPhone en el evento. <strong>Est\u00e1 planeado que lance tres nuevos modelos que se parecen al iPhone X<\/strong>, que incluyen una actualizaci\u00f3n del dispositivo insignia, un modelo pr\u00e9mium m\u00e1s grande y un modelo econ\u00f3mico que viene en diferentes colores.<\/p>\n<p>Los tres dispositivos tendr\u00e1n reconocimiento facial y pantallas de borde a borde como el iPhone X, pero los <strong>dos modelos pr\u00e9mium tendr\u00e1n pantallas OLED<\/strong>, mientras que el tel\u00e9fono m\u00e1s econ\u00f3mico usar\u00e1 tecnolog\u00eda LCD.<\/p>\n<p>El iPhone representa aproximadamente dos tercios de los ingresos de la compa\u00f1\u00eda, y sirve como un centro para Apple Watches, AirPods y otros servicios como la App Store y Apple Music, que generan la mayor\u00eda de las otras ventas de Apple.<\/p>\n<p><strong>El \u00faltimo trimestre, el iPhone gener\u00f3 casi 30 mil millones de d\u00f3lares en ventas<\/strong>. Apple recaudar\u00e1 m\u00e1s de 61 mil millones de d\u00f3lares en el trimestre que finaliza en septiembre, el periodo en el que es probable que salgan a la venta los nuevos iPhone.<\/p>\n<p>El jueves, Warren Buffett dijo que recientemente aument\u00f3 ligeramente su participaci\u00f3n en Apple, y agreg\u00f3 que el iPhone tiene \u00abun precio extremadamente bajo\u00bb por la utilidad que ofrece a los usuarios. Las acciones de Apple suben 2.24 por ciento a 227.97 d\u00f3lares este jueves Nueva York. Adem\u00e1s de los iPhone, <strong>Apple tambi\u00e9n est\u00e1 planeando nuevas Macs, Apple Watches y iPad Pros para debutar este a\u00f1o. <\/strong><\/p>\n<p>Cada vez que Apple presenta un nuevo modelo de Apple Watch, lo hace junto a un nuevo iPhone, mientras que las actualizaciones de Mac y iPad a veces se presentan por separado. <strong>Los nuevos modelos de Apple Watch incluir\u00e1n pantallas m\u00e1s grandes que cubren casi todo el frente del reloj. <\/strong><\/p>\n<p>El Apple Watch no es un generador de ingresos similar al iPhone, pero forma parte del creciente segmento de &#8216;Otros productos&#8217; de la compa\u00f1\u00eda. Esa divisi\u00f3n, que tambi\u00e9n incluye AirPods, Apple TV, HomePod, auriculares Beats y accesorios para iPad,<strong> gener\u00f3 ventas por 3 mil 700 millones de d\u00f3lares el \u00faltimo trimestre. <\/strong><\/p>\n<p><strong>Apple tambi\u00e9n est\u00e1 trabajando en dos nuevos modelos iPad Pro con reconocimiento facial<\/strong>, junto con una nueva computadora port\u00e1til MacBook de bajo costo y una computadora de escritorio Mac mini orientada a profesionales, inform\u00f3 Bloomberg News..<\/p>\n","protected":false},"excerpt":{"rendered":"<p>Apple\u00a0ha enviado invitaciones a medios de comunicaci\u00f3n para su tradicional evento de lanzamiento de nuevos productos&hellip;<\/p>\n","protected":false},"author":69,"featured_media":33226,"comment_status":"open","ping_status":"open","sticky":false,"template":"","format":"standard","meta":{"_acf_changed":false,"_lmt_disableupdate":"","_lmt_disable":"","_mbp_gutenberg_autopost":false,"footnotes":""},"categories":[4,23],"tags":[],"class_list":["post-33201","post","type-post","status-publish","format-standard","has-post-thumbnail","hentry","category-empresas-y-negocios","category-noticias"],"acf":[],"_links":{"self":[{"href":"https:\/\/l21.mx\/index.php?rest_route=\/wp\/v2\/posts\/33201","targetHints":{"allow":["GET"]}}],"collection":[{"href":"https:\/\/l21.mx\/index.php?rest_route=\/wp\/v2\/posts"}],"about":[{"href":"https:\/\/l21.mx\/index.php?rest_route=\/wp\/v2\/types\/post"}],"author":[{"embeddable":true,"href":"https:\/\/l21.mx\/index.php?rest_route=\/wp\/v2\/users\/69"}],"replies":[{"embeddable":true,"href":"https:\/\/l21.mx\/index.php?rest_route=%2Fwp%2Fv2%2Fcomments&post=33201"}],"version-history":[{"count":0,"href":"https:\/\/l21.mx\/index.php?rest_route=\/wp\/v2\/posts\/33201\/revisions"}],"wp:featuredmedia":[{"embeddable":true,"href":"https:\/\/l21.mx\/index.php?rest_route=\/wp\/v2\/media\/33226"}],"wp:attachment":[{"href":"https:\/\/l21.mx\/index.php?rest_route=%2Fwp%2Fv2%2Fmedia&parent=33201"}],"wp:term":[{"taxonomy":"category","embeddable":true,"href":"https:\/\/l21.mx\/index.php?rest_route=%2Fwp%2Fv2%2Fcategories&post=33201"},{"taxonomy":"post_tag","embeddable":true,"href":"https:\/\/l21.mx\/index.php?rest_route=%2Fwp%2Fv2%2Ftags&post=33201"}],"curies":[{"name":"wp","href":"https:\/\/api.w.org\/{rel}","templated":true}]}}