{"id":33233,"date":"2018-08-31T17:09:25","date_gmt":"2018-08-31T22:09:25","guid":{"rendered":"http:\/\/innovatori.space\/lat21\/?p=33233"},"modified":"2018-08-31T17:09:25","modified_gmt":"2018-08-31T22:09:25","slug":"holcim-mexico-incrementara-los-precios-de-sus-productos","status":"publish","type":"post","link":"https:\/\/l21.mx\/?p=33233","title":{"rendered":"Holcim M\u00e9xico incrementar\u00e1 los precios de sus productos"},"content":{"rendered":"<div id=\"attachment_33234\" style=\"width: 1034px\" class=\"wp-caption alignnone\"><a href=\"http:\/\/l21.mx\/wp-content\/uploads\/2018\/08\/Cementera-Holcim.jpg\" data-rel=\"penci-gallery-image-content\" ><img fetchpriority=\"high\" decoding=\"async\" aria-describedby=\"caption-attachment-33234\" class=\"size-large wp-image-33234\" src=\"http:\/\/l21.mx\/wp-content\/uploads\/2018\/08\/Cementera-Holcim-1024x570.jpg\" alt=\"\" width=\"1024\" height=\"570\" srcset=\"https:\/\/l21.mx\/wp-content\/uploads\/2018\/08\/Cementera-Holcim-1024x570.jpg 1024w, https:\/\/l21.mx\/wp-content\/uploads\/2018\/08\/Cementera-Holcim-300x167.jpg 300w, https:\/\/l21.mx\/wp-content\/uploads\/2018\/08\/Cementera-Holcim-768x428.jpg 768w, https:\/\/l21.mx\/wp-content\/uploads\/2018\/08\/Cementera-Holcim-1170x652.jpg 1170w, https:\/\/l21.mx\/wp-content\/uploads\/2018\/08\/Cementera-Holcim-585x326.jpg 585w, https:\/\/l21.mx\/wp-content\/uploads\/2018\/08\/Cementera-Holcim.jpg 1280w\" sizes=\"(max-width: 1024px) 100vw, 1024px\" \/><\/a><p id=\"caption-attachment-33234\" class=\"wp-caption-text\">Una empresa l\u00edder en M\u00e9xico, con una amplia presencia en todo el pa\u00eds. Foto:<\/p><\/div>\n<p>Holcim M\u00e9xico anunci\u00f3 que los precios de sus productos de cemento envasado se incrementar\u00e1n en 7.0% a partir del 1 de septiembre.<\/p>\n<p>Entre las razones que la compa\u00f1\u00eda cementera dio a sus\u00a0clientes y distribuidores en una carta enviada, est\u00e1n la alta volatilidad en el tipo de cambio, el\u00a0incremento en los insumos de transporte, como el di\u00e9sel &#8211; que ha repercutido en aumentos de transporte en 9.0%, acumulados hasta el mes de julio- y los aumentos en los precios de los energ\u00e9ticos, como los combustibles f\u00f3siles, de hasta 22.9 por ciento.<\/p>\n<p>La empresa\u00a0<strong>asegur\u00f3 haber implementado medidas de mitigaci\u00f3n<\/strong>, como mayores eficiencias en sus procesos, ahorros en costos y gastos para absorber parte de los efectos negativos en sus costos de producci\u00f3n y distribuci\u00f3n.<\/p>\n<p style=\"padding-left: 30px;\"><span style=\"color: #808080;\">Holcim M\u00e9xico produce y comercializa cemento, agregados (grava y arena), concreto premezclado y otros productos y servicios para la construcci\u00f3n. La empresa tiene presencia a nivel nacional a trav\u00e9s de 7 plantas de cemento con una capacidad instalada actual para producir 12.6 millones de toneladas anuales, 23 centros de distribuci\u00f3n de cemento, 1 terminal mar\u00edtima, 1 Oficina Corporativa, \u00a0m\u00e1s de 40 plantas de concreto premezclado, 7 plataformas y un centro de transferencia de Geocycle, 26 aliados comerciales con m\u00e1s de 90 plantas de concreto premezclado, m\u00e1s de 500 ollas revolvedoras y un Centro de Innovaci\u00f3n Tecnol\u00f3gica para la Construcci\u00f3n (CITEC).<\/span><\/p>\n<div id=\"attachment_33235\" style=\"width: 610px\" class=\"wp-caption alignleft\"><a href=\"http:\/\/l21.mx\/wp-content\/uploads\/2018\/08\/Holcim.jpg\" data-rel=\"penci-gallery-image-content\" ><img decoding=\"async\" aria-describedby=\"caption-attachment-33235\" class=\"wp-image-33235\" src=\"http:\/\/l21.mx\/wp-content\/uploads\/2018\/08\/Holcim-1024x499.jpg\" alt=\"\" width=\"600\" height=\"299\" \/><\/a><p id=\"caption-attachment-33235\" class=\"wp-caption-text\">Desde 1964, forman Holcim Group. Foto:Holcim<\/p><\/div>\n<p>&nbsp;<\/p>\n<p style=\"text-align: left; padding-left: 30px;\">\n","protected":false},"excerpt":{"rendered":"<p>Holcim M\u00e9xico anunci\u00f3 que los precios de sus productos de cemento envasado se incrementar\u00e1n en 7.0%&hellip;<\/p>\n","protected":false},"author":69,"featured_media":33235,"comment_status":"open","ping_status":"open","sticky":false,"template":"","format":"standard","meta":{"_acf_changed":false,"_lmt_disableupdate":"","_lmt_disable":"","_mbp_gutenberg_autopost":false,"footnotes":""},"categories":[4,23],"tags":[],"class_list":["post-33233","post","type-post","status-publish","format-standard","has-post-thumbnail","hentry","category-empresas-y-negocios","category-noticias"],"acf":[],"_links":{"self":[{"href":"https:\/\/l21.mx\/index.php?rest_route=\/wp\/v2\/posts\/33233","targetHints":{"allow":["GET"]}}],"collection":[{"href":"https:\/\/l21.mx\/index.php?rest_route=\/wp\/v2\/posts"}],"about":[{"href":"https:\/\/l21.mx\/index.php?rest_route=\/wp\/v2\/types\/post"}],"author":[{"embeddable":true,"href":"https:\/\/l21.mx\/index.php?rest_route=\/wp\/v2\/users\/69"}],"replies":[{"embeddable":true,"href":"https:\/\/l21.mx\/index.php?rest_route=%2Fwp%2Fv2%2Fcomments&post=33233"}],"version-history":[{"count":0,"href":"https:\/\/l21.mx\/index.php?rest_route=\/wp\/v2\/posts\/33233\/revisions"}],"wp:featuredmedia":[{"embeddable":true,"href":"https:\/\/l21.mx\/index.php?rest_route=\/wp\/v2\/media\/33235"}],"wp:attachment":[{"href":"https:\/\/l21.mx\/index.php?rest_route=%2Fwp%2Fv2%2Fmedia&parent=33233"}],"wp:term":[{"taxonomy":"category","embeddable":true,"href":"https:\/\/l21.mx\/index.php?rest_route=%2Fwp%2Fv2%2Fcategories&post=33233"},{"taxonomy":"post_tag","embeddable":true,"href":"https:\/\/l21.mx\/index.php?rest_route=%2Fwp%2Fv2%2Ftags&post=33233"}],"curies":[{"name":"wp","href":"https:\/\/api.w.org\/{rel}","templated":true}]}}