{"id":33281,"date":"2018-08-31T18:25:23","date_gmt":"2018-08-31T23:25:23","guid":{"rendered":"http:\/\/innovatori.space\/lat21\/?p=33281"},"modified":"2018-08-31T18:25:23","modified_gmt":"2018-08-31T23:25:23","slug":"apetito-de-inversionistas","status":"publish","type":"post","link":"https:\/\/l21.mx\/?p=33281","title":{"rendered":"Apetito de\u00a0inversionistas"},"content":{"rendered":"<p><img decoding=\"async\" class=\"alignleft size-medium wp-image-31851\" src=\"http:\/\/l21.mx\/wp-content\/uploads\/2018\/04\/colaboradores-cesar-mu\u00f1oz-300x150.jpg\" alt=\"\" width=\"300\" height=\"150\" srcset=\"https:\/\/l21.mx\/wp-content\/uploads\/2018\/04\/colaboradores-cesar-mu\u00f1oz-300x150.jpg 300w, https:\/\/l21.mx\/wp-content\/uploads\/2018\/04\/colaboradores-cesar-mu\u00f1oz-768x384.jpg 768w, https:\/\/l21.mx\/wp-content\/uploads\/2018\/04\/colaboradores-cesar-mu\u00f1oz-585x293.jpg 585w, https:\/\/l21.mx\/wp-content\/uploads\/2018\/04\/colaboradores-cesar-mu\u00f1oz.jpg 1000w\" sizes=\"(max-width: 300px) 100vw, 300px\" \/>Una vez pasado el periodo de incertidumbre generado por lo menos en el primer semestre de 2018 por el proceso electoral, la econom\u00eda del pa\u00eds retom\u00f3 su paso y los primeros reportes que se tienen con relaci\u00f3n a uno de sus indicadores relevantes como lo es la Inversi\u00f3n Extranjera Directa (IED),<span class=\"Apple-converted-space\">\u00a0 <\/span>son m\u00e1s que favorables: M\u00e9xico registr\u00f3 en este rubro su segundo incremento m\u00e1s alto en lo que va del sexenio del presidente <b>Enrique Pe\u00f1a Nieto<\/b>.<\/p>\n<p>As\u00ed, de enero a junio del presente a\u00f1o, M\u00e9xico capt\u00f3 17 mil 842.3 millones de d\u00f3lares de IED, 14% m\u00e1s con relaci\u00f3n al mismo periodo del a\u00f1o anterior.<span class=\"Apple-converted-space\">\u00a0<\/span><\/p>\n<p>De acuerdo con informaci\u00f3n publicada por el diario <i>El Economista<\/i>, en los \u00faltimos d\u00edas de julio, por tipo de inversi\u00f3n (origen del financiamiento), 58.1% fue a trav\u00e9s de reinversi\u00f3n de utilidades, 16.9% por nuevas inversiones y 25% por cuentas entre compa\u00f1\u00edas. Las manufacturas captaron 43.1% del total, seguidas por los servicios financieros, 19.4%; la energ\u00eda el\u00e9ctrica, agua y gas, 8.4%; el comercio, 8.2%; y la miner\u00eda, 6.3%. Los sectores restantes captaron 14.6%.<\/p>\n<p>Por pa\u00eds de origen -se\u00f1ala <i>El Economista<\/i>-, Estados Unidos aport\u00f3 39.1%. Le siguieron Espa\u00f1a, 15.4%; Alemania, 8.8%; Canad\u00e1, 7.1% y Jap\u00f3n, 5.9%. Otros pa\u00edses aportaron el 23.7% restante.<\/p>\n<p>En ese contexto, las multinacionales siguen refrendando su confianza en M\u00e9xico, y concretamente en el Caribe mexicano, en donde Marriott International tiene un plan de expansi\u00f3n para los pr\u00f3ximos cinco a\u00f1os, con ocho hoteles que sumar\u00e1 a los 81 existentes en territorio nacional.<\/p>\n<p>En entrevista, el presidente de Marriott International para el Caribe y Latinoam\u00e9rica, <b>Tim Sheldon<\/b>, detalla sus planes de crecimiento en la regi\u00f3n, y revela que de los siete proyectos que considera el consorcio abrir para este a\u00f1o, uno estar\u00e1 en el Caribe mexicano, bajo la marca Renaissance Canc\u00fan. Para los siguientes a\u00f1os, Marriott proyecta la construcci\u00f3n de hoteles tambi\u00e9n en Playa del Carmen, la Riviera Maya y Cozumel.<\/p>\n<p>Pero la zona del Caribe mexicano no solo representa oportunidades para la industria del hospedaje, tambi\u00e9n las hay para otros giros, como el tecnol\u00f3gico, en los que Quintana Roo comienza su despertar. Un grupo de inversionistas de Honduras impulsar\u00e1 la primera ciudad digital en la Riviera Maya, con una inversi\u00f3n de 500 millones de d\u00f3lares. Con esto se abre una gran puerta para las <i>startups<\/i>.<\/p>\n<p>Para los emprendedores que tengan un proyecto tecnol\u00f3gico, el reportaje de este mes les da luz sobre clubes de inversi\u00f3n y la creaci\u00f3n de barrios tecnol\u00f3gicos.<\/p>\n<p>El apetito por invertir en los diferentes destinos de Quintana Roo no tiene fin. Otra industria, la del entretenimiento, a trav\u00e9s de la extraordinaria magia del cine, respalda sus inversiones con la confianza que tiene en el estado.<\/p>\n<p>La cadena Cinemex ha puesto en marcha su nuevo complejo de salas pr\u00e9mium en Cozumel, con una inversi\u00f3n de 71 millones de pesos. Cinemex Punta Langosta est\u00e1 integrado por siete salas con un total de 580 butacas. Su ubicaci\u00f3n en la avenida Rafael E. Melgar, en pleno centro de la isla,<span class=\"Apple-converted-space\">\u00a0 <\/span>pondr\u00e1 al complejo en la mira de su ac\u00e9rrima competencia.<\/p>\n<p>En la parte de la responsabilidad social, Dolphin Discovery es el arquetipo de empresas que adem\u00e1s de generar negocio miran su entorno y responden con programas como \u2018Amar es educar\u2019, que promueve actitudes, motivaciones y competencias para contribuir al cuidado del medio ambiente, en colaboraci\u00f3n con expertos en la materia que laboran en esa compa\u00f1\u00eda.<\/p>\n<p>\u2018Amar es educar\u2019 es el mejor ejemplo de c\u00f3mo un programa conecta con colaboradores, clientes y la comunidad, a trav\u00e9s de pl\u00e1ticas educativas, comunicaci\u00f3n y difusi\u00f3n y pr\u00e1cticas de campo. Desde aqu\u00ed un sincero reconocimiento a los h\u00e9roes y hero\u00ednas an\u00f3nimas del corporativo que dan su talento y su tiempo para contribuir con un mejor entorno. <span class=\"Apple-converted-space\">\u00a0<\/span><\/p>\n<p><span class=\"Apple-converted-space\">\u00a0 \u00a0<\/span><\/p>\n","protected":false},"excerpt":{"rendered":"<p>Una vez pasado el periodo de incertidumbre generado por lo menos en el primer semestre de&hellip;<\/p>\n","protected":false},"author":2,"featured_media":0,"comment_status":"open","ping_status":"open","sticky":false,"template":"","format":"standard","meta":{"_acf_changed":false,"_lmt_disableupdate":"","_lmt_disable":"","_mbp_gutenberg_autopost":false,"footnotes":""},"categories":[343,20],"tags":[],"class_list":["post-33281","post","type-post","status-publish","format-standard","hentry","category-cesar-munoz","category-columnas"],"acf":[],"yoast_head":"<!-- This site is optimized with the Yoast SEO plugin v27.3 - https:\/\/yoast.com\/product\/yoast-seo-wordpress\/ -->\n<title>Apetito de\u00a0inversionistas | Revista Latitud 21<\/title>\n<meta name=\"description\" content=\"L21, Emprendedores y Negocios en el Caribe Mexicano, es la revista l\u00edder entre el Sector Empresarial y Tur\u00edstico del Caribe Mexicano.\" \/>\n<meta name=\"robots\" content=\"index, follow, max-snippet:-1, max-image-preview:large, max-video-preview:-1\" \/>\n<link rel=\"canonical\" href=\"https:\/\/l21.mx\/?p=33281\" \/>\n<meta name=\"twitter:card\" content=\"summary_large_image\" \/>\n<meta name=\"twitter:title\" content=\"Apetito de\u00a0inversionistas | Revista Latitud 21\" \/>\n<meta name=\"twitter:description\" content=\"L21, Emprendedores y Negocios en el Caribe Mexicano, es la revista l\u00edder entre el Sector Empresarial y Tur\u00edstico del Caribe Mexicano.\" \/>\n<meta name=\"twitter:creator\" content=\"@Latitud21mx\" \/>\n<meta name=\"twitter:site\" content=\"@Latitud21mx\" \/>\n<meta name=\"twitter:label1\" content=\"Escrito por\" \/>\n\t<meta name=\"twitter:data1\" content=\"Latitud21 Redacci\u00f3n\" \/>\n\t<meta name=\"twitter:label2\" content=\"Tiempo de lectura\" \/>\n\t<meta name=\"twitter:data2\" content=\"3 minutos\" \/>\n<script type=\"application\/ld+json\" class=\"yoast-schema-graph\">{\"@context\":\"https:\\\/\\\/schema.org\",\"@graph\":[{\"@type\":\"Article\",\"@id\":\"https:\\\/\\\/l21.mx\\\/?p=33281#article\",\"isPartOf\":{\"@id\":\"https:\\\/\\\/l21.mx\\\/?p=33281\"},\"author\":{\"name\":\"Latitud21 Redacci\u00f3n\",\"@id\":\"https:\\\/\\\/l21.mx\\\/#\\\/schema\\\/person\\\/4b571cc212089f95579f3b66253728f1\"},\"headline\":\"Apetito de\u00a0inversionistas\",\"datePublished\":\"2018-08-31T23:25:23+00:00\",\"mainEntityOfPage\":{\"@id\":\"https:\\\/\\\/l21.mx\\\/?p=33281\"},\"wordCount\":660,\"commentCount\":0,\"publisher\":{\"@id\":\"https:\\\/\\\/l21.mx\\\/#organization\"},\"articleSection\":[\"Cesar Mu\u00f1oz\",\"X Columnas\"],\"inLanguage\":\"es\",\"potentialAction\":[{\"@type\":\"CommentAction\",\"name\":\"Comment\",\"target\":[\"https:\\\/\\\/l21.mx\\\/?p=33281#respond\"]}]},{\"@type\":\"WebPage\",\"@id\":\"https:\\\/\\\/l21.mx\\\/?p=33281\",\"url\":\"https:\\\/\\\/l21.mx\\\/?p=33281\",\"name\":\"Apetito de\u00a0inversionistas | Revista Latitud 21\",\"isPartOf\":{\"@id\":\"https:\\\/\\\/l21.mx\\\/#website\"},\"datePublished\":\"2018-08-31T23:25:23+00:00\",\"description\":\"L21, Emprendedores y Negocios en el Caribe Mexicano, es la revista l\u00edder entre el Sector Empresarial y Tur\u00edstico del Caribe Mexicano.\",\"breadcrumb\":{\"@id\":\"https:\\\/\\\/l21.mx\\\/?p=33281#breadcrumb\"},\"inLanguage\":\"es\",\"potentialAction\":[{\"@type\":\"ReadAction\",\"target\":[\"https:\\\/\\\/l21.mx\\\/?p=33281\"]}]},{\"@type\":\"BreadcrumbList\",\"@id\":\"https:\\\/\\\/l21.mx\\\/?p=33281#breadcrumb\",\"itemListElement\":[{\"@type\":\"ListItem\",\"position\":1,\"name\":\"Portada\",\"item\":\"https:\\\/\\\/l21.mx\\\/\"},{\"@type\":\"ListItem\",\"position\":2,\"name\":\"Apetito de\u00a0inversionistas\"}]},{\"@type\":\"WebSite\",\"@id\":\"https:\\\/\\\/l21.mx\\\/#website\",\"url\":\"https:\\\/\\\/l21.mx\\\/\",\"name\":\"Revista Latitud 21\",\"description\":\"Emprendedores  y negocios en el Caribe Mexicano\",\"publisher\":{\"@id\":\"https:\\\/\\\/l21.mx\\\/#organization\"},\"potentialAction\":[{\"@type\":\"SearchAction\",\"target\":{\"@type\":\"EntryPoint\",\"urlTemplate\":\"https:\\\/\\\/l21.mx\\\/?s={search_term_string}\"},\"query-input\":{\"@type\":\"PropertyValueSpecification\",\"valueRequired\":true,\"valueName\":\"search_term_string\"}}],\"inLanguage\":\"es\"},{\"@type\":\"Organization\",\"@id\":\"https:\\\/\\\/l21.mx\\\/#organization\",\"name\":\"Grupo Editorial Latitud 21 SA de CV\",\"url\":\"https:\\\/\\\/l21.mx\\\/\",\"logo\":{\"@type\":\"ImageObject\",\"inLanguage\":\"es\",\"@id\":\"https:\\\/\\\/l21.mx\\\/#\\\/schema\\\/logo\\\/image\\\/\",\"url\":\"https:\\\/\\\/l21.mx\\\/wp-content\\\/uploads\\\/2020\\\/10\\\/logo-l21-baja.jpg\",\"contentUrl\":\"https:\\\/\\\/l21.mx\\\/wp-content\\\/uploads\\\/2020\\\/10\\\/logo-l21-baja.jpg\",\"width\":250,\"height\":250,\"caption\":\"Grupo Editorial Latitud 21 SA de CV\"},\"image\":{\"@id\":\"https:\\\/\\\/l21.mx\\\/#\\\/schema\\\/logo\\\/image\\\/\"},\"sameAs\":[\"https:\\\/\\\/www.facebook.com\\\/RevistaLatitud21\\\/\",\"https:\\\/\\\/x.com\\\/Latitud21mx\"]},{\"@type\":\"Person\",\"@id\":\"https:\\\/\\\/l21.mx\\\/#\\\/schema\\\/person\\\/4b571cc212089f95579f3b66253728f1\",\"name\":\"Latitud21 Redacci\u00f3n\",\"url\":\"https:\\\/\\\/l21.mx\\\/?author=2\"}]}<\/script>\n<!-- \/ Yoast SEO plugin. -->","yoast_head_json":{"title":"Apetito de\u00a0inversionistas | Revista Latitud 21","description":"L21, Emprendedores y Negocios en el Caribe Mexicano, es la revista l\u00edder entre el Sector Empresarial y Tur\u00edstico del Caribe Mexicano.","robots":{"index":"index","follow":"follow","max-snippet":"max-snippet:-1","max-image-preview":"max-image-preview:large","max-video-preview":"max-video-preview:-1"},"canonical":"https:\/\/l21.mx\/?p=33281","twitter_card":"summary_large_image","twitter_title":"Apetito de\u00a0inversionistas | Revista Latitud 21","twitter_description":"L21, Emprendedores y Negocios en el Caribe Mexicano, es la revista l\u00edder entre el Sector Empresarial y Tur\u00edstico del Caribe Mexicano.","twitter_creator":"@Latitud21mx","twitter_site":"@Latitud21mx","twitter_misc":{"Escrito por":"Latitud21 Redacci\u00f3n","Tiempo de lectura":"3 minutos"},"schema":{"@context":"https:\/\/schema.org","@graph":[{"@type":"Article","@id":"https:\/\/l21.mx\/?p=33281#article","isPartOf":{"@id":"https:\/\/l21.mx\/?p=33281"},"author":{"name":"Latitud21 Redacci\u00f3n","@id":"https:\/\/l21.mx\/#\/schema\/person\/4b571cc212089f95579f3b66253728f1"},"headline":"Apetito de\u00a0inversionistas","datePublished":"2018-08-31T23:25:23+00:00","mainEntityOfPage":{"@id":"https:\/\/l21.mx\/?p=33281"},"wordCount":660,"commentCount":0,"publisher":{"@id":"https:\/\/l21.mx\/#organization"},"articleSection":["Cesar Mu\u00f1oz","X Columnas"],"inLanguage":"es","potentialAction":[{"@type":"CommentAction","name":"Comment","target":["https:\/\/l21.mx\/?p=33281#respond"]}]},{"@type":"WebPage","@id":"https:\/\/l21.mx\/?p=33281","url":"https:\/\/l21.mx\/?p=33281","name":"Apetito de\u00a0inversionistas | Revista Latitud 21","isPartOf":{"@id":"https:\/\/l21.mx\/#website"},"datePublished":"2018-08-31T23:25:23+00:00","description":"L21, Emprendedores y Negocios en el Caribe Mexicano, es la revista l\u00edder entre el Sector Empresarial y Tur\u00edstico del Caribe Mexicano.","breadcrumb":{"@id":"https:\/\/l21.mx\/?p=33281#breadcrumb"},"inLanguage":"es","potentialAction":[{"@type":"ReadAction","target":["https:\/\/l21.mx\/?p=33281"]}]},{"@type":"BreadcrumbList","@id":"https:\/\/l21.mx\/?p=33281#breadcrumb","itemListElement":[{"@type":"ListItem","position":1,"name":"Portada","item":"https:\/\/l21.mx\/"},{"@type":"ListItem","position":2,"name":"Apetito de\u00a0inversionistas"}]},{"@type":"WebSite","@id":"https:\/\/l21.mx\/#website","url":"https:\/\/l21.mx\/","name":"Revista Latitud 21","description":"Emprendedores  y negocios en el Caribe Mexicano","publisher":{"@id":"https:\/\/l21.mx\/#organization"},"potentialAction":[{"@type":"SearchAction","target":{"@type":"EntryPoint","urlTemplate":"https:\/\/l21.mx\/?s={search_term_string}"},"query-input":{"@type":"PropertyValueSpecification","valueRequired":true,"valueName":"search_term_string"}}],"inLanguage":"es"},{"@type":"Organization","@id":"https:\/\/l21.mx\/#organization","name":"Grupo Editorial Latitud 21 SA de CV","url":"https:\/\/l21.mx\/","logo":{"@type":"ImageObject","inLanguage":"es","@id":"https:\/\/l21.mx\/#\/schema\/logo\/image\/","url":"https:\/\/l21.mx\/wp-content\/uploads\/2020\/10\/logo-l21-baja.jpg","contentUrl":"https:\/\/l21.mx\/wp-content\/uploads\/2020\/10\/logo-l21-baja.jpg","width":250,"height":250,"caption":"Grupo Editorial Latitud 21 SA de CV"},"image":{"@id":"https:\/\/l21.mx\/#\/schema\/logo\/image\/"},"sameAs":["https:\/\/www.facebook.com\/RevistaLatitud21\/","https:\/\/x.com\/Latitud21mx"]},{"@type":"Person","@id":"https:\/\/l21.mx\/#\/schema\/person\/4b571cc212089f95579f3b66253728f1","name":"Latitud21 Redacci\u00f3n","url":"https:\/\/l21.mx\/?author=2"}]}},"amp_enabled":true,"_links":{"self":[{"href":"https:\/\/l21.mx\/index.php?rest_route=\/wp\/v2\/posts\/33281","targetHints":{"allow":["GET"]}}],"collection":[{"href":"https:\/\/l21.mx\/index.php?rest_route=\/wp\/v2\/posts"}],"about":[{"href":"https:\/\/l21.mx\/index.php?rest_route=\/wp\/v2\/types\/post"}],"author":[{"embeddable":true,"href":"https:\/\/l21.mx\/index.php?rest_route=\/wp\/v2\/users\/2"}],"replies":[{"embeddable":true,"href":"https:\/\/l21.mx\/index.php?rest_route=%2Fwp%2Fv2%2Fcomments&post=33281"}],"version-history":[{"count":0,"href":"https:\/\/l21.mx\/index.php?rest_route=\/wp\/v2\/posts\/33281\/revisions"}],"wp:attachment":[{"href":"https:\/\/l21.mx\/index.php?rest_route=%2Fwp%2Fv2%2Fmedia&parent=33281"}],"wp:term":[{"taxonomy":"category","embeddable":true,"href":"https:\/\/l21.mx\/index.php?rest_route=%2Fwp%2Fv2%2Fcategories&post=33281"},{"taxonomy":"post_tag","embeddable":true,"href":"https:\/\/l21.mx\/index.php?rest_route=%2Fwp%2Fv2%2Ftags&post=33281"}],"curies":[{"name":"wp","href":"https:\/\/api.w.org\/{rel}","templated":true}]}}