{"id":33297,"date":"2018-08-31T18:56:33","date_gmt":"2018-08-31T23:56:33","guid":{"rendered":"http:\/\/innovatori.space\/lat21\/?p=33297"},"modified":"2018-08-31T18:56:40","modified_gmt":"2018-08-31T23:56:40","slug":"quien-es-tim-sheldon","status":"publish","type":"post","link":"https:\/\/l21.mx\/?p=33297","title":{"rendered":"Quien es TIM SHELDON"},"content":{"rendered":"<p><a href=\"http:\/\/l21.mx\/quien-es-tim-sheldon\/quien-es-tim-sheldon\/\" rel=\"attachment wp-att-33298\"><img fetchpriority=\"high\" decoding=\"async\" class=\"aligncenter size-large wp-image-33298\" src=\"http:\/\/l21.mx\/wp-content\/uploads\/2018\/08\/quien-es-tim-sheldon-1024x983.jpg\" alt=\"\" width=\"1024\" height=\"983\" srcset=\"https:\/\/l21.mx\/wp-content\/uploads\/2018\/08\/quien-es-tim-sheldon-1024x983.jpg 1024w, https:\/\/l21.mx\/wp-content\/uploads\/2018\/08\/quien-es-tim-sheldon-300x288.jpg 300w, https:\/\/l21.mx\/wp-content\/uploads\/2018\/08\/quien-es-tim-sheldon-768x737.jpg 768w, https:\/\/l21.mx\/wp-content\/uploads\/2018\/08\/quien-es-tim-sheldon-1170x1123.jpg 1170w, https:\/\/l21.mx\/wp-content\/uploads\/2018\/08\/quien-es-tim-sheldon-585x562.jpg 585w, https:\/\/l21.mx\/wp-content\/uploads\/2018\/08\/quien-es-tim-sheldon.jpg 1200w\" sizes=\"(max-width: 1024px) 100vw, 1024px\" \/><\/a><\/p>\n<p>Egresado de Concordia Lutheran College en Ann Arbor, Michigan, Tim Sheldon se uni\u00f3 en 1985 a Marriott y asumi\u00f3 diversas funciones, entre ellas director de marca, de operaciones regionales y gerente general de propiedades.<\/p>\n<p>Bajo su liderazgo, su gesti\u00f3n incluye el despliegue mundial de GuestVoice y <i>check-in<\/i> y <i>check-out <\/i>m\u00f3vil, incluyendo responsabilidades para el dise\u00f1o, desarrollo e implementaci\u00f3n de productos y servicios para todas las marcas de alojamiento en Marriott\u2019s Business Continents, entre ellas Alimentos y Bebidas, Experiencia en Habitaciones, Spa y Fitness, Retail e Ingenier\u00eda.<span class=\"Apple-converted-space\">\u00a0<\/span><\/p>\n<p>Adem\u00e1s, es responsable de los est\u00e1ndares de marca y las pol\u00edticas operativas, garant\u00eda de calidad, adquisiciones de operaciones y la Oficina de Administraci\u00f3n de Programas de Alojamiento.<span class=\"Apple-converted-space\">\u00a0<\/span><\/p>\n<p>Antes de ese cargo se desempe\u00f1\u00f3 como vicepresidente ejecutivo de Gesti\u00f3n de Marca Global y Operaciones de Alojamiento -marzo 2008-agosto 2009-, donde fue responsable del liderazgo estrat\u00e9gico de las marcas Marriott\u2019s Select Service y Extended Stay; adem\u00e1s fue responsable de la administraci\u00f3n de casi 500 hoteles Courtyard, Fairfield Inn, Residence Inn, SpringHill Suites y TownePlace Suites en Am\u00e9rica del Norte.<\/p>\n<p>De 2007 a 2008 se desempe\u00f1\u00f3 como vicepresidente senior de gesti\u00f3n de alojamiento y gerente de marca global de Select Service. Antes de este puesto, Sheldon fue vicepresidente senior y gerente de marca para el servicio selecto y cartera de estad\u00edas prolongadas.<span class=\"Apple-converted-space\">\u00a0<\/span><\/p>\n<p>En este cargo lider\u00f3 la entrada de Marriott en el espacio de estad\u00eda prolongada de nivel moderado con el desarrollo de la marca TownePlace Suites.<\/p>\n<p>Adem\u00e1s de encabezar la presidencia de Marriott International CALA, es responsable del liderazgo, las operaciones, el crecimiento y la administraci\u00f3n financiera de los hoteles de la regi\u00f3n.<span class=\"Apple-converted-space\">\u00a0<\/span><\/p>\n","protected":false},"excerpt":{"rendered":"<p>Egresado de Concordia Lutheran College en Ann Arbor, Michigan, Tim Sheldon se uni\u00f3 en 1985 a&hellip;<\/p>\n","protected":false},"author":2,"featured_media":33298,"comment_status":"open","ping_status":"open","sticky":false,"template":"","format":"standard","meta":{"_acf_changed":false,"_lmt_disableupdate":"","_lmt_disable":"","_mbp_gutenberg_autopost":false,"footnotes":""},"categories":[19],"tags":[],"class_list":["post-33297","post","type-post","status-publish","format-standard","has-post-thumbnail","hentry","category-portada"],"acf":[],"_links":{"self":[{"href":"https:\/\/l21.mx\/index.php?rest_route=\/wp\/v2\/posts\/33297","targetHints":{"allow":["GET"]}}],"collection":[{"href":"https:\/\/l21.mx\/index.php?rest_route=\/wp\/v2\/posts"}],"about":[{"href":"https:\/\/l21.mx\/index.php?rest_route=\/wp\/v2\/types\/post"}],"author":[{"embeddable":true,"href":"https:\/\/l21.mx\/index.php?rest_route=\/wp\/v2\/users\/2"}],"replies":[{"embeddable":true,"href":"https:\/\/l21.mx\/index.php?rest_route=%2Fwp%2Fv2%2Fcomments&post=33297"}],"version-history":[{"count":0,"href":"https:\/\/l21.mx\/index.php?rest_route=\/wp\/v2\/posts\/33297\/revisions"}],"wp:featuredmedia":[{"embeddable":true,"href":"https:\/\/l21.mx\/index.php?rest_route=\/wp\/v2\/media\/33298"}],"wp:attachment":[{"href":"https:\/\/l21.mx\/index.php?rest_route=%2Fwp%2Fv2%2Fmedia&parent=33297"}],"wp:term":[{"taxonomy":"category","embeddable":true,"href":"https:\/\/l21.mx\/index.php?rest_route=%2Fwp%2Fv2%2Fcategories&post=33297"},{"taxonomy":"post_tag","embeddable":true,"href":"https:\/\/l21.mx\/index.php?rest_route=%2Fwp%2Fv2%2Ftags&post=33297"}],"curies":[{"name":"wp","href":"https:\/\/api.w.org\/{rel}","templated":true}]}}