{"id":33563,"date":"2018-09-25T13:00:36","date_gmt":"2018-09-25T18:00:36","guid":{"rendered":"http:\/\/innovatori.space\/lat21\/?p=33563"},"modified":"2018-09-25T13:00:36","modified_gmt":"2018-09-25T18:00:36","slug":"michael-kors-adquiere-versace-por-2-mil-mdd","status":"publish","type":"post","link":"https:\/\/l21.mx\/?p=33563","title":{"rendered":"Michael Kors adquiere Versace por 2 mil mdd"},"content":{"rendered":"<hr \/>\n<h2>Con la compra de Versace\u00a0la casa de modas fundada por Gianni Versace, Michael Kors redobla su estrategia como un gigante mundial de la moda.<\/h2>\n<div id=\"attachment_33564\" style=\"width: 1034px\" class=\"wp-caption alignnone\"><a href=\"http:\/\/l21.mx\/wp-content\/uploads\/2018\/09\/MK-VERSACE.jpg\" data-rel=\"penci-gallery-image-content\" ><img fetchpriority=\"high\" decoding=\"async\" aria-describedby=\"caption-attachment-33564\" class=\"wp-image-33564 size-large\" src=\"http:\/\/l21.mx\/wp-content\/uploads\/2018\/09\/MK-VERSACE-1024x683.jpg\" alt=\"\" width=\"1024\" height=\"683\" srcset=\"https:\/\/l21.mx\/wp-content\/uploads\/2018\/09\/MK-VERSACE-1024x683.jpg 1024w, https:\/\/l21.mx\/wp-content\/uploads\/2018\/09\/MK-VERSACE-300x200.jpg 300w, https:\/\/l21.mx\/wp-content\/uploads\/2018\/09\/MK-VERSACE-768x512.jpg 768w, https:\/\/l21.mx\/wp-content\/uploads\/2018\/09\/MK-VERSACE-585x390.jpg 585w, https:\/\/l21.mx\/wp-content\/uploads\/2018\/09\/MK-VERSACE-263x175.jpg 263w, https:\/\/l21.mx\/wp-content\/uploads\/2018\/09\/MK-VERSACE.jpg 1080w\" sizes=\"(max-width: 1024px) 100vw, 1024px\" \/><\/a><p id=\"caption-attachment-33564\" class=\"wp-caption-text\">El grupo estadounidense habr\u00eda sellado un acuerdo con la ic\u00f3nica firma de moda italiana por 1,830 millones de euros. Foto: Robbreportm\u00e9xico<\/p><\/div>\n<p><strong>Michael Kors\u00a0<\/strong>anunci\u00f3 este martes la compra de la casa de modas italiana Gianni<strong>Versace\u00a0<\/strong>en una transacci\u00f3n de m\u00e1s de 2 mil millones de d\u00f3lares.<\/p>\n<p data-count=\"230\" data-wrap=\"38\">\u00abCreemos que la fortaleza de las marcas Michael Kors y Jimmy Choo, y la adquisici\u00f3n de Versace, <strong>nos posicionan para ofrecer m\u00faltiples a\u00f1os de crecimiento de ingresos y ganancias<\/strong>\u00ab, dijo John Idol, presidente y CEO de Michael Kors.<\/p>\n<p data-count=\"292\" data-wrap=\"48\">Como parte del acuerdo, <strong>Michael Kors acord\u00f3 comprar todas las acciones en circulaci\u00f3n de Versace<\/strong> por un valor empresarial total de 1,830 mil millones de euros (2 mil doscientos millones de d\u00f3lares), que se financiar\u00e1n en efectivo, deuda y acciones en Michael Kors, que pasar\u00e1 a llamarse\u00a0<strong>Capri.<\/strong><\/p>\n<p data-count=\"292\" data-wrap=\"48\">Tambi\u00e9n <strong>dio a conocer que planea aumentar las ventas globales de Versace a 2 mil millones de d\u00f3lares en todo el mundo<\/strong>, aumentar su presencia minorista en 300 tiendas de alrededor de 200 en la actualidad y acelerar su estrategia de comercio electr\u00f3nico. ademas de elevar la proporci\u00f3n de accesorios y calzado de mayor margen al 60 por ciento de las ventas desde el 35 por ciento.<\/p>\n<p data-count=\"208\" data-wrap=\"30\">Luego del acuerdo, el gerente general de Versace,\u00a0<strong>Jonathan Akeroyd,\u00a0permanecer\u00e1 al frente de la compa\u00f1\u00eda, mientras que Donatella Versace \u00abcontinuar\u00e1 liderando la visi\u00f3n creativa de la compa\u00f1\u00eda<\/strong>\u00ab, agreg\u00f3 Idol.<\/p>\n<p data-count=\"208\" data-wrap=\"30\">Actualmente la familia Versace posee el 80 por ciento de la casa de moda\u00a0<strong>a trav\u00e9s de un holding llamado\u00a0Givi, recibir\u00e1 150 millones de euros del precio de compra en acciones de Capri<\/strong>.\u00a0El otro 20 por ciento de Versace que compr\u00f3 la firma de capital privado estadounidense\u00a0Blackstone\u00a0en 2014, dejar\u00e1 por completo de su inversi\u00f3n en la empresa italiana<\/p>\n<div id=\"attachment_33566\" style=\"width: 1034px\" class=\"wp-caption alignnone\"><a href=\"http:\/\/l21.mx\/wp-content\/uploads\/2018\/09\/versace-2018.jpg\" data-rel=\"penci-gallery-image-content\" ><img decoding=\"async\" aria-describedby=\"caption-attachment-33566\" class=\"wp-image-33566 size-large\" src=\"http:\/\/l21.mx\/wp-content\/uploads\/2018\/09\/versace-2018-1024x683.jpg\" alt=\"\" width=\"1024\" height=\"683\" srcset=\"https:\/\/l21.mx\/wp-content\/uploads\/2018\/09\/versace-2018-1024x683.jpg 1024w, https:\/\/l21.mx\/wp-content\/uploads\/2018\/09\/versace-2018-300x200.jpg 300w, https:\/\/l21.mx\/wp-content\/uploads\/2018\/09\/versace-2018-768x512.jpg 768w, https:\/\/l21.mx\/wp-content\/uploads\/2018\/09\/versace-2018-1536x1025.jpg 1536w, https:\/\/l21.mx\/wp-content\/uploads\/2018\/09\/versace-2018-1920x1281.jpg 1920w, https:\/\/l21.mx\/wp-content\/uploads\/2018\/09\/versace-2018-1170x780.jpg 1170w, https:\/\/l21.mx\/wp-content\/uploads\/2018\/09\/versace-2018-585x390.jpg 585w, https:\/\/l21.mx\/wp-content\/uploads\/2018\/09\/versace-2018-263x175.jpg 263w, https:\/\/l21.mx\/wp-content\/uploads\/2018\/09\/versace-2018.jpg 2048w\" sizes=\"(max-width: 1024px) 100vw, 1024px\" \/><\/a><p id=\"caption-attachment-33566\" class=\"wp-caption-text\">\u00a0Versace RTW Spring 2018. Foto: wwd.com\u00a0<\/p><\/div>\n<p data-count=\"208\" data-wrap=\"30\"><span style=\"color: #333333;\"><strong>Versace reconocida como una de las empresas de moda de lujo m\u00e1s importantes del mundo,sin\u00f3nimo de glamour y estilo italiano.<\/strong><\/span><\/p>\n<p>De acuerdo a los documentos entregados a la C\u00e1mara de Comercio italiana, muestran que el a\u00f1o pasado, <strong>Versace registr\u00f3 ventas de 558 millones de euros y ganancias de 45 millones de euros.\u00a0<\/strong><\/p>\n<p data-count=\"279\" data-wrap=\"43\">La hermana del fallecido fundador de la compa\u00f1\u00eda, Donatella Versace quien es directora art\u00edstica y vicepresidenta del grupo con sede en Mil\u00e1n coment\u00f3, \u00ab<strong>Creemos que ser parte de este grupo es esencial para el \u00e9xito a largo plazo de Versace. Mi pasi\u00f3n nunca ha sido tan fuerte \u00ab.<\/strong><\/p>\n<p data-count=\"279\" data-wrap=\"43\">Se espera que el acuerdo se cierre en el cuarto trimestre fiscal, sujeto a aprobaciones regulatorias.<\/p>\n","protected":false},"excerpt":{"rendered":"<p>Con la compra de Versace\u00a0la casa de modas fundada por Gianni Versace, Michael Kors redobla su&hellip;<\/p>\n","protected":false},"author":69,"featured_media":33566,"comment_status":"open","ping_status":"open","sticky":false,"template":"","format":"standard","meta":{"_acf_changed":false,"_lmt_disableupdate":"","_lmt_disable":"","_mbp_gutenberg_autopost":false,"footnotes":""},"categories":[4,23],"tags":[],"class_list":["post-33563","post","type-post","status-publish","format-standard","has-post-thumbnail","hentry","category-empresas-y-negocios","category-noticias"],"acf":[],"_links":{"self":[{"href":"https:\/\/l21.mx\/index.php?rest_route=\/wp\/v2\/posts\/33563","targetHints":{"allow":["GET"]}}],"collection":[{"href":"https:\/\/l21.mx\/index.php?rest_route=\/wp\/v2\/posts"}],"about":[{"href":"https:\/\/l21.mx\/index.php?rest_route=\/wp\/v2\/types\/post"}],"author":[{"embeddable":true,"href":"https:\/\/l21.mx\/index.php?rest_route=\/wp\/v2\/users\/69"}],"replies":[{"embeddable":true,"href":"https:\/\/l21.mx\/index.php?rest_route=%2Fwp%2Fv2%2Fcomments&post=33563"}],"version-history":[{"count":0,"href":"https:\/\/l21.mx\/index.php?rest_route=\/wp\/v2\/posts\/33563\/revisions"}],"wp:featuredmedia":[{"embeddable":true,"href":"https:\/\/l21.mx\/index.php?rest_route=\/wp\/v2\/media\/33566"}],"wp:attachment":[{"href":"https:\/\/l21.mx\/index.php?rest_route=%2Fwp%2Fv2%2Fmedia&parent=33563"}],"wp:term":[{"taxonomy":"category","embeddable":true,"href":"https:\/\/l21.mx\/index.php?rest_route=%2Fwp%2Fv2%2Fcategories&post=33563"},{"taxonomy":"post_tag","embeddable":true,"href":"https:\/\/l21.mx\/index.php?rest_route=%2Fwp%2Fv2%2Ftags&post=33563"}],"curies":[{"name":"wp","href":"https:\/\/api.w.org\/{rel}","templated":true}]}}