{"id":33601,"date":"2018-10-01T09:10:14","date_gmt":"2018-10-01T14:10:14","guid":{"rendered":"http:\/\/innovatori.space\/lat21\/?p=33601"},"modified":"2018-11-09T12:25:53","modified_gmt":"2018-11-09T17:25:53","slug":"alice-in-dessertland","status":"publish","type":"post","link":"https:\/\/l21.mx\/?p=33601","title":{"rendered":"\u2b06\u2b06 \u2022 SUBE \u2022 Alice in\u00a0dessertland\u00a0"},"content":{"rendered":"<p><img fetchpriority=\"high\" decoding=\"async\" class=\"aligncenter size-full wp-image-33604\" src=\"http:\/\/l21.mx\/wp-content\/uploads\/2018\/10\/Alice-in-dessertland.jpg\" alt=\"\" width=\"991\" height=\"823\" srcset=\"https:\/\/l21.mx\/wp-content\/uploads\/2018\/10\/Alice-in-dessertland.jpg 991w, https:\/\/l21.mx\/wp-content\/uploads\/2018\/10\/Alice-in-dessertland-300x249.jpg 300w, https:\/\/l21.mx\/wp-content\/uploads\/2018\/10\/Alice-in-dessertland-768x638.jpg 768w, https:\/\/l21.mx\/wp-content\/uploads\/2018\/10\/Alice-in-dessertland-585x486.jpg 585w\" sizes=\"(max-width: 991px) 100vw, 991px\" \/><\/p>\n<p><strong>Con un concepto del cuento \u2018Alice in Wonderland\u2019<\/strong> inaugura su primera cafeter\u00eda en Canc\u00fan, <strong>donde brinda a sus comensales caf\u00e9 gourmet, bocadillos dulces y salados, adem\u00e1s de una infinidad de postres decorados creativamente con los personajes y detalles de esa historia<\/strong>. <strong>El lugar tiene capacidad para 25 comensale<\/strong>s. Superficie, 70 m<sup>2<\/sup>. Genera cinco empleos directos y ocho indirectos. Tel\u00e9fono: (998)361 50 42. Av. Xpuhil Sur, Mza. 2 lote 26, local D1, SM 19. Facebook: dessertlandcancun<span class=\"Apple-converted-space\">\u00a0<\/span><\/p>\n","protected":false},"excerpt":{"rendered":"<p>Con un concepto del cuento \u2018Alice in Wonderland\u2019 inaugura su primera cafeter\u00eda en Canc\u00fan, donde brinda&hellip;<\/p>\n","protected":false},"author":69,"featured_media":33604,"comment_status":"open","ping_status":"open","sticky":false,"template":"","format":"standard","meta":{"_acf_changed":false,"_lmt_disableupdate":"","_lmt_disable":"","_mbp_gutenberg_autopost":false,"footnotes":""},"categories":[10],"tags":[],"class_list":["post-33601","post","type-post","status-publish","format-standard","has-post-thumbnail","hentry","category-sube-y-baja"],"acf":[],"_links":{"self":[{"href":"https:\/\/l21.mx\/index.php?rest_route=\/wp\/v2\/posts\/33601","targetHints":{"allow":["GET"]}}],"collection":[{"href":"https:\/\/l21.mx\/index.php?rest_route=\/wp\/v2\/posts"}],"about":[{"href":"https:\/\/l21.mx\/index.php?rest_route=\/wp\/v2\/types\/post"}],"author":[{"embeddable":true,"href":"https:\/\/l21.mx\/index.php?rest_route=\/wp\/v2\/users\/69"}],"replies":[{"embeddable":true,"href":"https:\/\/l21.mx\/index.php?rest_route=%2Fwp%2Fv2%2Fcomments&post=33601"}],"version-history":[{"count":0,"href":"https:\/\/l21.mx\/index.php?rest_route=\/wp\/v2\/posts\/33601\/revisions"}],"wp:featuredmedia":[{"embeddable":true,"href":"https:\/\/l21.mx\/index.php?rest_route=\/wp\/v2\/media\/33604"}],"wp:attachment":[{"href":"https:\/\/l21.mx\/index.php?rest_route=%2Fwp%2Fv2%2Fmedia&parent=33601"}],"wp:term":[{"taxonomy":"category","embeddable":true,"href":"https:\/\/l21.mx\/index.php?rest_route=%2Fwp%2Fv2%2Fcategories&post=33601"},{"taxonomy":"post_tag","embeddable":true,"href":"https:\/\/l21.mx\/index.php?rest_route=%2Fwp%2Fv2%2Ftags&post=33601"}],"curies":[{"name":"wp","href":"https:\/\/api.w.org\/{rel}","templated":true}]}}