{"id":33717,"date":"2018-10-01T16:50:36","date_gmt":"2018-10-01T21:50:36","guid":{"rendered":"http:\/\/innovatori.space\/lat21\/?p=33717"},"modified":"2018-10-01T16:50:36","modified_gmt":"2018-10-01T21:50:36","slug":"encuesta-de-banxico-eleva-expectativas-de-inflacion-en-2018-y-2019","status":"publish","type":"post","link":"https:\/\/l21.mx\/?p=33717","title":{"rendered":"Encuesta de Banxico eleva expectativas de Inflaci\u00f3n en 2018 y 2019"},"content":{"rendered":"<div id=\"attachment_33718\" style=\"width: 1034px\" class=\"wp-caption alignnone\"><a href=\"http:\/\/l21.mx\/wp-content\/uploads\/2018\/10\/inflacion.jpg\" data-rel=\"penci-gallery-image-content\" ><img fetchpriority=\"high\" decoding=\"async\" aria-describedby=\"caption-attachment-33718\" class=\"size-large wp-image-33718\" src=\"http:\/\/l21.mx\/wp-content\/uploads\/2018\/10\/inflacion-1024x682.jpg\" alt=\"\" width=\"1024\" height=\"682\" srcset=\"https:\/\/l21.mx\/wp-content\/uploads\/2018\/10\/inflacion-1024x682.jpg 1024w, https:\/\/l21.mx\/wp-content\/uploads\/2018\/10\/inflacion-300x200.jpg 300w, https:\/\/l21.mx\/wp-content\/uploads\/2018\/10\/inflacion-768x512.jpg 768w, https:\/\/l21.mx\/wp-content\/uploads\/2018\/10\/inflacion-585x390.jpg 585w, https:\/\/l21.mx\/wp-content\/uploads\/2018\/10\/inflacion-263x175.jpg 263w, https:\/\/l21.mx\/wp-content\/uploads\/2018\/10\/inflacion.jpg 1120w\" sizes=\"(max-width: 1024px) 100vw, 1024px\" \/><\/a><p id=\"caption-attachment-33718\" class=\"wp-caption-text\">Para este a\u00f1o, modificaron sus previsiones de 4.41 a 4.56 por ciento, seg\u00fan los datos de la encuesta de septiembre. Foto: ElExpr\u00e9s<\/p><\/div>\n<p><strong style=\"color: #333333; font-style: normal;\">Sobre la\u00a0inflaci\u00f3n\u00a0para 2018 y 2019 publicada este lunes, de acuerdo con la \u00faltima encuesta del<\/strong><span style=\"color: #333333; font-style: normal; font-weight: 300;\">\u00a0<\/span><strong style=\"color: #333333; font-style: normal;\">Banco de M\u00e9xico (Banxico)<\/strong><span style=\"color: #333333; font-style: normal; font-weight: 300;\">, analistas privados incrementaron sus expectativas.<\/span><\/p>\n<p>Los analistas consultados por Banxico, tambi\u00e9n cambiaron sus pron\u00f3sticos respecto al cierre del tipo de cambio en las estimaciones para 2019, <strong>lo ubican en los 18.97 pesos, desde los 18.98 pesos estimados en el an\u00e1lisis anterior.<\/strong><\/p>\n<p data-count=\"189\" data-wrap=\"33\"><strong>Para este a\u00f1o, modificaron sus previsiones<\/strong> de 4.41 a 4.56 por ciento, seg\u00fan los datos de la encuesta de septiembre, mientras que para 2019, pas\u00f3 de 3.74 a 3.8 por ciento.<\/p>\n<p data-count=\"247\" data-wrap=\"42\"><strong>Respecto al\u00a0Producto Interno Bruto (PIB), tambi\u00e9n ajustaron su pronostico para este a\u00f1o<\/strong>, de 2.14 a 2.13 por ciento, mientras que para el a\u00f1o entrante, prev\u00e9n que sea de 2.16 desde el 2.17 por ciento estimado en agosto.<\/p>\n<p data-count=\"314\" data-wrap=\"54\">Seg\u00fan la media de las proyecciones de 35 firmas privadas locales y extranjeras recibidas entre el 24 y 27 de septiembre, <strong>los\u00a0especialistas consultados por el Banco Central aumentaron a 19.03 pesos por d\u00f3lar<\/strong> su pron\u00f3stico para el\u00a0tipo de cambio al cierre del a\u00f1o\u00a0desde los 18.92 pesos por d\u00f3lar del sondeo anterior.<\/p>\n<p data-count=\"314\" data-wrap=\"54\"><em><strong>EF<\/strong><\/em><\/p>\n<p>&nbsp;<\/p>\n","protected":false},"excerpt":{"rendered":"<p>Sobre la\u00a0inflaci\u00f3n\u00a0para 2018 y 2019 publicada este lunes, de acuerdo con la \u00faltima encuesta del\u00a0Banco de&hellip;<\/p>\n","protected":false},"author":69,"featured_media":33718,"comment_status":"open","ping_status":"open","sticky":false,"template":"","format":"standard","meta":{"_acf_changed":false,"_lmt_disableupdate":"","_lmt_disable":"","_mbp_gutenberg_autopost":false,"footnotes":""},"categories":[4,23],"tags":[],"class_list":["post-33717","post","type-post","status-publish","format-standard","has-post-thumbnail","hentry","category-empresas-y-negocios","category-noticias"],"acf":[],"_links":{"self":[{"href":"https:\/\/l21.mx\/index.php?rest_route=\/wp\/v2\/posts\/33717","targetHints":{"allow":["GET"]}}],"collection":[{"href":"https:\/\/l21.mx\/index.php?rest_route=\/wp\/v2\/posts"}],"about":[{"href":"https:\/\/l21.mx\/index.php?rest_route=\/wp\/v2\/types\/post"}],"author":[{"embeddable":true,"href":"https:\/\/l21.mx\/index.php?rest_route=\/wp\/v2\/users\/69"}],"replies":[{"embeddable":true,"href":"https:\/\/l21.mx\/index.php?rest_route=%2Fwp%2Fv2%2Fcomments&post=33717"}],"version-history":[{"count":0,"href":"https:\/\/l21.mx\/index.php?rest_route=\/wp\/v2\/posts\/33717\/revisions"}],"wp:featuredmedia":[{"embeddable":true,"href":"https:\/\/l21.mx\/index.php?rest_route=\/wp\/v2\/media\/33718"}],"wp:attachment":[{"href":"https:\/\/l21.mx\/index.php?rest_route=%2Fwp%2Fv2%2Fmedia&parent=33717"}],"wp:term":[{"taxonomy":"category","embeddable":true,"href":"https:\/\/l21.mx\/index.php?rest_route=%2Fwp%2Fv2%2Fcategories&post=33717"},{"taxonomy":"post_tag","embeddable":true,"href":"https:\/\/l21.mx\/index.php?rest_route=%2Fwp%2Fv2%2Ftags&post=33717"}],"curies":[{"name":"wp","href":"https:\/\/api.w.org\/{rel}","templated":true}]}}