{"id":33745,"date":"2018-10-03T11:14:33","date_gmt":"2018-10-03T16:14:33","guid":{"rendered":"http:\/\/innovatori.space\/lat21\/?p=33745"},"modified":"2018-10-03T11:14:33","modified_gmt":"2018-10-03T16:14:33","slug":"nombramientos-octubre-2018","status":"publish","type":"post","link":"https:\/\/l21.mx\/?p=33745","title":{"rendered":"Nombramientos Octubre 2018"},"content":{"rendered":"<p style=\"text-align: center;\"><img fetchpriority=\"high\" decoding=\"async\" class=\"aligncenter size-full wp-image-33753\" src=\"http:\/\/l21.mx\/wp-content\/uploads\/2018\/10\/mauricio-carreon_.jpg\" alt=\"\" width=\"413\" height=\"576\" srcset=\"https:\/\/l21.mx\/wp-content\/uploads\/2018\/10\/mauricio-carreon_.jpg 413w, https:\/\/l21.mx\/wp-content\/uploads\/2018\/10\/mauricio-carreon_-215x300.jpg 215w\" sizes=\"(max-width: 413px) 100vw, 413px\" \/>Asociaciones<\/p>\n<p style=\"text-align: center;\"><b>Mauricio\u00a0<\/b><b>Carre\u00f3n<span class=\"Apple-converted-space\">\u00a0<\/span><\/b><\/p>\n<ul>\n<li>es nombrado presidente de<span class=\"Apple-converted-space\">\u00a0<\/span>la Asociaci\u00f3n de Complejos<span class=\"Apple-converted-space\">\u00a0<\/span>Vacacionales y Tur\u00edsticos A.C<span class=\"Apple-converted-space\">\u00a0<\/span>(puesto de nueva creaci\u00f3n).<\/li>\n<li><b>Lugar de origen:<span class=\"Apple-converted-space\">\u00a0<\/span><\/b>Ciudad de M\u00e9xico.<\/li>\n<li><b>Arribo a Canc\u00fan:<span class=\"Apple-converted-space\">\u00a0<\/span><\/b>2014<span class=\"Apple-converted-space\">\u00a0<\/span><\/li>\n<li><b>Estudios:<\/b><span class=\"Apple-converted-space\">\u00a0<\/span>Licenciado en Hoteler\u00eda, Centro de Estudios Superiores de San \u00c1ngel.<\/li>\n<li><b>Desarrollo profesional:<span class=\"Apple-converted-space\">\u00a0<\/span><\/b>Fundador de Propiedades Vacacionales (Provac) de Grupo Posadas; director general comercial en Posadas.<\/li>\n<\/ul>\n<p style=\"text-align: center;\"><img decoding=\"async\" class=\"size-full wp-image-33746 aligncenter\" src=\"http:\/\/l21.mx\/wp-content\/uploads\/2018\/10\/rafael-andres-martinez.jpg\" alt=\"\" width=\"408\" height=\"588\" srcset=\"https:\/\/l21.mx\/wp-content\/uploads\/2018\/10\/rafael-andres-martinez.jpg 408w, https:\/\/l21.mx\/wp-content\/uploads\/2018\/10\/rafael-andres-martinez-208x300.jpg 208w\" sizes=\"(max-width: 408px) 100vw, 408px\" \/>Empresas<span class=\"Apple-converted-space\">\u00a0<\/span><\/p>\n<p style=\"text-align: center;\"><b>Rafael Andr\u00e9s<span class=\"Apple-converted-space\">\u00a0<\/span><\/b><b>Mart\u00ednez<\/b><span class=\"Apple-converted-space\">\u00a0<\/span><\/p>\n<ul>\n<li>es designado <i>senior vicepresident<span class=\"Apple-converted-space\">\u00a0<\/span><\/i><i>revenue management <\/i>en Best Day<span class=\"Apple-converted-space\">\u00a0<\/span>Travel Group (puesto de nueva creaci\u00f3n).<\/li>\n<li><b>Lugar de origen:<span class=\"Apple-converted-space\">\u00a0<\/span><\/b>Colombia.<span class=\"Apple-converted-space\">\u00a0<\/span><\/li>\n<li><b>Arribo a Canc\u00fan:<\/b><span class=\"Apple-converted-space\">\u00a0<\/span>2018<\/li>\n<li><b>Estudios:<\/b><span class=\"Apple-converted-space\">\u00a0<\/span>Ingeniero Industrial, Pontificia Universidad Javeriana de Colombia; maestr\u00eda en Administraci\u00f3n, Tulane University de New Orleans; especializaci\u00f3n en Investigaci\u00f3n de Mercados, Universidad de Los Andes.<\/li>\n<li><b>Desarrollo profesional:<span class=\"Apple-converted-space\">\u00a0<\/span><\/b>Aerol\u00edneas Argentinas, Copa Airlines, Agencia Mar\u00edtima Grancolombiana.<\/li>\n<\/ul>\n<p style=\"text-align: center;\"><img decoding=\"async\" class=\"aligncenter size-full wp-image-33747\" src=\"http:\/\/l21.mx\/wp-content\/uploads\/2018\/10\/bodgdanski.jpg\" alt=\"\" width=\"407\" height=\"590\" srcset=\"https:\/\/l21.mx\/wp-content\/uploads\/2018\/10\/bodgdanski.jpg 407w, https:\/\/l21.mx\/wp-content\/uploads\/2018\/10\/bodgdanski-207x300.jpg 207w\" sizes=\"(max-width: 407px) 100vw, 407px\" \/>Universidades<\/p>\n<p style=\"text-align: center;\"><b>Tomasz Andrzej Bogdanski<span class=\"Apple-converted-space\">\u00a0<\/span><\/b><\/p>\n<ul>\n<li>asume el cargo de vicerrector acad\u00e9mico de la Universidad An\u00e1huac Canc\u00fan (puesto de nueva creaci\u00f3n).<\/li>\n<li><b>Lugar de origen:<\/b><span class=\"Apple-converted-space\">\u00a0<\/span>Polonia.<\/li>\n<li><b>Arribo a Canc\u00fan:<\/b><span class=\"Apple-converted-space\">\u00a0<\/span>2018<\/li>\n<li><b>Estudios:<span class=\"Apple-converted-space\">\u00a0<\/span><\/b>Doctorado en Liderazgo y Direcci\u00f3n, Universidad An\u00e1huac M\u00e9xico Norte.<span class=\"Apple-converted-space\">\u00a0<\/span><\/li>\n<li><b>Desarrollo profesional:<\/b><span class=\"Apple-converted-space\">\u00a0<\/span>Universidad Interamericana para el Desarrollo (UNID), Colegio Interamericano de Guadalajara, Universidad An\u00e1huac Canc\u00fan. <span class=\"Apple-converted-space\">\u00a0<\/span><\/li>\n<\/ul>\n<p style=\"text-align: center;\"><img loading=\"lazy\" decoding=\"async\" class=\"aligncenter size-full wp-image-33748\" src=\"http:\/\/l21.mx\/wp-content\/uploads\/2018\/10\/carlos-eduardo-castro.jpg\" alt=\"\" width=\"408\" height=\"582\" srcset=\"https:\/\/l21.mx\/wp-content\/uploads\/2018\/10\/carlos-eduardo-castro.jpg 408w, https:\/\/l21.mx\/wp-content\/uploads\/2018\/10\/carlos-eduardo-castro-210x300.jpg 210w\" sizes=\"(max-width: 408px) 100vw, 408px\" \/>Empresas<\/p>\n<p style=\"text-align: center;\"><b>Carlos Eduardo Castro<\/b><span class=\"Apple-converted-space\">\u00a0<\/span><\/p>\n<ul>\n<li style=\"text-align: left;\">ocupa la direcci\u00f3n de<span class=\"Apple-converted-space\">\u00a0<\/span>Mercadotecnia de Grupo Anderson\u00b4s<span class=\"Apple-converted-space\">\u00a0<\/span>(puesto de nueva creaci\u00f3n).<\/li>\n<li style=\"text-align: left;\"><b>Lugar de origen:<span class=\"Apple-converted-space\">\u00a0<\/span><\/b>Hermosillo, Sonora.<\/li>\n<li style=\"text-align: left;\"><b>Arribo a Canc\u00fan:<span class=\"Apple-converted-space\">\u00a0<\/span><\/b>2018<\/li>\n<li style=\"text-align: left;\"><b>Estudios:<\/b><span class=\"Apple-converted-space\">\u00a0<\/span>Licenciado en Mercadotecnia, Universidad de Regina (Canad\u00e1); maestr\u00eda en Mercadotecnia Internacional, ITESM; doctorado en Educaci\u00f3n, Universidad de Baja California.<\/li>\n<li style=\"text-align: left;\"><b>Desarrollo profesional:<\/b><span class=\"Apple-converted-space\">\u00a0<\/span>Editorial Santillana M\u00e9xico, Tecnol\u00f3gico de Monterrey, Universidad TecMilenio.<\/li>\n<\/ul>\n<p style=\"text-align: center;\"><img loading=\"lazy\" decoding=\"async\" class=\"aligncenter size-full wp-image-33749\" src=\"http:\/\/l21.mx\/wp-content\/uploads\/2018\/10\/pablo-bonomi.jpg\" alt=\"\" width=\"410\" height=\"576\" srcset=\"https:\/\/l21.mx\/wp-content\/uploads\/2018\/10\/pablo-bonomi.jpg 410w, https:\/\/l21.mx\/wp-content\/uploads\/2018\/10\/pablo-bonomi-214x300.jpg 214w\" sizes=\"(max-width: 410px) 100vw, 410px\" \/>Cl\u00ednicas<\/p>\n<p style=\"text-align: center;\"><b>Pablo<span class=\"Apple-converted-space\">\u00a0<\/span><\/b><b>Bonomini<span class=\"Apple-converted-space\">\u00a0<\/span><\/b><\/p>\n<ul>\n<li>asume el cargo de Controller<span class=\"Apple-converted-space\">\u00a0<\/span>de Advanced Fertility Center Canc\u00fan (puesto de nueva creaci\u00f3n).<\/li>\n<li><b>Lugar de Origen:<span class=\"Apple-converted-space\">\u00a0<\/span><\/b>Buenos Aires, Argentina.<\/li>\n<li><b>Arribo a Canc\u00fan:<span class=\"Apple-converted-space\">\u00a0<\/span><\/b>2017<\/li>\n<li><b>Estudios:<\/b><span class=\"Apple-converted-space\">\u00a0<\/span>Licenciado en Administraci\u00f3n, Universidad de Belgrano, Buenos Aires.<\/li>\n<li><b>Desarrollo profesional:<span class=\"Apple-converted-space\">\u00a0<\/span><\/b>Telecom Argentina, DUS<span class=\"Apple-converted-space\">\u00a0<\/span>Emprendimientos.<\/li>\n<\/ul>\n<p style=\"text-align: center;\"><img loading=\"lazy\" decoding=\"async\" class=\"aligncenter size-full wp-image-33750\" src=\"http:\/\/l21.mx\/wp-content\/uploads\/2018\/10\/diego-sobrino.jpg\" alt=\"\" width=\"414\" height=\"580\" srcset=\"https:\/\/l21.mx\/wp-content\/uploads\/2018\/10\/diego-sobrino.jpg 414w, https:\/\/l21.mx\/wp-content\/uploads\/2018\/10\/diego-sobrino-214x300.jpg 214w\" sizes=\"(max-width: 414px) 100vw, 414px\" \/>Hoteles<\/p>\n<p style=\"text-align: center;\"><b>Diego<span class=\"Apple-converted-space\">\u00a0<\/span><\/b><b>Sobrino<\/b><span class=\"Apple-converted-space\">\u00a0<\/span><\/p>\n<ul>\n<li>ocupa el cargo de chef ejecutivo<span class=\"Apple-converted-space\">\u00a0<\/span>del hotel Fairmont Mayakoba<span class=\"Apple-converted-space\">\u00a0<\/span>en sustituci\u00f3n de Eric de Maeyer.<\/li>\n<li><b>Lugar de origen:<\/b><span class=\"Apple-converted-space\">\u00a0<\/span>Francia.<\/li>\n<li><b>Arribo a Canc\u00fan:<span class=\"Apple-converted-space\">\u00a0<\/span><\/b>2018<\/li>\n<li><b>Estudios:<span class=\"Apple-converted-space\">\u00a0<\/span><\/b>Licenciado en Gesti\u00f3n de Restaurantes, Instituto Paul Bocuse (Francia).<\/li>\n<li><b>Desarrollo profesional:<span class=\"Apple-converted-space\">\u00a0<\/span><\/b>Restaurante Michael Ronstag, Les Fables de la Fontaine, La banquetera francesa, Potel et Chabot, Mexsi Bocu.<\/li>\n<\/ul>\n<p style=\"text-align: center;\"><img loading=\"lazy\" decoding=\"async\" class=\"aligncenter size-full wp-image-33751\" src=\"http:\/\/l21.mx\/wp-content\/uploads\/2018\/10\/nora-blasco.jpg\" alt=\"\" width=\"411\" height=\"576\" srcset=\"https:\/\/l21.mx\/wp-content\/uploads\/2018\/10\/nora-blasco.jpg 411w, https:\/\/l21.mx\/wp-content\/uploads\/2018\/10\/nora-blasco-214x300.jpg 214w\" sizes=\"(max-width: 411px) 100vw, 411px\" \/>Empresas<span class=\"Apple-converted-space\">\u00a0<\/span><\/p>\n<p style=\"text-align: center;\"><b>Nora<span class=\"Apple-converted-space\">\u00a0<\/span><\/b><b>Blasco<span class=\"Apple-converted-space\">\u00a0<\/span><\/b><\/p>\n<ul>\n<li>es nombrada <i>corporate director service cente<\/i>r de Nexus Tours<span class=\"Apple-converted-space\">\u00a0<\/span>(puesto de nueva creaci\u00f3n).<\/li>\n<li><b>Lugar de origen:<\/b><span class=\"Apple-converted-space\">\u00a0<\/span>San Lorenzo del Escorial, Espa\u00f1a.<\/li>\n<li><b>Arribo a Canc\u00fan:<\/b><span class=\"Apple-converted-space\">\u00a0<\/span>2018<\/li>\n<li><b>Estudios:<span class=\"Apple-converted-space\">\u00a0<\/span><\/b>Licenciada en Turismo, Universidad Complutense, Madrid; maestr\u00eda en Administraci\u00f3n de Empresas, London School of Finance and Business, Londres.<\/li>\n<li><b>Desarrollo profesional:<span class=\"Apple-converted-space\">\u00a0<\/span><\/b>Miki Travel, Hotusa, Hotelbeds Group.<\/li>\n<\/ul>\n<p style=\"text-align: center;\"><img loading=\"lazy\" decoding=\"async\" class=\"aligncenter size-full wp-image-33752\" src=\"http:\/\/l21.mx\/wp-content\/uploads\/2018\/10\/jesus-vargas.jpg\" alt=\"\" width=\"414\" height=\"575\" srcset=\"https:\/\/l21.mx\/wp-content\/uploads\/2018\/10\/jesus-vargas.jpg 414w, https:\/\/l21.mx\/wp-content\/uploads\/2018\/10\/jesus-vargas-216x300.jpg 216w\" sizes=\"(max-width: 414px) 100vw, 414px\" \/>Empresas<\/p>\n<p style=\"text-align: center;\"><b>Jes\u00fas<span class=\"Apple-converted-space\">\u00a0<\/span><\/b><b>Vargas<span class=\"Apple-converted-space\">\u00a0<\/span><\/b><\/p>\n<ul>\n<li style=\"text-align: left;\">es designado director comercial<span class=\"Apple-converted-space\">\u00a0<\/span>de Gignet Solution<span class=\"Apple-converted-space\">\u00a0<\/span>(puesto de nueva creaci\u00f3n).<\/li>\n<li style=\"text-align: left;\"><b>Lugar de origen:<\/b><span class=\"Apple-converted-space\">\u00a0<\/span>Ciudad de M\u00e9xico.<\/li>\n<li style=\"text-align: left;\"><b>Arribo a Canc\u00fan:<\/b><span class=\"Apple-converted-space\">\u00a0<\/span>2018<\/li>\n<li style=\"text-align: left;\"><b>Estudios:<span class=\"Apple-converted-space\">\u00a0<\/span><\/b>Licenciado en Relaciones Internacionales, Instituto Tecnol\u00f3gico Aut\u00f3nomo de M\u00e9xico (ITAM); maestr\u00eda en Programa de Alta Direcci\u00f3n, Instituto Panamericano de Alta Direcci\u00f3n de Empresa (IPADE).<\/li>\n<li style=\"text-align: left;\"><b>Desarrollo profesional:<span class=\"Apple-converted-space\">\u00a0<\/span><\/b>Printaform, Aerom\u00e9xico.<\/li>\n<\/ul>\n","protected":false},"excerpt":{"rendered":"<p>Asociaciones Mauricio\u00a0Carre\u00f3n\u00a0 es nombrado presidente de\u00a0la Asociaci\u00f3n de Complejos\u00a0Vacacionales y Tur\u00edsticos A.C\u00a0(puesto de nueva creaci\u00f3n). Lugar&hellip;<\/p>\n","protected":false},"author":2,"featured_media":33754,"comment_status":"open","ping_status":"open","sticky":false,"template":"","format":"standard","meta":{"_acf_changed":false,"_lmt_disableupdate":"","_lmt_disable":"","_mbp_gutenberg_autopost":false,"footnotes":""},"categories":[9,23],"tags":[],"class_list":["post-33745","post","type-post","status-publish","format-standard","has-post-thumbnail","hentry","category-nombramientos","category-noticias"],"acf":[],"_links":{"self":[{"href":"https:\/\/l21.mx\/index.php?rest_route=\/wp\/v2\/posts\/33745","targetHints":{"allow":["GET"]}}],"collection":[{"href":"https:\/\/l21.mx\/index.php?rest_route=\/wp\/v2\/posts"}],"about":[{"href":"https:\/\/l21.mx\/index.php?rest_route=\/wp\/v2\/types\/post"}],"author":[{"embeddable":true,"href":"https:\/\/l21.mx\/index.php?rest_route=\/wp\/v2\/users\/2"}],"replies":[{"embeddable":true,"href":"https:\/\/l21.mx\/index.php?rest_route=%2Fwp%2Fv2%2Fcomments&post=33745"}],"version-history":[{"count":0,"href":"https:\/\/l21.mx\/index.php?rest_route=\/wp\/v2\/posts\/33745\/revisions"}],"wp:featuredmedia":[{"embeddable":true,"href":"https:\/\/l21.mx\/index.php?rest_route=\/wp\/v2\/media\/33754"}],"wp:attachment":[{"href":"https:\/\/l21.mx\/index.php?rest_route=%2Fwp%2Fv2%2Fmedia&parent=33745"}],"wp:term":[{"taxonomy":"category","embeddable":true,"href":"https:\/\/l21.mx\/index.php?rest_route=%2Fwp%2Fv2%2Fcategories&post=33745"},{"taxonomy":"post_tag","embeddable":true,"href":"https:\/\/l21.mx\/index.php?rest_route=%2Fwp%2Fv2%2Ftags&post=33745"}],"curies":[{"name":"wp","href":"https:\/\/api.w.org\/{rel}","templated":true}]}}