{"id":33757,"date":"2018-10-03T18:23:48","date_gmt":"2018-10-03T23:23:48","guid":{"rendered":"http:\/\/innovatori.space\/lat21\/?p=33757"},"modified":"2018-10-03T18:25:11","modified_gmt":"2018-10-03T23:25:11","slug":"la-energia-eolica-aportara-29000-mdd-al-pib-de-mexico","status":"publish","type":"post","link":"https:\/\/l21.mx\/?p=33757","title":{"rendered":"La energ\u00eda e\u00f3lica, aportar\u00e1 29,000 mdd al PIB de M\u00e9xico"},"content":{"rendered":"<p><em>La expectativa de la industria es de una generaci\u00f3n el\u00e9ctrica adicional por 32,000 MegaWatts (MW), de los cuales 70% vendr\u00e1n del sector solar\u00a0 y e\u00f3lico.<\/em><\/p>\n<div id=\"attachment_33759\" style=\"width: 1030px\" class=\"wp-caption alignnone\"><a href=\"http:\/\/l21.mx\/wp-content\/uploads\/2018\/10\/energia-eolica.jpg\" data-rel=\"penci-gallery-image-content\" ><img fetchpriority=\"high\" decoding=\"async\" aria-describedby=\"caption-attachment-33759\" class=\"size-full wp-image-33759\" src=\"http:\/\/l21.mx\/wp-content\/uploads\/2018\/10\/energia-eolica.jpg\" alt=\"\" width=\"1020\" height=\"360\" srcset=\"https:\/\/l21.mx\/wp-content\/uploads\/2018\/10\/energia-eolica.jpg 1020w, https:\/\/l21.mx\/wp-content\/uploads\/2018\/10\/energia-eolica-300x106.jpg 300w, https:\/\/l21.mx\/wp-content\/uploads\/2018\/10\/energia-eolica-768x271.jpg 768w, https:\/\/l21.mx\/wp-content\/uploads\/2018\/10\/energia-eolica-585x206.jpg 585w\" sizes=\"(max-width: 1020px) 100vw, 1020px\" \/><\/a><p id=\"caption-attachment-33759\" class=\"wp-caption-text\">La expectativa de la industria es de una generaci\u00f3n el\u00e9ctrica adicional por 32,000 MegaWatts (MW), de los cuales 70% vendr\u00e1n del sector solar\u00a0 y e\u00f3lico. Foto: AMDEE<\/p><\/div>\n<p><strong>La Comisi\u00f3n de Estudios del Sector Privado para el Desarrollo Sustentable<\/strong>, la Asociaci\u00f3n Mexicana de Energ\u00eda E\u00f3lica (AMDEE), Asolmex y la Iniciativa Clim\u00e1tica de M\u00e9xico, elabor\u00f3 un documento que prev\u00e9 una inversi\u00f3n total de al menos 60,000 mdd entre 2018 y 2031 -4,000 mdd por a\u00f1o-, los cuales representar\u00edan 67% de la capacidad adicional instalada.<\/p>\n<p><strong>La inversi\u00f3n en energ\u00eda solar y e\u00f3lica, aportar\u00e1 29,000 millones de d\u00f3lares (mdd) al Producto Interno Bruto (PIB) de M\u00e9xico<\/strong>, durante los pr\u00f3ximos 15 a\u00f1os, con la expectativa de la industria, de una generaci\u00f3n el\u00e9ctrica adicional por 32,000 MegaWatts (MW), de los cuales 70% vendr\u00e1n del sector solar\u00a0 y e\u00f3lico.<\/p>\n<p><strong>De acuerdo con estimaciones del Estudio de Energ\u00edas Limpias en M\u00e9xico 2018-2032, se generar\u00e1n m\u00e1s de 200,000 empleos directos e indirectos.<\/strong><\/p>\n<p><strong>El uso de tecnolog\u00edas limpias pretende mitigar el equivalente a la emisi\u00f3n de 54 millones de toneladas de di\u00f3xido de carbono<\/strong>, por debajo de la meta de 62 millones de toneladas. Uno de los escenarios del estudio respecto a techos solares, \u00a0pronostica una capacidad instalada de 6,000 MW, que equivaldr\u00edan a 4 millones de hogares o 600,000 negocios hacia 2024.<\/p>\n","protected":false},"excerpt":{"rendered":"<p>La expectativa de la industria es de una generaci\u00f3n el\u00e9ctrica adicional por 32,000 MegaWatts (MW), de&hellip;<\/p>\n","protected":false},"author":69,"featured_media":33759,"comment_status":"open","ping_status":"open","sticky":false,"template":"","format":"standard","meta":{"_acf_changed":false,"_lmt_disableupdate":"","_lmt_disable":"","_mbp_gutenberg_autopost":false,"footnotes":""},"categories":[4,23],"tags":[],"class_list":["post-33757","post","type-post","status-publish","format-standard","has-post-thumbnail","hentry","category-empresas-y-negocios","category-noticias"],"acf":[],"_links":{"self":[{"href":"https:\/\/l21.mx\/index.php?rest_route=\/wp\/v2\/posts\/33757","targetHints":{"allow":["GET"]}}],"collection":[{"href":"https:\/\/l21.mx\/index.php?rest_route=\/wp\/v2\/posts"}],"about":[{"href":"https:\/\/l21.mx\/index.php?rest_route=\/wp\/v2\/types\/post"}],"author":[{"embeddable":true,"href":"https:\/\/l21.mx\/index.php?rest_route=\/wp\/v2\/users\/69"}],"replies":[{"embeddable":true,"href":"https:\/\/l21.mx\/index.php?rest_route=%2Fwp%2Fv2%2Fcomments&post=33757"}],"version-history":[{"count":0,"href":"https:\/\/l21.mx\/index.php?rest_route=\/wp\/v2\/posts\/33757\/revisions"}],"wp:featuredmedia":[{"embeddable":true,"href":"https:\/\/l21.mx\/index.php?rest_route=\/wp\/v2\/media\/33759"}],"wp:attachment":[{"href":"https:\/\/l21.mx\/index.php?rest_route=%2Fwp%2Fv2%2Fmedia&parent=33757"}],"wp:term":[{"taxonomy":"category","embeddable":true,"href":"https:\/\/l21.mx\/index.php?rest_route=%2Fwp%2Fv2%2Fcategories&post=33757"},{"taxonomy":"post_tag","embeddable":true,"href":"https:\/\/l21.mx\/index.php?rest_route=%2Fwp%2Fv2%2Ftags&post=33757"}],"curies":[{"name":"wp","href":"https:\/\/api.w.org\/{rel}","templated":true}]}}