{"id":34029,"date":"2018-10-29T18:33:24","date_gmt":"2018-10-29T23:33:24","guid":{"rendered":"http:\/\/innovatori.space\/lat21\/?p=34029"},"modified":"2018-10-29T18:33:24","modified_gmt":"2018-10-29T23:33:24","slug":"120000-mdp-es-el-costo-de-la-cancelacion-del-naim-cce","status":"publish","type":"post","link":"https:\/\/l21.mx\/?p=34029","title":{"rendered":"120,000 mdp es el costo de la cancelaci\u00f3n del NAIM: CCE"},"content":{"rendered":"<div class=\"columns margin-b-0\"><strong><em>El presidente del Consejo, Juan Pablo Casta\u00f1\u00f3n, lamenta decisi\u00f3n de Andr\u00e9s Manuel L\u00f3pez Obrador de no continuar obras en Texcoco.<\/em><\/strong><\/div>\n<div class=\"columns margin-b-0\">\n<div id=\"attachment_34033\" style=\"width: 1034px\" class=\"wp-caption alignnone\"><a href=\"http:\/\/l21.mx\/wp-content\/uploads\/2018\/10\/CCE-LAMENTA-CANCELACION-NAIM.jpg\" data-rel=\"penci-gallery-image-content\" ><img fetchpriority=\"high\" decoding=\"async\" aria-describedby=\"caption-attachment-34033\" class=\"size-large wp-image-34033\" src=\"http:\/\/l21.mx\/wp-content\/uploads\/2018\/10\/CCE-LAMENTA-CANCELACION-NAIM-1024x577.jpg\" alt=\"\" width=\"1024\" height=\"577\" srcset=\"https:\/\/l21.mx\/wp-content\/uploads\/2018\/10\/CCE-LAMENTA-CANCELACION-NAIM-1024x577.jpg 1024w, https:\/\/l21.mx\/wp-content\/uploads\/2018\/10\/CCE-LAMENTA-CANCELACION-NAIM-300x169.jpg 300w, https:\/\/l21.mx\/wp-content\/uploads\/2018\/10\/CCE-LAMENTA-CANCELACION-NAIM-768x432.jpg 768w, https:\/\/l21.mx\/wp-content\/uploads\/2018\/10\/CCE-LAMENTA-CANCELACION-NAIM-1536x865.jpg 1536w, https:\/\/l21.mx\/wp-content\/uploads\/2018\/10\/CCE-LAMENTA-CANCELACION-NAIM-1170x659.jpg 1170w, https:\/\/l21.mx\/wp-content\/uploads\/2018\/10\/CCE-LAMENTA-CANCELACION-NAIM-585x329.jpg 585w, https:\/\/l21.mx\/wp-content\/uploads\/2018\/10\/CCE-LAMENTA-CANCELACION-NAIM.jpg 1776w\" sizes=\"(max-width: 1024px) 100vw, 1024px\" \/><\/a><p id=\"caption-attachment-34033\" class=\"wp-caption-text\">El presidente del Consejo, Juan Pablo Casta\u00f1\u00f3n, lamenta decisi\u00f3n de Andr\u00e9s Manuel L\u00f3pez Obrador de no continuar obras en Texcoco. Foto: elfinanciero<\/p><\/div>\n<p><strong><span class=\"f4_article-info__excerpt entry-summary\">La cancelaci\u00f3n del nuevo aeropuerto de Texcoco podr\u00eda tener un costo de entre 100 y 120,000 millones de pesos, comparti\u00f3 Juan Pablo Casta\u00f1\u00f3n, presidente del Consejo Coordinador Empresarial (CCE).<\/span><\/strong><\/div>\n<p dir=\"ltr\"><strong>Luego de que el presidente electo, Andr\u00e9s Manuel L\u00f3pez Obrador, anunciara que se cancelar\u00e1 la construcci\u00f3n del Nuevo Aeropuerto Internacional de M\u00e9xico (NAIM) en Texcoco<\/strong>,\u00a0 Juan Pablo Casta\u00f1\u00f3n asegur\u00f3 que el\u00a0cancelar las obras en Texcoco\u00a0manda un mensaje de incertidumbre al mundo con respecto a los compromisos del Estado mexicano para el cumplimiento de una obra transexenal y de proyectos a largo plazo.<\/p>\n<p>La decisi\u00f3n de cancelar la obra y construir dos pistas en Santa Luc\u00eda env\u00eda un mensaje grave de incertidumbre; <strong>el mensaje es que no hay confianza de que los contratos firmados se cumplan y que los planes transexenales puedan ser terminados<\/strong>\u201d, asever\u00f3.<\/p>\n<p>El empresario se\u00f1al\u00f3 que si bien el costo real de\u00a0<strong>cancelar el Nuevo Aeropuerto ser\u00e1 entre 100 y 120 mil millones de pesos\u00a0con costo al patrimonio de la naci\u00f3n,<\/strong> debe considerarse el dinero invertido en Texcoco que podr\u00eda \u201cirse a la basura\u201d, as\u00ed como las obras en Santa Luc\u00eda. Todo ello saldr\u00eda m\u00e1s caro que continuar con las obras.<\/p>\n<p><strong>El representante del CCE, alert\u00f3 que la decisi\u00f3n de L\u00f3pez Obrador puede tener consecuencias negativas para el pa\u00eds<\/strong> como ya se refleja en la depreciaci\u00f3n del peso y la ca\u00edda de la Bolsa Mexicana de Valores.Y es que desde que ayer se anunci\u00f3 el resultado de la encuesta ciudadana sobre el NAIM, el peso ha perdido terrenos frente al d\u00f3lar, adem\u00e1s, los bonos verdes que financian el proyecto cayeron 5 por ciento y la BMV ha mostrado una ca\u00edda de m\u00e1s de 2 por ciento en apertura.<\/p>\n<p><strong>Adem\u00e1s, dijo que puede haber desconfianza por parte de los inversionistas nacionales y extranjeros<\/strong> para el impulso de proyectos como el Tren Maya, el cual ha sido planteado por el presidente electo:\u00a0\u00ab<strong>la cancelaci\u00f3n del NAIM tendr\u00e1 implicaciones jur\u00eddicas y financieras con acreedores y contratistas y\u00a0riesgos reputacionales en prejuicio de M\u00e9xico\u00a0y proyectos que requieren inversiones nacional e internacional como el Tren Maya\u201d.<\/strong><\/p>\n<p dir=\"ltr\"><span style=\"color: #333333; font-style: normal; font-weight: 300;\">En la <a href=\"http:\/\/l21.mx\/manana-jueves-inicia-la-consulta-nacional-sobre-el-nuevo-aeropuerto\/\">consulta ciudadana<\/a>\u00a0se resolvi\u00f3 que se reacondicionar\u00e1 el aeropuerto de la Ciudad de M\u00e9xico y el de Toluca, as\u00ed como edificar dos pistas en la base a\u00e9rea de Santa Luc\u00eda, en lugar de continuar con la construcci\u00f3n en Texcoco.<\/span><\/p>\n<p dir=\"ltr\">A\u00f1adi\u00f3 que \u201cNo es canjeable una obra por otra. Una obra nueva significa una licitaci\u00f3n nueva\u2026 <strong>Tambi\u00e9n hay que liquidar los bonos de la gente que invirti\u00f3<\/strong>, no s\u00f3lo son los contratos, sino que hay gente que invirti\u00f3 y se le garantiz\u00f3 un rendimiento\u201d.<\/p>\n<p dir=\"ltr\">El ejecutivo agreg\u00f3 que <strong>la barra de abogados realizar\u00e1 un an\u00e1lisis<\/strong> sobre las repercusiones legales ante los acuerdos comerciales.<\/p>\n","protected":false},"excerpt":{"rendered":"<p>El presidente del Consejo, Juan Pablo Casta\u00f1\u00f3n, lamenta decisi\u00f3n de Andr\u00e9s Manuel L\u00f3pez Obrador de no&hellip;<\/p>\n","protected":false},"author":69,"featured_media":34033,"comment_status":"open","ping_status":"open","sticky":false,"template":"","format":"standard","meta":{"_acf_changed":false,"_lmt_disableupdate":"","_lmt_disable":"","_mbp_gutenberg_autopost":false,"footnotes":""},"categories":[4,23,8],"tags":[],"class_list":["post-34029","post","type-post","status-publish","format-standard","has-post-thumbnail","hentry","category-empresas-y-negocios","category-noticias","category-turismo"],"acf":[],"yoast_head":"<!-- This site is optimized with the Yoast SEO plugin v27.3 - https:\/\/yoast.com\/product\/yoast-seo-wordpress\/ -->\n<title>120,000 mdp es el costo de la cancelaci\u00f3n del NAIM: CCE | Revista Latitud 21<\/title>\n<meta name=\"description\" content=\"L21, Emprendedores y Negocios en el Caribe Mexicano, es la revista l\u00edder entre el Sector Empresarial y Tur\u00edstico del Caribe Mexicano.\" \/>\n<meta name=\"robots\" content=\"index, follow, max-snippet:-1, max-image-preview:large, max-video-preview:-1\" \/>\n<link rel=\"canonical\" href=\"https:\/\/l21.mx\/?p=34029\" \/>\n<meta name=\"twitter:card\" content=\"summary_large_image\" \/>\n<meta name=\"twitter:title\" content=\"120,000 mdp es el costo de la cancelaci\u00f3n del NAIM: CCE | Revista Latitud 21\" \/>\n<meta name=\"twitter:description\" content=\"L21, Emprendedores y Negocios en el Caribe Mexicano, es la revista l\u00edder entre el Sector Empresarial y Tur\u00edstico del Caribe Mexicano.\" \/>\n<meta name=\"twitter:image\" content=\"https:\/\/l21.mx\/wp-content\/uploads\/2018\/10\/CCE-LAMENTA-CANCELACION-NAIM.jpg\" \/>\n<meta name=\"twitter:creator\" content=\"@Latitud21mx\" \/>\n<meta name=\"twitter:site\" content=\"@Latitud21mx\" \/>\n<meta name=\"twitter:label1\" content=\"Escrito por\" \/>\n\t<meta name=\"twitter:data1\" content=\"Redacci\u00f3n\" \/>\n\t<meta name=\"twitter:label2\" content=\"Tiempo de lectura\" \/>\n\t<meta name=\"twitter:data2\" content=\"3 minutos\" \/>\n<script type=\"application\/ld+json\" class=\"yoast-schema-graph\">{\"@context\":\"https:\\\/\\\/schema.org\",\"@graph\":[{\"@type\":\"Article\",\"@id\":\"https:\\\/\\\/l21.mx\\\/?p=34029#article\",\"isPartOf\":{\"@id\":\"https:\\\/\\\/l21.mx\\\/?p=34029\"},\"author\":{\"name\":\"Redacci\u00f3n\",\"@id\":\"https:\\\/\\\/l21.mx\\\/#\\\/schema\\\/person\\\/066641669c6ee7227953da2a023ebcde\"},\"headline\":\"120,000 mdp es el costo de la cancelaci\u00f3n del NAIM: CCE\",\"datePublished\":\"2018-10-29T23:33:24+00:00\",\"mainEntityOfPage\":{\"@id\":\"https:\\\/\\\/l21.mx\\\/?p=34029\"},\"wordCount\":552,\"commentCount\":0,\"publisher\":{\"@id\":\"https:\\\/\\\/l21.mx\\\/#organization\"},\"image\":{\"@id\":\"https:\\\/\\\/l21.mx\\\/?p=34029#primaryimage\"},\"thumbnailUrl\":\"https:\\\/\\\/l21.mx\\\/wp-content\\\/uploads\\\/2018\\\/10\\\/CCE-LAMENTA-CANCELACION-NAIM.jpg\",\"articleSection\":[\"Empresas y Negocios\",\"Noticias\",\"Turismo\"],\"inLanguage\":\"es\",\"potentialAction\":[{\"@type\":\"CommentAction\",\"name\":\"Comment\",\"target\":[\"https:\\\/\\\/l21.mx\\\/?p=34029#respond\"]}]},{\"@type\":\"WebPage\",\"@id\":\"https:\\\/\\\/l21.mx\\\/?p=34029\",\"url\":\"https:\\\/\\\/l21.mx\\\/?p=34029\",\"name\":\"120,000 mdp es el costo de la cancelaci\u00f3n del NAIM: CCE | Revista Latitud 21\",\"isPartOf\":{\"@id\":\"https:\\\/\\\/l21.mx\\\/#website\"},\"primaryImageOfPage\":{\"@id\":\"https:\\\/\\\/l21.mx\\\/?p=34029#primaryimage\"},\"image\":{\"@id\":\"https:\\\/\\\/l21.mx\\\/?p=34029#primaryimage\"},\"thumbnailUrl\":\"https:\\\/\\\/l21.mx\\\/wp-content\\\/uploads\\\/2018\\\/10\\\/CCE-LAMENTA-CANCELACION-NAIM.jpg\",\"datePublished\":\"2018-10-29T23:33:24+00:00\",\"description\":\"L21, Emprendedores y Negocios en el Caribe Mexicano, es la revista l\u00edder entre el Sector Empresarial y Tur\u00edstico del Caribe Mexicano.\",\"breadcrumb\":{\"@id\":\"https:\\\/\\\/l21.mx\\\/?p=34029#breadcrumb\"},\"inLanguage\":\"es\",\"potentialAction\":[{\"@type\":\"ReadAction\",\"target\":[\"https:\\\/\\\/l21.mx\\\/?p=34029\"]}]},{\"@type\":\"ImageObject\",\"inLanguage\":\"es\",\"@id\":\"https:\\\/\\\/l21.mx\\\/?p=34029#primaryimage\",\"url\":\"https:\\\/\\\/l21.mx\\\/wp-content\\\/uploads\\\/2018\\\/10\\\/CCE-LAMENTA-CANCELACION-NAIM.jpg\",\"contentUrl\":\"https:\\\/\\\/l21.mx\\\/wp-content\\\/uploads\\\/2018\\\/10\\\/CCE-LAMENTA-CANCELACION-NAIM.jpg\",\"width\":1776,\"height\":1000,\"caption\":\"Foto: elfinanciero\"},{\"@type\":\"BreadcrumbList\",\"@id\":\"https:\\\/\\\/l21.mx\\\/?p=34029#breadcrumb\",\"itemListElement\":[{\"@type\":\"ListItem\",\"position\":1,\"name\":\"Portada\",\"item\":\"https:\\\/\\\/l21.mx\\\/\"},{\"@type\":\"ListItem\",\"position\":2,\"name\":\"120,000 mdp es el costo de la cancelaci\u00f3n del NAIM: CCE\"}]},{\"@type\":\"WebSite\",\"@id\":\"https:\\\/\\\/l21.mx\\\/#website\",\"url\":\"https:\\\/\\\/l21.mx\\\/\",\"name\":\"Revista Latitud 21\",\"description\":\"Emprendedores  y negocios en el Caribe Mexicano\",\"publisher\":{\"@id\":\"https:\\\/\\\/l21.mx\\\/#organization\"},\"potentialAction\":[{\"@type\":\"SearchAction\",\"target\":{\"@type\":\"EntryPoint\",\"urlTemplate\":\"https:\\\/\\\/l21.mx\\\/?s={search_term_string}\"},\"query-input\":{\"@type\":\"PropertyValueSpecification\",\"valueRequired\":true,\"valueName\":\"search_term_string\"}}],\"inLanguage\":\"es\"},{\"@type\":\"Organization\",\"@id\":\"https:\\\/\\\/l21.mx\\\/#organization\",\"name\":\"Grupo Editorial Latitud 21 SA de CV\",\"url\":\"https:\\\/\\\/l21.mx\\\/\",\"logo\":{\"@type\":\"ImageObject\",\"inLanguage\":\"es\",\"@id\":\"https:\\\/\\\/l21.mx\\\/#\\\/schema\\\/logo\\\/image\\\/\",\"url\":\"https:\\\/\\\/l21.mx\\\/wp-content\\\/uploads\\\/2020\\\/10\\\/logo-l21-baja.jpg\",\"contentUrl\":\"https:\\\/\\\/l21.mx\\\/wp-content\\\/uploads\\\/2020\\\/10\\\/logo-l21-baja.jpg\",\"width\":250,\"height\":250,\"caption\":\"Grupo Editorial Latitud 21 SA de CV\"},\"image\":{\"@id\":\"https:\\\/\\\/l21.mx\\\/#\\\/schema\\\/logo\\\/image\\\/\"},\"sameAs\":[\"https:\\\/\\\/www.facebook.com\\\/RevistaLatitud21\\\/\",\"https:\\\/\\\/x.com\\\/Latitud21mx\"]},{\"@type\":\"Person\",\"@id\":\"https:\\\/\\\/l21.mx\\\/#\\\/schema\\\/person\\\/066641669c6ee7227953da2a023ebcde\",\"name\":\"Redacci\u00f3n\",\"url\":\"https:\\\/\\\/l21.mx\\\/?author=69\"}]}<\/script>\n<!-- \/ Yoast SEO plugin. -->","yoast_head_json":{"title":"120,000 mdp es el costo de la cancelaci\u00f3n del NAIM: CCE | Revista Latitud 21","description":"L21, Emprendedores y Negocios en el Caribe Mexicano, es la revista l\u00edder entre el Sector Empresarial y Tur\u00edstico del Caribe Mexicano.","robots":{"index":"index","follow":"follow","max-snippet":"max-snippet:-1","max-image-preview":"max-image-preview:large","max-video-preview":"max-video-preview:-1"},"canonical":"https:\/\/l21.mx\/?p=34029","twitter_card":"summary_large_image","twitter_title":"120,000 mdp es el costo de la cancelaci\u00f3n del NAIM: CCE | Revista Latitud 21","twitter_description":"L21, Emprendedores y Negocios en el Caribe Mexicano, es la revista l\u00edder entre el Sector Empresarial y Tur\u00edstico del Caribe Mexicano.","twitter_image":"https:\/\/l21.mx\/wp-content\/uploads\/2018\/10\/CCE-LAMENTA-CANCELACION-NAIM.jpg","twitter_creator":"@Latitud21mx","twitter_site":"@Latitud21mx","twitter_misc":{"Escrito por":"Redacci\u00f3n","Tiempo de lectura":"3 minutos"},"schema":{"@context":"https:\/\/schema.org","@graph":[{"@type":"Article","@id":"https:\/\/l21.mx\/?p=34029#article","isPartOf":{"@id":"https:\/\/l21.mx\/?p=34029"},"author":{"name":"Redacci\u00f3n","@id":"https:\/\/l21.mx\/#\/schema\/person\/066641669c6ee7227953da2a023ebcde"},"headline":"120,000 mdp es el costo de la cancelaci\u00f3n del NAIM: CCE","datePublished":"2018-10-29T23:33:24+00:00","mainEntityOfPage":{"@id":"https:\/\/l21.mx\/?p=34029"},"wordCount":552,"commentCount":0,"publisher":{"@id":"https:\/\/l21.mx\/#organization"},"image":{"@id":"https:\/\/l21.mx\/?p=34029#primaryimage"},"thumbnailUrl":"https:\/\/l21.mx\/wp-content\/uploads\/2018\/10\/CCE-LAMENTA-CANCELACION-NAIM.jpg","articleSection":["Empresas y Negocios","Noticias","Turismo"],"inLanguage":"es","potentialAction":[{"@type":"CommentAction","name":"Comment","target":["https:\/\/l21.mx\/?p=34029#respond"]}]},{"@type":"WebPage","@id":"https:\/\/l21.mx\/?p=34029","url":"https:\/\/l21.mx\/?p=34029","name":"120,000 mdp es el costo de la cancelaci\u00f3n del NAIM: CCE | Revista Latitud 21","isPartOf":{"@id":"https:\/\/l21.mx\/#website"},"primaryImageOfPage":{"@id":"https:\/\/l21.mx\/?p=34029#primaryimage"},"image":{"@id":"https:\/\/l21.mx\/?p=34029#primaryimage"},"thumbnailUrl":"https:\/\/l21.mx\/wp-content\/uploads\/2018\/10\/CCE-LAMENTA-CANCELACION-NAIM.jpg","datePublished":"2018-10-29T23:33:24+00:00","description":"L21, Emprendedores y Negocios en el Caribe Mexicano, es la revista l\u00edder entre el Sector Empresarial y Tur\u00edstico del Caribe Mexicano.","breadcrumb":{"@id":"https:\/\/l21.mx\/?p=34029#breadcrumb"},"inLanguage":"es","potentialAction":[{"@type":"ReadAction","target":["https:\/\/l21.mx\/?p=34029"]}]},{"@type":"ImageObject","inLanguage":"es","@id":"https:\/\/l21.mx\/?p=34029#primaryimage","url":"https:\/\/l21.mx\/wp-content\/uploads\/2018\/10\/CCE-LAMENTA-CANCELACION-NAIM.jpg","contentUrl":"https:\/\/l21.mx\/wp-content\/uploads\/2018\/10\/CCE-LAMENTA-CANCELACION-NAIM.jpg","width":1776,"height":1000,"caption":"Foto: elfinanciero"},{"@type":"BreadcrumbList","@id":"https:\/\/l21.mx\/?p=34029#breadcrumb","itemListElement":[{"@type":"ListItem","position":1,"name":"Portada","item":"https:\/\/l21.mx\/"},{"@type":"ListItem","position":2,"name":"120,000 mdp es el costo de la cancelaci\u00f3n del NAIM: CCE"}]},{"@type":"WebSite","@id":"https:\/\/l21.mx\/#website","url":"https:\/\/l21.mx\/","name":"Revista Latitud 21","description":"Emprendedores  y negocios en el Caribe Mexicano","publisher":{"@id":"https:\/\/l21.mx\/#organization"},"potentialAction":[{"@type":"SearchAction","target":{"@type":"EntryPoint","urlTemplate":"https:\/\/l21.mx\/?s={search_term_string}"},"query-input":{"@type":"PropertyValueSpecification","valueRequired":true,"valueName":"search_term_string"}}],"inLanguage":"es"},{"@type":"Organization","@id":"https:\/\/l21.mx\/#organization","name":"Grupo Editorial Latitud 21 SA de CV","url":"https:\/\/l21.mx\/","logo":{"@type":"ImageObject","inLanguage":"es","@id":"https:\/\/l21.mx\/#\/schema\/logo\/image\/","url":"https:\/\/l21.mx\/wp-content\/uploads\/2020\/10\/logo-l21-baja.jpg","contentUrl":"https:\/\/l21.mx\/wp-content\/uploads\/2020\/10\/logo-l21-baja.jpg","width":250,"height":250,"caption":"Grupo Editorial Latitud 21 SA de CV"},"image":{"@id":"https:\/\/l21.mx\/#\/schema\/logo\/image\/"},"sameAs":["https:\/\/www.facebook.com\/RevistaLatitud21\/","https:\/\/x.com\/Latitud21mx"]},{"@type":"Person","@id":"https:\/\/l21.mx\/#\/schema\/person\/066641669c6ee7227953da2a023ebcde","name":"Redacci\u00f3n","url":"https:\/\/l21.mx\/?author=69"}]}},"amp_enabled":true,"_links":{"self":[{"href":"https:\/\/l21.mx\/index.php?rest_route=\/wp\/v2\/posts\/34029","targetHints":{"allow":["GET"]}}],"collection":[{"href":"https:\/\/l21.mx\/index.php?rest_route=\/wp\/v2\/posts"}],"about":[{"href":"https:\/\/l21.mx\/index.php?rest_route=\/wp\/v2\/types\/post"}],"author":[{"embeddable":true,"href":"https:\/\/l21.mx\/index.php?rest_route=\/wp\/v2\/users\/69"}],"replies":[{"embeddable":true,"href":"https:\/\/l21.mx\/index.php?rest_route=%2Fwp%2Fv2%2Fcomments&post=34029"}],"version-history":[{"count":0,"href":"https:\/\/l21.mx\/index.php?rest_route=\/wp\/v2\/posts\/34029\/revisions"}],"wp:featuredmedia":[{"embeddable":true,"href":"https:\/\/l21.mx\/index.php?rest_route=\/wp\/v2\/media\/34033"}],"wp:attachment":[{"href":"https:\/\/l21.mx\/index.php?rest_route=%2Fwp%2Fv2%2Fmedia&parent=34029"}],"wp:term":[{"taxonomy":"category","embeddable":true,"href":"https:\/\/l21.mx\/index.php?rest_route=%2Fwp%2Fv2%2Fcategories&post=34029"},{"taxonomy":"post_tag","embeddable":true,"href":"https:\/\/l21.mx\/index.php?rest_route=%2Fwp%2Fv2%2Ftags&post=34029"}],"curies":[{"name":"wp","href":"https:\/\/api.w.org\/{rel}","templated":true}]}}