{"id":34224,"date":"2018-11-13T18:57:49","date_gmt":"2018-11-13T23:57:49","guid":{"rendered":"http:\/\/innovatori.space\/lat21\/?p=34224"},"modified":"2018-11-13T18:57:49","modified_gmt":"2018-11-13T23:57:49","slug":"amazon-elige-sede-en-new-york-y-virginia","status":"publish","type":"post","link":"https:\/\/l21.mx\/?p=34224","title":{"rendered":"Amazon elige sede en New York y Virginia"},"content":{"rendered":"<p><em><strong>Amazon por fin anunci\u00f3 a las ciudades que ser\u00e1n las sedes de su segundo y tercer cuartel general, estas quedan ubicadas directamente frente a los centros de las principales ciudades.<\/strong><\/em><\/p>\n<p><a href=\"http:\/\/l21.mx\/wp-content\/uploads\/2018\/11\/Jeff-Besos.jpg\" data-rel=\"penci-gallery-image-content\" ><img fetchpriority=\"high\" decoding=\"async\" class=\"alignnone size-full wp-image-34225\" src=\"http:\/\/l21.mx\/wp-content\/uploads\/2018\/11\/Jeff-Besos.jpg\" alt=\"\" width=\"950\" height=\"475\" srcset=\"https:\/\/l21.mx\/wp-content\/uploads\/2018\/11\/Jeff-Besos.jpg 950w, https:\/\/l21.mx\/wp-content\/uploads\/2018\/11\/Jeff-Besos-300x150.jpg 300w, https:\/\/l21.mx\/wp-content\/uploads\/2018\/11\/Jeff-Besos-768x384.jpg 768w, https:\/\/l21.mx\/wp-content\/uploads\/2018\/11\/Jeff-Besos-585x293.jpg 585w\" sizes=\"(max-width: 950px) 100vw, 950px\" \/><\/a><\/p>\n<p><strong>Amazon por fin anunci\u00f3 a las ciudades que ser\u00e1n las sedes de su segundo y tercer cuartel general. \u00c9stas son Long Island, Nueva York, y Crystal City, en Virginia,\u00a0que est\u00e1n ubicadas directamente frente a los centros de las principales ciudades.<\/strong><\/p>\n<p><strong>Tambi\u00e9n anunci\u00f3 que desarrollar\u00e1 un nuevo centro de excelencia para su negocio de\u00a0 operaciones y log\u00edstico de menor tama\u00f1o en Nashville, capital del estado de Tennesse<\/strong>,\u00a0que es responsable del cumplimiento de los clientes, el transporte, la cadena de suministro y otras actividades similares de la empresa; con el que crear\u00e1 m\u00e1s de 5,000 empleos y cuya contrataci\u00f3n comenzar\u00e1 el pr\u00f3ximo a\u00f1o.<\/p>\n<p><strong>Seg\u00fan un comunicado de la compa\u00f1\u00eda, las contrataciones en los tres nuevos centros comenzar\u00e1n en 2019 y sus trabajadores recibir\u00e1n un salario medio anual de 150.000 d\u00f3lares (unos 133.000 euros).<\/strong><\/p>\n<p>\u201cEstamos entusiasmados de construir una nueva sede en la ciudad de Nueva York y el norte de Virginia. <strong>Estas dos ubicaciones nos permitir\u00e1n atraer talento de clase mundial<\/strong> que nos ayudar\u00e1 a seguir inventando para los clientes durante los pr\u00f3ximos a\u00f1os. El equipo hizo un gran trabajo al seleccionar estos sitios y esperamos convertirnos en una parte a\u00fan m\u00e1s grande de estas comunidades\u00bb, destac\u00f3 Jeff Bezos fundador y CEO de Amazon, en las l\u00edneas del\u00a0<a href=\"https:\/\/press.aboutamazon.com\/news-releases\/news-release-details\/amazon-selects-new-york-city-and-northern-virginia-new\" target=\"_blank\" rel=\"noopener\">comunicado<\/a>.<\/p>\n<p><strong>Con esta\u00a0decisi\u00f3n pone fin a una convocatoria<\/strong> lanzada por Amazon hace m\u00e1s de un a\u00f1o para la b\u00fasqueda de un sitio para albergar su segunda sede de oficinas en las que promet\u00eda invertir 5,000 millones de d\u00f3lares y crear hasta 50,000 empleos.<\/p>\n<p>Y es que desde el pasado mes de enero, <strong>la empresa dio a conocer una lista de 20 ciudades finalistas,<\/strong> de entre casi 240 candidaturas, que inclu\u00edan tambi\u00e9n lugares en\u00a0<strong>M\u00e9xico y Canad\u00e1<\/strong>.<\/p>\n<p><strong>Estas nuevas sedes se unir\u00e1n al cuartel general de Seattle, en Washington<\/strong>, desde donde se gestiona la compa\u00f1\u00eda, que emplea a 650.000 personas en todo el mundo.<\/p>\n","protected":false},"excerpt":{"rendered":"<p>Amazon por fin anunci\u00f3 a las ciudades que ser\u00e1n las sedes de su segundo y tercer&hellip;<\/p>\n","protected":false},"author":69,"featured_media":34225,"comment_status":"open","ping_status":"open","sticky":false,"template":"","format":"standard","meta":{"_acf_changed":false,"_lmt_disableupdate":"","_lmt_disable":"","_mbp_gutenberg_autopost":false,"footnotes":""},"categories":[4,23],"tags":[],"class_list":["post-34224","post","type-post","status-publish","format-standard","has-post-thumbnail","hentry","category-empresas-y-negocios","category-noticias"],"acf":[],"_links":{"self":[{"href":"https:\/\/l21.mx\/index.php?rest_route=\/wp\/v2\/posts\/34224","targetHints":{"allow":["GET"]}}],"collection":[{"href":"https:\/\/l21.mx\/index.php?rest_route=\/wp\/v2\/posts"}],"about":[{"href":"https:\/\/l21.mx\/index.php?rest_route=\/wp\/v2\/types\/post"}],"author":[{"embeddable":true,"href":"https:\/\/l21.mx\/index.php?rest_route=\/wp\/v2\/users\/69"}],"replies":[{"embeddable":true,"href":"https:\/\/l21.mx\/index.php?rest_route=%2Fwp%2Fv2%2Fcomments&post=34224"}],"version-history":[{"count":0,"href":"https:\/\/l21.mx\/index.php?rest_route=\/wp\/v2\/posts\/34224\/revisions"}],"wp:featuredmedia":[{"embeddable":true,"href":"https:\/\/l21.mx\/index.php?rest_route=\/wp\/v2\/media\/34225"}],"wp:attachment":[{"href":"https:\/\/l21.mx\/index.php?rest_route=%2Fwp%2Fv2%2Fmedia&parent=34224"}],"wp:term":[{"taxonomy":"category","embeddable":true,"href":"https:\/\/l21.mx\/index.php?rest_route=%2Fwp%2Fv2%2Fcategories&post=34224"},{"taxonomy":"post_tag","embeddable":true,"href":"https:\/\/l21.mx\/index.php?rest_route=%2Fwp%2Fv2%2Ftags&post=34224"}],"curies":[{"name":"wp","href":"https:\/\/api.w.org\/{rel}","templated":true}]}}