{"id":34238,"date":"2018-11-14T10:44:29","date_gmt":"2018-11-14T15:44:29","guid":{"rendered":"http:\/\/innovatori.space\/lat21\/?p=34238"},"modified":"2018-11-14T10:44:29","modified_gmt":"2018-11-14T15:44:29","slug":"amresorts-y-productores-riviera-shows-anuncian-la-segunda-temporada-del-musical-rock-of-ages","status":"publish","type":"post","link":"https:\/\/l21.mx\/?p=34238","title":{"rendered":"AMRESORTS Y PRODUCTORES RIVIERA SHOWS ANUNCIAN LA SEGUNDA TEMPORADA DEL MUSICAL \u201cROCK OF AGES\u201d"},"content":{"rendered":"<p><em><strong>El hotel Now Jade Riviera Cancun Resort &amp; Spa, e la cadena AMResorts, ser\u00e1 la sede de la segunda temporada -en el estado de Quinta Roo-, del musical original \u201cRock of Ages\u201d considerado uno de los m\u00e1s exitosos de Broadway, a partir del 17 de noviembre.<\/strong><\/em><\/p>\n<p><a href=\"http:\/\/l21.mx\/wp-content\/uploads\/2018\/11\/ROCK-OF-AGES-AMRESORTS.jpg\" data-rel=\"penci-gallery-image-content\" ><img fetchpriority=\"high\" decoding=\"async\" class=\"alignnone size-full wp-image-34239\" src=\"http:\/\/l21.mx\/wp-content\/uploads\/2018\/11\/ROCK-OF-AGES-AMRESORTS.jpg\" alt=\"\" width=\"956\" height=\"464\" srcset=\"https:\/\/l21.mx\/wp-content\/uploads\/2018\/11\/ROCK-OF-AGES-AMRESORTS.jpg 956w, https:\/\/l21.mx\/wp-content\/uploads\/2018\/11\/ROCK-OF-AGES-AMRESORTS-300x146.jpg 300w, https:\/\/l21.mx\/wp-content\/uploads\/2018\/11\/ROCK-OF-AGES-AMRESORTS-768x373.jpg 768w, https:\/\/l21.mx\/wp-content\/uploads\/2018\/11\/ROCK-OF-AGES-AMRESORTS-585x284.jpg 585w\" sizes=\"(max-width: 956px) 100vw, 956px\" \/><\/a><\/p>\n<p><strong>El hotel Now Jade Riviera Cancun Resort &amp; Spa, e la cadena AMResorts, ser\u00e1 la sede de la segunda temporada -en el estado de Quinta Roo-, del musical original \u201cRock of Ages\u201d considerado uno de los m\u00e1s exitosos de Broadway, a partir del 17 de noviembre.<\/strong><\/p>\n<p>El p\u00fablico en general de Quintana Roo y ciudades aleda\u00f1as, los hu\u00e9spedes de Now\u00ae Jade Riviera Cancun Resort &amp; Spa, as\u00ed como de los dem\u00e1s hoteles de AMResorts\u00ae <strong>en el Caribe Mexicano podr\u00e1n disfrutar de este musical\u00a0 a partir de la fecha indicada y hasta el 29 de abril de 2019, ofreciendo 6 funciones (de mi\u00e9rcoles a lunes) en el horario de las 8:30 pm.<\/strong><\/p>\n<p>Desde la primera temporada, AMResorts\u00ae y la compa\u00f1\u00eda Productores Riviera Shows lograron traer a Canc\u00fan y consolidar un espect\u00e1culo de primer nivel -hablado en ingl\u00e9s-, <strong>en el mismo formato que se ha presentado en Las Vegas en a\u00f1os previos<\/strong>.<\/p>\n<p><strong>La obra musical con una duraci\u00f3n de 90 minutos<\/strong> en un solo acto, recopila las canciones m\u00e1s ic\u00f3nicas de la obra. Cuenta con 16 actores en escena y cinco m\u00fasicos en vivo, originarios de Ciudad de M\u00e9xico, Guadalajara, Monterrey, Cuba y Estados Unidos.<\/p>\n<p>\u201cBuscamos constantemente llevar la experiencia de vacaciones de nuestros hu\u00e9spedes al siguiente nivel, es por eso que <strong>es un honor ofrecer este magn\u00edfico show de Broadway<\/strong> en un destino tan cotizado como lo es Canc\u00fan y la Riviera Maya\u201d, <strong>coment\u00f3 en conferencia de prensa, Alejandro Zozaya, CEO de Apple Leisure Group.<\/strong><\/p>\n<p><a href=\"http:\/\/l21.mx\/wp-content\/uploads\/2018\/11\/ROCK-OF-AGES.jpg\" data-rel=\"penci-gallery-image-content\" ><img decoding=\"async\" class=\"alignnone size-large wp-image-34240\" src=\"http:\/\/l21.mx\/wp-content\/uploads\/2018\/11\/ROCK-OF-AGES.jpg\" alt=\"\" width=\"795\" height=\"386\" srcset=\"https:\/\/l21.mx\/wp-content\/uploads\/2018\/11\/ROCK-OF-AGES.jpg 795w, https:\/\/l21.mx\/wp-content\/uploads\/2018\/11\/ROCK-OF-AGES-300x146.jpg 300w, https:\/\/l21.mx\/wp-content\/uploads\/2018\/11\/ROCK-OF-AGES-768x373.jpg 768w, https:\/\/l21.mx\/wp-content\/uploads\/2018\/11\/ROCK-OF-AGES-585x284.jpg 585w\" sizes=\"(max-width: 795px) 100vw, 795px\" \/><\/a><\/p>\n<p>A\u00f1adi\u00f3 que \u201cRock of Ages\u201d <strong>es una obra muy exitosa que sin duda agregar\u00e1 valor a la oferta de entretenimiento del Now\u00ae Jade Riviera Cancun Resort &amp; Spa<\/strong>. Agradeci\u00f3 la apuesta que realizan los Productores de Riviera Shows, y reconoci\u00f3 el apoyo del municipio de Puerto Morelos y del gobierno del estado de Quintana Roo.<\/p>\n<p>Por su parte, Carlos Moreno, Productor de Riviera Shows, indic\u00f3 que la participaci\u00f3n en el musical de Jorge Eduardo Mungu\u00eda Orozco y Mauricio L\u00f3pez de Arriaga, quienes tambi\u00e9n son socios de la obra, <strong>dan al espect\u00e1culo una calidad Latin Grammy<\/strong>. Ambos compositores fueron merecedores del galard\u00f3n en la edici\u00f3n 2015.<\/p>\n<p><strong>En su primera temporada<\/strong> el\u00a0 invierno pasado en el Dreams\u00ae Playa Mujeres Golf &amp; Spa Resort, \u201cRock of Ages\u201d, <strong>realiz\u00f3 con gran \u00e9xito un total de 200 representaciones<\/strong> en un periodo de seis meses consecutivos.<\/p>\n<p>Tanto los directivos de Apple Leisure Group, AMResorts\u00ae y\u00a0 <strong>los productores del musical conf\u00edan en el \u00e9xito que alcanzar\u00e1 esta segura temporada,<\/strong> por lo que invitan a la sociedad y turistas de Quintana Roo a disfrutar de este espect\u00e1culo.<\/p>\n<p>En el evento estuvieron presentes tambi\u00e9n Gonzalo del Pe\u00f3n, presidente de AMResorts\u00ae, los productores de Riviera Shows: Juan Osorio, Jorge Eduardo Mungu\u00eda Orozco y Eduardo Mungu\u00eda Pedraza, as\u00ed como parte del elenco de Rock of Ages.<\/p>\n","protected":false},"excerpt":{"rendered":"<p>El hotel Now Jade Riviera Cancun Resort &amp; Spa, e la cadena AMResorts, ser\u00e1 la sede&hellip;<\/p>\n","protected":false},"author":69,"featured_media":34240,"comment_status":"open","ping_status":"open","sticky":false,"template":"","format":"standard","meta":{"_acf_changed":false,"_lmt_disableupdate":"","_lmt_disable":"","_mbp_gutenberg_autopost":false,"footnotes":""},"categories":[4,23,8],"tags":[],"class_list":["post-34238","post","type-post","status-publish","format-standard","has-post-thumbnail","hentry","category-empresas-y-negocios","category-noticias","category-turismo"],"acf":[],"_links":{"self":[{"href":"https:\/\/l21.mx\/index.php?rest_route=\/wp\/v2\/posts\/34238","targetHints":{"allow":["GET"]}}],"collection":[{"href":"https:\/\/l21.mx\/index.php?rest_route=\/wp\/v2\/posts"}],"about":[{"href":"https:\/\/l21.mx\/index.php?rest_route=\/wp\/v2\/types\/post"}],"author":[{"embeddable":true,"href":"https:\/\/l21.mx\/index.php?rest_route=\/wp\/v2\/users\/69"}],"replies":[{"embeddable":true,"href":"https:\/\/l21.mx\/index.php?rest_route=%2Fwp%2Fv2%2Fcomments&post=34238"}],"version-history":[{"count":0,"href":"https:\/\/l21.mx\/index.php?rest_route=\/wp\/v2\/posts\/34238\/revisions"}],"wp:featuredmedia":[{"embeddable":true,"href":"https:\/\/l21.mx\/index.php?rest_route=\/wp\/v2\/media\/34240"}],"wp:attachment":[{"href":"https:\/\/l21.mx\/index.php?rest_route=%2Fwp%2Fv2%2Fmedia&parent=34238"}],"wp:term":[{"taxonomy":"category","embeddable":true,"href":"https:\/\/l21.mx\/index.php?rest_route=%2Fwp%2Fv2%2Fcategories&post=34238"},{"taxonomy":"post_tag","embeddable":true,"href":"https:\/\/l21.mx\/index.php?rest_route=%2Fwp%2Fv2%2Ftags&post=34238"}],"curies":[{"name":"wp","href":"https:\/\/api.w.org\/{rel}","templated":true}]}}