{"id":34363,"date":"2018-11-26T14:44:13","date_gmt":"2018-11-26T19:44:13","guid":{"rendered":"http:\/\/innovatori.space\/lat21\/?p=34363"},"modified":"2018-11-26T14:44:13","modified_gmt":"2018-11-26T19:44:13","slug":"el-89-9-por-ciento-dijo-que-si-al-tren-maya-en-la-megaconsulta","status":"publish","type":"post","link":"https:\/\/l21.mx\/?p=34363","title":{"rendered":"El 89.9 por ciento dijo que S\u00ed al Tren Maya en la megaconsulta"},"content":{"rendered":"<div class=\"columns margin-b-0\">\n<h2><a style=\"font-weight: bold;\" href=\"http:\/\/l21.mx\/wp-content\/uploads\/2018\/11\/Resultados-consulta-tren-maya.jpg\" data-rel=\"penci-gallery-image-content\" ><img fetchpriority=\"high\" decoding=\"async\" class=\"alignnone size-large wp-image-34368\" src=\"http:\/\/l21.mx\/wp-content\/uploads\/2018\/11\/Resultados-consulta-tren-maya-1024x640.jpg\" alt=\"\" width=\"1024\" height=\"640\" srcset=\"https:\/\/l21.mx\/wp-content\/uploads\/2018\/11\/Resultados-consulta-tren-maya-1024x640.jpg 1024w, https:\/\/l21.mx\/wp-content\/uploads\/2018\/11\/Resultados-consulta-tren-maya-300x187.jpg 300w, https:\/\/l21.mx\/wp-content\/uploads\/2018\/11\/Resultados-consulta-tren-maya-768x480.jpg 768w, https:\/\/l21.mx\/wp-content\/uploads\/2018\/11\/Resultados-consulta-tren-maya-585x365.jpg 585w, https:\/\/l21.mx\/wp-content\/uploads\/2018\/11\/Resultados-consulta-tren-maya.jpg 1140w\" sizes=\"(max-width: 1024px) 100vw, 1024px\" \/><\/a><\/h2>\n<\/div>\n<div class=\"columns margin-b-0\">\n<div class=\"column is-12-touch is-8-desktop\">\n<p class=\"paragraph\" data-count=\"277\" data-wrap=\"37\">Enrique Calder\u00f3n Alzati, presidente de la Fundaci\u00f3n Arturo Rosenblueth, y Jes\u00fas Ram\u00edrez Cuevas, coordinador general de Comunicaci\u00f3n Social del gobierno electo, presentaron este lunes los resultados de la Consulta Ciudadana sobre los programas prioritarios del pr\u00f3ximo Gobierno.<\/p>\n<p class=\"paragraph\" data-count=\"17\" data-wrap=\"4\"><strong>1. El Tren Maya .<\/strong><\/p>\n<p class=\"paragraph\" data-count=\"21\" data-wrap=\"5\">S\u00ed. 89.9 por ciento<\/p>\n<p class=\"paragraph\" data-count=\"20\" data-wrap=\"5\">No. 6.6 por ciento<\/p>\n<p class=\"paragraph\" data-count=\"25\" data-wrap=\"5\">Anuladas. 3.6 por ciento<\/p>\n<p data-count=\"25\" data-wrap=\"5\"><a href=\"http:\/\/l21.mx\/wp-content\/uploads\/2018\/11\/Votacion-Tren-Maya-.jpg\" data-rel=\"penci-gallery-image-content\" ><img decoding=\"async\" class=\"alignnone wp-image-34369 size-full\" src=\"http:\/\/l21.mx\/wp-content\/uploads\/2018\/11\/Votacion-Tren-Maya-.jpg\" alt=\"\" width=\"960\" height=\"500\" srcset=\"https:\/\/l21.mx\/wp-content\/uploads\/2018\/11\/Votacion-Tren-Maya-.jpg 960w, https:\/\/l21.mx\/wp-content\/uploads\/2018\/11\/Votacion-Tren-Maya--300x156.jpg 300w, https:\/\/l21.mx\/wp-content\/uploads\/2018\/11\/Votacion-Tren-Maya--768x400.jpg 768w, https:\/\/l21.mx\/wp-content\/uploads\/2018\/11\/Votacion-Tren-Maya--585x305.jpg 585w\" sizes=\"(max-width: 960px) 100vw, 960px\" \/><\/a><\/p>\n<p class=\"paragraph\" data-count=\"67\" data-wrap=\"10\"><strong>2. El Tren Interoce\u00e1nico para desarrollar el Istmo de Tehuantepec .<\/strong><\/p>\n<p class=\"paragraph\" data-count=\"20\" data-wrap=\"4\">S\u00ed. 90.3 por ciento<\/p>\n<p class=\"paragraph\" data-count=\"21\" data-wrap=\"6\">No. 5.8 por ciento<\/p>\n<p class=\"paragraph\" data-count=\"23\" data-wrap=\"4\">Anuladas 3.9 por ciento<\/p>\n<p class=\"paragraph\" data-count=\"39\" data-wrap=\"7\"><strong>3. La refiner\u00eda de Dos Bocas, Tabasco .<\/strong><\/p>\n<p class=\"paragraph\" data-count=\"20\" data-wrap=\"4\">S\u00ed. 91.6 por ciento<\/p>\n<p class=\"paragraph\" data-count=\"19\" data-wrap=\"5\">No. 4.6 por ciento<\/p>\n<p class=\"paragraph\" data-count=\"25\" data-wrap=\"5\">Anuladas. 3.8 por ciento<\/p>\n<p class=\"paragraph\" data-count=\"77\" data-wrap=\"13\"><strong>4. La plantaci\u00f3n de \u00e1rboles frutales y maderables en un mill\u00f3n de hect\u00e1reas .<\/strong><\/p>\n<p class=\"paragraph\" data-count=\"21\" data-wrap=\"4\">S\u00ed. 94.7 por ciento<\/p>\n<p class=\"paragraph\" data-count=\"20\" data-wrap=\"5\">No. 1.7 por ciento<\/p>\n<p class=\"paragraph\" data-count=\"25\" data-wrap=\"4\">Anuladas. 3.6 por ciento<\/p>\n<p class=\"paragraph\" data-count=\"65\" data-wrap=\"13\"><strong>5. El aumento de la pensi\u00f3n para los adultos mayores de 68 a\u00f1os .<\/strong><\/p>\n<p class=\"paragraph\" data-count=\"21\" data-wrap=\"4\">S\u00ed. 93.3 por ciento<\/p>\n<p class=\"paragraph\" data-count=\"20\" data-wrap=\"5\">No. 3.2 por ciento<\/p>\n<p class=\"paragraph\" data-count=\"26\" data-wrap=\"5\">Anuladas. 3.5 por ciento<\/p>\n<p class=\"paragraph\" data-count=\"122\" data-wrap=\"20\"><strong>6. Otorgar becas y capacitaci\u00f3n laboral a 2.6 millones de j\u00f3venes que no tienen oportunidades de estudiar ni de trabajar .<\/strong><\/p>\n<p class=\"paragraph\" data-count=\"22\" data-wrap=\"4\">S\u00ed. 91.1 por cientoNo<\/p>\n<p class=\"paragraph\" data-count=\"19\" data-wrap=\"4\">No. 5.2 por ciento<\/p>\n<p class=\"paragraph\" data-count=\"25\" data-wrap=\"4\">Anuladas 3.7 por ciento<\/p>\n<p class=\"paragraph\" data-count=\"77\" data-wrap=\"12\"><strong>7. Becas para los estudiantes del nivel medio superior de escuelas p\u00fablicas .<\/strong><\/p>\n<p class=\"paragraph\" data-count=\"21\" data-wrap=\"4\">S\u00ed. 90.1 por ciento<\/p>\n<p class=\"paragraph\" data-count=\"20\" data-wrap=\"4\">No . 6.0 por ciento<\/p>\n<p class=\"paragraph\" data-count=\"25\" data-wrap=\"4\">Anuladas. 3.7 por ciento<\/p>\n<p class=\"paragraph\" data-count=\"69\" data-wrap=\"12\"><strong>8. Pensionar a un mill\u00f3n de personas con alg\u00fan tipo de discapacidad .<\/strong><\/p>\n<p class=\"paragraph\" data-count=\"20\" data-wrap=\"4\">S\u00ed. 92.9 por ciento<\/p>\n<p class=\"paragraph\" data-count=\"18\" data-wrap=\"4\">No. 3.4 por ciento<\/p>\n<p class=\"paragraph\" data-count=\"26\" data-wrap=\"4\">Anuladas. 3.7 por ciento<\/p>\n<p class=\"paragraph\" data-count=\"99\" data-wrap=\"18\"><strong>9. Acceso a la atenci\u00f3n m\u00e9dica y medicinas para la poblaci\u00f3n que no cuenta con servicios de salud .<\/strong><\/p>\n<p class=\"paragraph\" data-count=\"20\" data-wrap=\"4\">S\u00ed. 95.1 por ciento<\/p>\n<p class=\"paragraph\" data-count=\"19\" data-wrap=\"4\">No. 1.6 por ciento<\/p>\n<p class=\"paragraph\" data-count=\"27\" data-wrap=\"5\">Anuladas. 3.3 por ciento<\/p>\n<p class=\"paragraph\" data-count=\"98\" data-wrap=\"15\"><strong>10. La cobertura gratuita de internet en carreteras, plazas p\u00fablicas, centros de salud y escuelas.<\/strong><\/p>\n<p class=\"paragraph\" data-count=\"20\" data-wrap=\"4\">S\u00ed. 91.6 por ciento<\/p>\n<p class=\"paragraph\" data-count=\"19\" data-wrap=\"4\">No. 4.4 por ciento<\/p>\n<p class=\"paragraph\" data-count=\"24\" data-wrap=\"4\">Anuladas 3.9 por ciento<\/p>\n<p class=\"paragraph\" data-count=\"205\" data-wrap=\"30\">En la Consulta Ciudadana sobre los programas prioritarios del pr\u00f3ximo Gobierno particip\u00f3 un total de 925 mil 168 votantes, de acuerdo con la Fundaci\u00f3n Arturo Rosenblueth, responsable de su implementaci\u00f3n.<\/p>\n<p class=\"paragraph\" data-count=\"266\" data-wrap=\"45\">La participaci\u00f3n en este ejercicio fue menor que la que se registr\u00f3 en la primera consulta, en la cual se decidi\u00f3 sobre el futuro del Nuevo Aeropuerto Internacional de M\u00e9xico en Texcoco. En la consulta del pasado octubre participaron un mill\u00f3n 67 mil 859 personas.<\/p>\n<p data-count=\"266\" data-wrap=\"45\">La consulta se compon\u00eda de\u00a0<strong>10 preguntas sobre la construcci\u00f3n del Tren Maya<\/strong>; el desarrollo del Tren del Istmo de Tehuantepec; la refiner\u00eda en Dos Bocas, Tabasco; reforestar selvas, bosques y plantaci\u00f3n de \u00e1rboles frutales, el aumento de la pensi\u00f3n a adultos mayores de 68 a\u00f1os; becas a todos los estudiantes de escuelas p\u00fablicas de nivel medio superior del pa\u00eds; la entrega de pensiones a personas con alguna discapacidad; garantizar atenci\u00f3n m\u00e9dica y la cobertura gratuita de internet ala poblaci\u00f3n.<\/p>\n<p class=\"paragraph\" data-count=\"27\" data-wrap=\"4\">\n<\/div>\n<\/div>\n","protected":false},"excerpt":{"rendered":"<p>Enrique Calder\u00f3n Alzati, presidente de la Fundaci\u00f3n Arturo Rosenblueth, y Jes\u00fas Ram\u00edrez Cuevas, coordinador general de&hellip;<\/p>\n","protected":false},"author":69,"featured_media":34369,"comment_status":"open","ping_status":"open","sticky":false,"template":"","format":"standard","meta":{"_acf_changed":false,"_lmt_disableupdate":"","_lmt_disable":"","_mbp_gutenberg_autopost":false,"footnotes":""},"categories":[4,23,8],"tags":[],"class_list":["post-34363","post","type-post","status-publish","format-standard","has-post-thumbnail","hentry","category-empresas-y-negocios","category-noticias","category-turismo"],"acf":[],"yoast_head":"<!-- This site is optimized with the Yoast SEO plugin v27.3 - https:\/\/yoast.com\/product\/yoast-seo-wordpress\/ -->\n<title>El 89.9 por ciento dijo que S\u00ed al Tren Maya en la megaconsulta | Revista Latitud 21<\/title>\n<meta name=\"description\" content=\"L21, Emprendedores y Negocios en el Caribe Mexicano, es la revista l\u00edder entre el Sector Empresarial y Tur\u00edstico del Caribe Mexicano.\" \/>\n<meta name=\"robots\" content=\"index, follow, max-snippet:-1, max-image-preview:large, max-video-preview:-1\" \/>\n<link rel=\"canonical\" href=\"https:\/\/l21.mx\/?p=34363\" \/>\n<meta name=\"twitter:card\" content=\"summary_large_image\" \/>\n<meta name=\"twitter:title\" content=\"El 89.9 por ciento dijo que S\u00ed al Tren Maya en la megaconsulta | Revista Latitud 21\" \/>\n<meta name=\"twitter:description\" content=\"L21, Emprendedores y Negocios en el Caribe Mexicano, es la revista l\u00edder entre el Sector Empresarial y Tur\u00edstico del Caribe Mexicano.\" \/>\n<meta name=\"twitter:image\" content=\"https:\/\/l21.mx\/wp-content\/uploads\/2018\/11\/Votacion-Tren-Maya-.jpg\" \/>\n<meta name=\"twitter:creator\" content=\"@Latitud21mx\" \/>\n<meta name=\"twitter:site\" content=\"@Latitud21mx\" \/>\n<meta name=\"twitter:label1\" content=\"Escrito por\" \/>\n\t<meta name=\"twitter:data1\" content=\"Redacci\u00f3n\" \/>\n\t<meta name=\"twitter:label2\" content=\"Tiempo de lectura\" \/>\n\t<meta name=\"twitter:data2\" content=\"2 minutos\" \/>\n<script type=\"application\/ld+json\" class=\"yoast-schema-graph\">{\"@context\":\"https:\\\/\\\/schema.org\",\"@graph\":[{\"@type\":\"Article\",\"@id\":\"https:\\\/\\\/l21.mx\\\/?p=34363#article\",\"isPartOf\":{\"@id\":\"https:\\\/\\\/l21.mx\\\/?p=34363\"},\"author\":{\"name\":\"Redacci\u00f3n\",\"@id\":\"https:\\\/\\\/l21.mx\\\/#\\\/schema\\\/person\\\/066641669c6ee7227953da2a023ebcde\"},\"headline\":\"El 89.9 por ciento dijo que S\u00ed al Tren Maya en la megaconsulta\",\"datePublished\":\"2018-11-26T19:44:13+00:00\",\"mainEntityOfPage\":{\"@id\":\"https:\\\/\\\/l21.mx\\\/?p=34363\"},\"wordCount\":439,\"commentCount\":0,\"publisher\":{\"@id\":\"https:\\\/\\\/l21.mx\\\/#organization\"},\"image\":{\"@id\":\"https:\\\/\\\/l21.mx\\\/?p=34363#primaryimage\"},\"thumbnailUrl\":\"https:\\\/\\\/l21.mx\\\/wp-content\\\/uploads\\\/2018\\\/11\\\/Votacion-Tren-Maya-.jpg\",\"articleSection\":[\"Empresas y Negocios\",\"Noticias\",\"Turismo\"],\"inLanguage\":\"es\",\"potentialAction\":[{\"@type\":\"CommentAction\",\"name\":\"Comment\",\"target\":[\"https:\\\/\\\/l21.mx\\\/?p=34363#respond\"]}]},{\"@type\":\"WebPage\",\"@id\":\"https:\\\/\\\/l21.mx\\\/?p=34363\",\"url\":\"https:\\\/\\\/l21.mx\\\/?p=34363\",\"name\":\"El 89.9 por ciento dijo que S\u00ed al Tren Maya en la megaconsulta | Revista Latitud 21\",\"isPartOf\":{\"@id\":\"https:\\\/\\\/l21.mx\\\/#website\"},\"primaryImageOfPage\":{\"@id\":\"https:\\\/\\\/l21.mx\\\/?p=34363#primaryimage\"},\"image\":{\"@id\":\"https:\\\/\\\/l21.mx\\\/?p=34363#primaryimage\"},\"thumbnailUrl\":\"https:\\\/\\\/l21.mx\\\/wp-content\\\/uploads\\\/2018\\\/11\\\/Votacion-Tren-Maya-.jpg\",\"datePublished\":\"2018-11-26T19:44:13+00:00\",\"description\":\"L21, Emprendedores y Negocios en el Caribe Mexicano, es la revista l\u00edder entre el Sector Empresarial y Tur\u00edstico del Caribe Mexicano.\",\"breadcrumb\":{\"@id\":\"https:\\\/\\\/l21.mx\\\/?p=34363#breadcrumb\"},\"inLanguage\":\"es\",\"potentialAction\":[{\"@type\":\"ReadAction\",\"target\":[\"https:\\\/\\\/l21.mx\\\/?p=34363\"]}]},{\"@type\":\"ImageObject\",\"inLanguage\":\"es\",\"@id\":\"https:\\\/\\\/l21.mx\\\/?p=34363#primaryimage\",\"url\":\"https:\\\/\\\/l21.mx\\\/wp-content\\\/uploads\\\/2018\\\/11\\\/Votacion-Tren-Maya-.jpg\",\"contentUrl\":\"https:\\\/\\\/l21.mx\\\/wp-content\\\/uploads\\\/2018\\\/11\\\/Votacion-Tren-Maya-.jpg\",\"width\":960,\"height\":500},{\"@type\":\"BreadcrumbList\",\"@id\":\"https:\\\/\\\/l21.mx\\\/?p=34363#breadcrumb\",\"itemListElement\":[{\"@type\":\"ListItem\",\"position\":1,\"name\":\"Portada\",\"item\":\"https:\\\/\\\/l21.mx\\\/\"},{\"@type\":\"ListItem\",\"position\":2,\"name\":\"El 89.9 por ciento dijo que S\u00ed al Tren Maya en la megaconsulta\"}]},{\"@type\":\"WebSite\",\"@id\":\"https:\\\/\\\/l21.mx\\\/#website\",\"url\":\"https:\\\/\\\/l21.mx\\\/\",\"name\":\"Revista Latitud 21\",\"description\":\"Emprendedores  y negocios en el Caribe Mexicano\",\"publisher\":{\"@id\":\"https:\\\/\\\/l21.mx\\\/#organization\"},\"potentialAction\":[{\"@type\":\"SearchAction\",\"target\":{\"@type\":\"EntryPoint\",\"urlTemplate\":\"https:\\\/\\\/l21.mx\\\/?s={search_term_string}\"},\"query-input\":{\"@type\":\"PropertyValueSpecification\",\"valueRequired\":true,\"valueName\":\"search_term_string\"}}],\"inLanguage\":\"es\"},{\"@type\":\"Organization\",\"@id\":\"https:\\\/\\\/l21.mx\\\/#organization\",\"name\":\"Grupo Editorial Latitud 21 SA de CV\",\"url\":\"https:\\\/\\\/l21.mx\\\/\",\"logo\":{\"@type\":\"ImageObject\",\"inLanguage\":\"es\",\"@id\":\"https:\\\/\\\/l21.mx\\\/#\\\/schema\\\/logo\\\/image\\\/\",\"url\":\"https:\\\/\\\/l21.mx\\\/wp-content\\\/uploads\\\/2020\\\/10\\\/logo-l21-baja.jpg\",\"contentUrl\":\"https:\\\/\\\/l21.mx\\\/wp-content\\\/uploads\\\/2020\\\/10\\\/logo-l21-baja.jpg\",\"width\":250,\"height\":250,\"caption\":\"Grupo Editorial Latitud 21 SA de CV\"},\"image\":{\"@id\":\"https:\\\/\\\/l21.mx\\\/#\\\/schema\\\/logo\\\/image\\\/\"},\"sameAs\":[\"https:\\\/\\\/www.facebook.com\\\/RevistaLatitud21\\\/\",\"https:\\\/\\\/x.com\\\/Latitud21mx\"]},{\"@type\":\"Person\",\"@id\":\"https:\\\/\\\/l21.mx\\\/#\\\/schema\\\/person\\\/066641669c6ee7227953da2a023ebcde\",\"name\":\"Redacci\u00f3n\",\"url\":\"https:\\\/\\\/l21.mx\\\/?author=69\"}]}<\/script>\n<!-- \/ Yoast SEO plugin. -->","yoast_head_json":{"title":"El 89.9 por ciento dijo que S\u00ed al Tren Maya en la megaconsulta | Revista Latitud 21","description":"L21, Emprendedores y Negocios en el Caribe Mexicano, es la revista l\u00edder entre el Sector Empresarial y Tur\u00edstico del Caribe Mexicano.","robots":{"index":"index","follow":"follow","max-snippet":"max-snippet:-1","max-image-preview":"max-image-preview:large","max-video-preview":"max-video-preview:-1"},"canonical":"https:\/\/l21.mx\/?p=34363","twitter_card":"summary_large_image","twitter_title":"El 89.9 por ciento dijo que S\u00ed al Tren Maya en la megaconsulta | Revista Latitud 21","twitter_description":"L21, Emprendedores y Negocios en el Caribe Mexicano, es la revista l\u00edder entre el Sector Empresarial y Tur\u00edstico del Caribe Mexicano.","twitter_image":"https:\/\/l21.mx\/wp-content\/uploads\/2018\/11\/Votacion-Tren-Maya-.jpg","twitter_creator":"@Latitud21mx","twitter_site":"@Latitud21mx","twitter_misc":{"Escrito por":"Redacci\u00f3n","Tiempo de lectura":"2 minutos"},"schema":{"@context":"https:\/\/schema.org","@graph":[{"@type":"Article","@id":"https:\/\/l21.mx\/?p=34363#article","isPartOf":{"@id":"https:\/\/l21.mx\/?p=34363"},"author":{"name":"Redacci\u00f3n","@id":"https:\/\/l21.mx\/#\/schema\/person\/066641669c6ee7227953da2a023ebcde"},"headline":"El 89.9 por ciento dijo que S\u00ed al Tren Maya en la megaconsulta","datePublished":"2018-11-26T19:44:13+00:00","mainEntityOfPage":{"@id":"https:\/\/l21.mx\/?p=34363"},"wordCount":439,"commentCount":0,"publisher":{"@id":"https:\/\/l21.mx\/#organization"},"image":{"@id":"https:\/\/l21.mx\/?p=34363#primaryimage"},"thumbnailUrl":"https:\/\/l21.mx\/wp-content\/uploads\/2018\/11\/Votacion-Tren-Maya-.jpg","articleSection":["Empresas y Negocios","Noticias","Turismo"],"inLanguage":"es","potentialAction":[{"@type":"CommentAction","name":"Comment","target":["https:\/\/l21.mx\/?p=34363#respond"]}]},{"@type":"WebPage","@id":"https:\/\/l21.mx\/?p=34363","url":"https:\/\/l21.mx\/?p=34363","name":"El 89.9 por ciento dijo que S\u00ed al Tren Maya en la megaconsulta | Revista Latitud 21","isPartOf":{"@id":"https:\/\/l21.mx\/#website"},"primaryImageOfPage":{"@id":"https:\/\/l21.mx\/?p=34363#primaryimage"},"image":{"@id":"https:\/\/l21.mx\/?p=34363#primaryimage"},"thumbnailUrl":"https:\/\/l21.mx\/wp-content\/uploads\/2018\/11\/Votacion-Tren-Maya-.jpg","datePublished":"2018-11-26T19:44:13+00:00","description":"L21, Emprendedores y Negocios en el Caribe Mexicano, es la revista l\u00edder entre el Sector Empresarial y Tur\u00edstico del Caribe Mexicano.","breadcrumb":{"@id":"https:\/\/l21.mx\/?p=34363#breadcrumb"},"inLanguage":"es","potentialAction":[{"@type":"ReadAction","target":["https:\/\/l21.mx\/?p=34363"]}]},{"@type":"ImageObject","inLanguage":"es","@id":"https:\/\/l21.mx\/?p=34363#primaryimage","url":"https:\/\/l21.mx\/wp-content\/uploads\/2018\/11\/Votacion-Tren-Maya-.jpg","contentUrl":"https:\/\/l21.mx\/wp-content\/uploads\/2018\/11\/Votacion-Tren-Maya-.jpg","width":960,"height":500},{"@type":"BreadcrumbList","@id":"https:\/\/l21.mx\/?p=34363#breadcrumb","itemListElement":[{"@type":"ListItem","position":1,"name":"Portada","item":"https:\/\/l21.mx\/"},{"@type":"ListItem","position":2,"name":"El 89.9 por ciento dijo que S\u00ed al Tren Maya en la megaconsulta"}]},{"@type":"WebSite","@id":"https:\/\/l21.mx\/#website","url":"https:\/\/l21.mx\/","name":"Revista Latitud 21","description":"Emprendedores  y negocios en el Caribe Mexicano","publisher":{"@id":"https:\/\/l21.mx\/#organization"},"potentialAction":[{"@type":"SearchAction","target":{"@type":"EntryPoint","urlTemplate":"https:\/\/l21.mx\/?s={search_term_string}"},"query-input":{"@type":"PropertyValueSpecification","valueRequired":true,"valueName":"search_term_string"}}],"inLanguage":"es"},{"@type":"Organization","@id":"https:\/\/l21.mx\/#organization","name":"Grupo Editorial Latitud 21 SA de CV","url":"https:\/\/l21.mx\/","logo":{"@type":"ImageObject","inLanguage":"es","@id":"https:\/\/l21.mx\/#\/schema\/logo\/image\/","url":"https:\/\/l21.mx\/wp-content\/uploads\/2020\/10\/logo-l21-baja.jpg","contentUrl":"https:\/\/l21.mx\/wp-content\/uploads\/2020\/10\/logo-l21-baja.jpg","width":250,"height":250,"caption":"Grupo Editorial Latitud 21 SA de CV"},"image":{"@id":"https:\/\/l21.mx\/#\/schema\/logo\/image\/"},"sameAs":["https:\/\/www.facebook.com\/RevistaLatitud21\/","https:\/\/x.com\/Latitud21mx"]},{"@type":"Person","@id":"https:\/\/l21.mx\/#\/schema\/person\/066641669c6ee7227953da2a023ebcde","name":"Redacci\u00f3n","url":"https:\/\/l21.mx\/?author=69"}]}},"amp_enabled":true,"_links":{"self":[{"href":"https:\/\/l21.mx\/index.php?rest_route=\/wp\/v2\/posts\/34363","targetHints":{"allow":["GET"]}}],"collection":[{"href":"https:\/\/l21.mx\/index.php?rest_route=\/wp\/v2\/posts"}],"about":[{"href":"https:\/\/l21.mx\/index.php?rest_route=\/wp\/v2\/types\/post"}],"author":[{"embeddable":true,"href":"https:\/\/l21.mx\/index.php?rest_route=\/wp\/v2\/users\/69"}],"replies":[{"embeddable":true,"href":"https:\/\/l21.mx\/index.php?rest_route=%2Fwp%2Fv2%2Fcomments&post=34363"}],"version-history":[{"count":0,"href":"https:\/\/l21.mx\/index.php?rest_route=\/wp\/v2\/posts\/34363\/revisions"}],"wp:featuredmedia":[{"embeddable":true,"href":"https:\/\/l21.mx\/index.php?rest_route=\/wp\/v2\/media\/34369"}],"wp:attachment":[{"href":"https:\/\/l21.mx\/index.php?rest_route=%2Fwp%2Fv2%2Fmedia&parent=34363"}],"wp:term":[{"taxonomy":"category","embeddable":true,"href":"https:\/\/l21.mx\/index.php?rest_route=%2Fwp%2Fv2%2Fcategories&post=34363"},{"taxonomy":"post_tag","embeddable":true,"href":"https:\/\/l21.mx\/index.php?rest_route=%2Fwp%2Fv2%2Ftags&post=34363"}],"curies":[{"name":"wp","href":"https:\/\/api.w.org\/{rel}","templated":true}]}}