{"id":34385,"date":"2018-11-28T14:56:23","date_gmt":"2018-11-28T19:56:23","guid":{"rendered":"http:\/\/innovatori.space\/lat21\/?p=34385"},"modified":"2018-11-28T14:56:23","modified_gmt":"2018-11-28T19:56:23","slug":"sargazo-el-dolor-de-cabeza-para-quintana-roo","status":"publish","type":"post","link":"https:\/\/l21.mx\/?p=34385","title":{"rendered":"Sargazo, un dolor de cabeza para Quintana Roo en 2019"},"content":{"rendered":"<div class=\"columns margin-b-0\">\u00a0<strong>Para la Secretar\u00eda del Medio Ambiente de Quintana Roo (Sema)<\/strong> la principal preocupaci\u00f3n para el pr\u00f3ximo a\u00f1o es el sargazo.<\/p>\n<div id=\"attachment_34484\" style=\"width: 1034px\" class=\"wp-caption alignnone\"><a href=\"http:\/\/l21.mx\/wp-content\/uploads\/2018\/11\/Barrera-Sargazo.jpg\" data-rel=\"penci-gallery-image-content\" ><img fetchpriority=\"high\" decoding=\"async\" aria-describedby=\"caption-attachment-34484\" class=\"wp-image-34484 size-large\" src=\"http:\/\/l21.mx\/wp-content\/uploads\/2018\/11\/Barrera-Sargazo-1024x597.jpg\" alt=\"\" width=\"1024\" height=\"597\" \/><\/a><p id=\"caption-attachment-34484\" class=\"wp-caption-text\">Playa protegida de Sargassum por una barrera flotante. Foto: TheOceanCleaner<\/p><\/div>\n<\/div>\n<div class=\"columns margin-b-0\">\n<div class=\"column is-12-touch is-8-desktop\">\n<p class=\"paragraph\" data-count=\"486\" data-wrap=\"76\"><strong>Para la Secretar\u00eda del Medio Ambiente de Quintana Roo (Sema)<\/strong> la principal preocupaci\u00f3n para el pr\u00f3ximo a\u00f1o es el sargazo, por lo que est\u00e1 solicitando un presupuesto de 250 millones de pesos para contratar servicios de contenci\u00f3n, limpieza y disposici\u00f3n del alga en mar y playa, independientemente del financiamiento para investigaci\u00f3n que se promueven por medio de los Consejos Nacional y Estatal de Ciencia y Tecnolog\u00eda y de la Sectur, manifest\u00f3 su titular Alfredo Arellano Guillermo.<\/p>\n<p class=\"paragraph\" data-count=\"259\" data-wrap=\"40\">\u00abEstamos trabajando en Puerto Morelos, Canc\u00fan, Tulum, Mahahual y Akumal. En Playa del Carmen se labora en la limpieza de playas y la colocaci\u00f3n de barreras para contener el sargazo, actividades que estaremos concluyendo a principios del pr\u00f3ximo mes\u00bb, se\u00f1al\u00f3.<\/p>\n<p class=\"paragraph\" data-count=\"113\" data-wrap=\"19\">En los trabajos de contenci\u00f3n, recolecci\u00f3n y disposici\u00f3n del alga ya se invirtieron m\u00e1s de 60 millones de pesos.<\/p>\n<div id=\"attachment_34486\" style=\"width: 1034px\" class=\"wp-caption alignnone\"><a href=\"http:\/\/l21.mx\/wp-content\/uploads\/2018\/11\/Sargazo-contenedor.jpg\" data-rel=\"penci-gallery-image-content\" ><img decoding=\"async\" aria-describedby=\"caption-attachment-34486\" class=\"wp-image-34486 size-large\" src=\"http:\/\/l21.mx\/wp-content\/uploads\/2018\/11\/Sargazo-contenedor-1024x640.jpg\" alt=\"\" width=\"1024\" height=\"640\" \/><\/a><p id=\"caption-attachment-34486\" class=\"wp-caption-text\">En los trabajos de contenci\u00f3n, recolecci\u00f3n y disposici\u00f3n del alga ya se invirtieron m\u00e1s de 60 millones de pesos. Foto: MBC<\/p><\/div>\n<p>&nbsp;<\/p>\n<p class=\"paragraph\" data-count=\"310\" data-wrap=\"45\">\u00abHay varias empresas contratadas y estamos demostrando la viabilidad de la tecnolog\u00eda de barreras de contenci\u00f3n. El pr\u00f3ximo a\u00f1o analizaremos con la nueva autoridad federal y los municipios c\u00f3mo abordar esta problem\u00e1tica y cu\u00e1l puede ser la mejor opci\u00f3n metodol\u00f3gica para atenderla\u00bb, agreg\u00f3 Arellano Guillermo.<\/p>\n<p class=\"paragraph\" data-count=\"258\" data-wrap=\"42\">El funcionario record\u00f3 que un consejo de organizaciones present\u00f3 un <a href=\"https:\/\/www.youtube.com\/watch?v=la2qB30QO2M\" target=\"_blank\" rel=\"noopener\">modelo de barcaza recolectora<\/a> que est\u00e1 en pruebas, pero se trata de un proyecto privado que a\u00fan se est\u00e1 ajustando, de hecho la m\u00e1quina se regres\u00f3 a los talleres para hacerle modificaciones.<\/p>\n<p class=\"paragraph\" data-count=\"144\" data-wrap=\"25\">En su momento, la Semarnat la evaluar\u00e1 y pondr\u00e1 en la mesa su funcionamiento. De ser viable, habr\u00e1 qu\u00e9 ver los recursos para su financiamiento.<\/p>\n<p class=\"paragraph\" data-count=\"196\" data-wrap=\"31\">Sobre el presupuesto para la compra de maquinaria, dijo que se trabajan con el Congreso Federal algunas propuestas financieras, a fin de prevenir contingencias el a\u00f1o pr\u00f3ximo.<\/p>\n<\/div>\n<\/div>\n","protected":false},"excerpt":{"rendered":"<p>\u00a0Para la Secretar\u00eda del Medio Ambiente de Quintana Roo (Sema) la principal preocupaci\u00f3n para el pr\u00f3ximo&hellip;<\/p>\n","protected":false},"author":69,"featured_media":34486,"comment_status":"open","ping_status":"open","sticky":false,"template":"","format":"standard","meta":{"_acf_changed":false,"_lmt_disableupdate":"","_lmt_disable":"","_mbp_gutenberg_autopost":false,"footnotes":""},"categories":[4,23,8],"tags":[],"class_list":["post-34385","post","type-post","status-publish","format-standard","has-post-thumbnail","hentry","category-empresas-y-negocios","category-noticias","category-turismo"],"acf":[],"_links":{"self":[{"href":"https:\/\/l21.mx\/index.php?rest_route=\/wp\/v2\/posts\/34385","targetHints":{"allow":["GET"]}}],"collection":[{"href":"https:\/\/l21.mx\/index.php?rest_route=\/wp\/v2\/posts"}],"about":[{"href":"https:\/\/l21.mx\/index.php?rest_route=\/wp\/v2\/types\/post"}],"author":[{"embeddable":true,"href":"https:\/\/l21.mx\/index.php?rest_route=\/wp\/v2\/users\/69"}],"replies":[{"embeddable":true,"href":"https:\/\/l21.mx\/index.php?rest_route=%2Fwp%2Fv2%2Fcomments&post=34385"}],"version-history":[{"count":0,"href":"https:\/\/l21.mx\/index.php?rest_route=\/wp\/v2\/posts\/34385\/revisions"}],"wp:featuredmedia":[{"embeddable":true,"href":"https:\/\/l21.mx\/index.php?rest_route=\/wp\/v2\/media\/34486"}],"wp:attachment":[{"href":"https:\/\/l21.mx\/index.php?rest_route=%2Fwp%2Fv2%2Fmedia&parent=34385"}],"wp:term":[{"taxonomy":"category","embeddable":true,"href":"https:\/\/l21.mx\/index.php?rest_route=%2Fwp%2Fv2%2Fcategories&post=34385"},{"taxonomy":"post_tag","embeddable":true,"href":"https:\/\/l21.mx\/index.php?rest_route=%2Fwp%2Fv2%2Ftags&post=34385"}],"curies":[{"name":"wp","href":"https:\/\/api.w.org\/{rel}","templated":true}]}}