{"id":34464,"date":"2018-11-28T11:53:17","date_gmt":"2018-11-28T16:53:17","guid":{"rendered":"http:\/\/innovatori.space\/lat21\/?p=34464"},"modified":"2019-01-08T12:49:12","modified_gmt":"2019-01-08T17:49:12","slug":"distrito-del-pan","status":"publish","type":"post","link":"https:\/\/l21.mx\/?p=34464","title":{"rendered":"\u2b06\u2b06 \u2022 Distrito del pan"},"content":{"rendered":"<p><img fetchpriority=\"high\" decoding=\"async\" class=\"aligncenter size-full wp-image-34466\" src=\"http:\/\/l21.mx\/wp-content\/uploads\/2018\/11\/distrito.jpg\" alt=\"\" width=\"800\" height=\"533\" srcset=\"https:\/\/l21.mx\/wp-content\/uploads\/2018\/11\/distrito.jpg 800w, https:\/\/l21.mx\/wp-content\/uploads\/2018\/11\/distrito-300x200.jpg 300w, https:\/\/l21.mx\/wp-content\/uploads\/2018\/11\/distrito-768x512.jpg 768w, https:\/\/l21.mx\/wp-content\/uploads\/2018\/11\/distrito-585x390.jpg 585w, https:\/\/l21.mx\/wp-content\/uploads\/2018\/11\/distrito-263x175.jpg 263w\" sizes=\"(max-width: 800px) 100vw, 800px\" \/><\/p>\n<p>Especializados en el \u00e1rea de panader\u00eda y pasteler\u00eda, abren su primera sucursal en Canc\u00fan; decorado con un estilo vanguardista pone a disposici\u00f3n una variedad de panes y pasteles con recetas de anta\u00f1o, adem\u00e1s de postres como helados, caf\u00e9 y gelatinas. Superficie, 80 m2. Genera dos empleos directos y 10 indirectos. Av. Huayac\u00e1n, Plaza Murano, SM 313, Mza. 227, lote 8, Canc\u00fan, Q. Roo. Tel. (998)802 24 19. Correo electr\u00f3nico: caja@distritodelpan.com.mx. Facebook:distritodelpan<\/p>\n","protected":false},"excerpt":{"rendered":"<p>Especializados en el \u00e1rea de panader\u00eda y pasteler\u00eda, abren su primera sucursal en Canc\u00fan; decorado con&hellip;<\/p>\n","protected":false},"author":2,"featured_media":34466,"comment_status":"closed","ping_status":"closed","sticky":false,"template":"","format":"standard","meta":{"_acf_changed":false,"_lmt_disableupdate":"","_lmt_disable":"","_mbp_gutenberg_autopost":false,"footnotes":""},"categories":[10],"tags":[],"class_list":["post-34464","post","type-post","status-publish","format-standard","has-post-thumbnail","hentry","category-sube-y-baja"],"acf":[],"_links":{"self":[{"href":"https:\/\/l21.mx\/index.php?rest_route=\/wp\/v2\/posts\/34464","targetHints":{"allow":["GET"]}}],"collection":[{"href":"https:\/\/l21.mx\/index.php?rest_route=\/wp\/v2\/posts"}],"about":[{"href":"https:\/\/l21.mx\/index.php?rest_route=\/wp\/v2\/types\/post"}],"author":[{"embeddable":true,"href":"https:\/\/l21.mx\/index.php?rest_route=\/wp\/v2\/users\/2"}],"replies":[{"embeddable":true,"href":"https:\/\/l21.mx\/index.php?rest_route=%2Fwp%2Fv2%2Fcomments&post=34464"}],"version-history":[{"count":0,"href":"https:\/\/l21.mx\/index.php?rest_route=\/wp\/v2\/posts\/34464\/revisions"}],"wp:featuredmedia":[{"embeddable":true,"href":"https:\/\/l21.mx\/index.php?rest_route=\/wp\/v2\/media\/34466"}],"wp:attachment":[{"href":"https:\/\/l21.mx\/index.php?rest_route=%2Fwp%2Fv2%2Fmedia&parent=34464"}],"wp:term":[{"taxonomy":"category","embeddable":true,"href":"https:\/\/l21.mx\/index.php?rest_route=%2Fwp%2Fv2%2Fcategories&post=34464"},{"taxonomy":"post_tag","embeddable":true,"href":"https:\/\/l21.mx\/index.php?rest_route=%2Fwp%2Fv2%2Ftags&post=34464"}],"curies":[{"name":"wp","href":"https:\/\/api.w.org\/{rel}","templated":true}]}}