{"id":34625,"date":"2018-12-04T13:46:39","date_gmt":"2018-12-04T18:46:39","guid":{"rendered":"http:\/\/innovatori.space\/lat21\/?p=34625"},"modified":"2018-12-04T13:47:58","modified_gmt":"2018-12-04T18:47:58","slug":"nombramientos-diciembre-2018","status":"publish","type":"post","link":"https:\/\/l21.mx\/?p=34625","title":{"rendered":"Nombramientos Diciembre 2018"},"content":{"rendered":"<p style=\"text-align: center;\"><a href=\"http:\/\/l21.mx\/wp-content\/uploads\/2018\/12\/nombramientos-diciembre-2018-latitud21.jpg\"><br \/>\n<\/a><br \/>\n<a href=\"http:\/\/l21.mx\/wp-content\/uploads\/2018\/12\/miguel-torruco.jpg\" data-rel=\"penci-gallery-image-content\" ><img fetchpriority=\"high\" decoding=\"async\" class=\"aligncenter size-full wp-image-34626\" src=\"http:\/\/l21.mx\/wp-content\/uploads\/2018\/12\/miguel-torruco.jpg\" alt=\"\" width=\"238\" height=\"296\" \/><\/a><a href=\"http:\/\/l21.mx\/wp-content\/uploads\/2018\/12\/pablo-ponton.jpg\"><br \/>\n<\/a> <strong>GOBIERNO<\/strong><\/p>\n<p><b>Miguel Torruco<span class=\"Apple-converted-space\">\u00a0<\/span><\/b>ocupa el cargo de secretario de Turismo del gobierno federal en sustituci\u00f3n de Enrique de la Madrid.<\/p>\n<p><b>Lugar de origen:<span class=\"Apple-converted-space\">\u00a0<\/span><\/b>Ciudad de M\u00e9xico.<span class=\"Apple-converted-space\">\u00a0<\/span><\/p>\n<p><b>Estudios:<span class=\"Apple-converted-space\">\u00a0<\/span><\/b>Licenciado en Administraci\u00f3n Hotelera y Restaurantera, Escuela Mexicana de Turismo; diplomado en Alta Direcci\u00f3n, INAP; especialidad en Hoteler\u00eda por la Universidad de Cornell, EU, y en Comercializaci\u00f3n Tur\u00edstica por el Centro Interamericano de Capacitaci\u00f3n Tur\u00edstica.<\/p>\n<p><b>Desarrollo profesional:<span class=\"Apple-converted-space\">\u00a0<\/span><\/b>Confederaci\u00f3n Panamericana de Escuelas de Hoteler\u00eda, Gastronom\u00eda y Turismo (Conpeht), Asociaci\u00f3n Mexicana de Hoteles, Moteles y Turismo de la Concanaco.<span class=\"Apple-converted-space\">\u00a0<\/span><\/p>\n<p><a href=\"http:\/\/l21.mx\/wp-content\/uploads\/2018\/12\/rogelio-jimenez.jpg\" data-rel=\"penci-gallery-image-content\" ><img decoding=\"async\" class=\"aligncenter size-full wp-image-34627\" src=\"http:\/\/l21.mx\/wp-content\/uploads\/2018\/12\/rogelio-jimenez.jpg\" alt=\"\" width=\"239\" height=\"301\" \/><\/a><\/p>\n<p style=\"text-align: center;\"><strong>GOBIERNO<span class=\"Apple-converted-space\">\u00a0<\/span><\/strong><\/p>\n<p><b>Rogelio<span class=\"Apple-converted-space\">\u00a0<\/span><\/b><b>Jim\u00e9nez Pons<span class=\"Apple-converted-space\">\u00a0<\/span><\/b>asume la direcci\u00f3n general del Fondo Nacional de Fomento al Turismo (Fonatur) en sustituci\u00f3n de<span class=\"Apple-converted-space\">\u00a0 <\/span>Miguel Alonso Reyes.<\/p>\n<p><b>Lugar de origen:<span class=\"Apple-converted-space\">\u00a0<\/span><\/b>Ciudad de M\u00e9xico.<\/p>\n<p><b>Estudios:<span class=\"Apple-converted-space\">\u00a0<\/span><\/b>Licenciado en Arquitectura, Universidad Nacional Aut\u00f3noma de M\u00e9xico (UNAM).<\/p>\n<p><b>Desarrollo profesional:<\/b><span class=\"Apple-converted-space\">\u00a0<\/span>Direcci\u00f3n de Turismo de Tabasco, JP Arquitectos, Universidad Nacional Aut\u00f3noma de M\u00e9xico, Universidad Iberoamericana.<\/p>\n<p><a href=\"http:\/\/l21.mx\/wp-content\/uploads\/2018\/12\/antonia-rusca_.jpg\" data-rel=\"penci-gallery-image-content\" ><img decoding=\"async\" class=\"aligncenter size-full wp-image-34628\" src=\"http:\/\/l21.mx\/wp-content\/uploads\/2018\/12\/antonia-rusca_.jpg\" alt=\"\" width=\"241\" height=\"313\" srcset=\"https:\/\/l21.mx\/wp-content\/uploads\/2018\/12\/antonia-rusca_.jpg 241w, https:\/\/l21.mx\/wp-content\/uploads\/2018\/12\/antonia-rusca_-231x300.jpg 231w\" sizes=\"(max-width: 241px) 100vw, 241px\" \/><\/a><\/p>\n<p style=\"text-align: center;\"><strong>EMPRESAS<\/strong><\/p>\n<p><b>Antonia Rusca<\/b><span class=\"Apple-converted-space\">\u00a0<\/span>es nombrada directora editorial<span class=\"Apple-converted-space\">\u00a0<\/span>de la revista <b>Latitud 21<\/b><span class=\"Apple-converted-space\">\u00a0<\/span>(puesto de nueva creaci\u00f3n).<\/p>\n<p><b>Lugar de origen:<span class=\"Apple-converted-space\">\u00a0<\/span><\/b>Veracruz.<span class=\"Apple-converted-space\">\u00a0<\/span><\/p>\n<p><b>Arribo a Canc\u00fan:<\/b><span class=\"Apple-converted-space\">\u00a0<\/span>1998<\/p>\n<p><b>Estudios:<\/b><span class=\"Apple-converted-space\">\u00a0<\/span>Licenciada en Ciencias de la Comunicaci\u00f3n, Universidad Aut\u00f3noma de Tamaulipas (UAT), Centro Universitario Tampico-Madero.<\/p>\n<p><b>Desarrollo profesional:<span class=\"Apple-converted-space\">\u00a0<\/span><\/b>Grupo Multimedios Estrellas de Oro, Grupo Sipse,<span class=\"Apple-converted-space\">\u00a0 <\/span>Grupo Megamedia (Diario de Yucat\u00e1n).<\/p>\n<p style=\"text-align: center;\"><strong>HOTELES<\/strong><\/p>\n<p><a href=\"http:\/\/l21.mx\/wp-content\/uploads\/2018\/12\/robert-jan.jpg\" data-rel=\"penci-gallery-image-content\" ><img loading=\"lazy\" decoding=\"async\" class=\"aligncenter size-full wp-image-34629\" src=\"http:\/\/l21.mx\/wp-content\/uploads\/2018\/12\/robert-jan.jpg\" alt=\"\" width=\"245\" height=\"302\" srcset=\"https:\/\/l21.mx\/wp-content\/uploads\/2018\/12\/robert-jan.jpg 245w, https:\/\/l21.mx\/wp-content\/uploads\/2018\/12\/robert-jan-243x300.jpg 243w\" sizes=\"(max-width: 245px) 100vw, 245px\" \/><\/a><\/p>\n<p><b>Robert-Jan Woltering<\/b><span class=\"Apple-converted-space\">\u00a0<\/span>ocupa la gerencia general de Fairmont Mayakoba en sustituci\u00f3n de Dennise Clark.<\/p>\n<p><b>Lugar de origen:<span class=\"Apple-converted-space\">\u00a0<\/span><\/b>Alemania.<\/p>\n<p><b>Arribo a Canc\u00fan:<\/b><span class=\"Apple-converted-space\">\u00a0<\/span>2018<\/p>\n<p><b>Estudios:<span class=\"Apple-converted-space\">\u00a0<\/span><\/b>Licenciado en Gesti\u00f3n Hotelera, Hotelschool The Hague.<\/p>\n<p><b>Desarrollo profesional:<span class=\"Apple-converted-space\">\u00a0<\/span><\/b>Hoteles Hilton International y hoteles Sheraton en Holanda, Francia y Madagascar; Grand Hotel Mercure Alfa en Luxemburgo, Raffle Hotel Singapur, hoteles Sofitel en Belfort, B\u00e9lgica, \u00c1msterdam y Alemania.<\/p>\n<p><a href=\"http:\/\/l21.mx\/wp-content\/uploads\/2018\/12\/pablo-ponton.jpg\" data-rel=\"penci-gallery-image-content\" ><img loading=\"lazy\" decoding=\"async\" class=\"aligncenter size-full wp-image-34630\" src=\"http:\/\/l21.mx\/wp-content\/uploads\/2018\/12\/pablo-ponton.jpg\" alt=\"\" width=\"244\" height=\"306\" srcset=\"https:\/\/l21.mx\/wp-content\/uploads\/2018\/12\/pablo-ponton.jpg 244w, https:\/\/l21.mx\/wp-content\/uploads\/2018\/12\/pablo-ponton-239x300.jpg 239w\" sizes=\"(max-width: 244px) 100vw, 244px\" \/><\/a><\/p>\n<p style=\"text-align: center;\"><strong>RESTAURANTES<\/strong><\/p>\n<p><b>Pablo Pont\u00f3n<span class=\"Apple-converted-space\">\u00a0<\/span><\/b>asume la gerencia del restaurante<span class=\"Apple-converted-space\">\u00a0<\/span>Samura (puesto de nueva creaci\u00f3n).<\/p>\n<p><b>Lugar de origen:<span class=\"Apple-converted-space\">\u00a0<\/span><\/b>Ciudad de M\u00e9xico.<\/p>\n<p><b>Arribo a Canc\u00fan:<span class=\"Apple-converted-space\">\u00a0<\/span><\/b>2001<\/p>\n<p><b>Estudios:<\/b><span class=\"Apple-converted-space\">\u00a0<\/span>Licenciado en Administraci\u00f3n de Empresas, Universidad del Valle de<\/p>\n<p>M\u00e9xico; diplomado como <i>sommelier<\/i>, Organizaci\u00f3n Nacional de Sommeliers de M\u00e9xico.<\/p>\n<p><b>Desarrollo profesional:<span class=\"Apple-converted-space\">\u00a0<\/span><\/b>Hotel Grand Oasis Canc\u00fan, Le Blanc Spa Resort, The Royal Playa del Carmen.<span class=\"Apple-converted-space\">\u00a0<\/span><\/p>\n<p><a href=\"http:\/\/l21.mx\/wp-content\/uploads\/2018\/12\/cesar-lozano.jpg\" data-rel=\"penci-gallery-image-content\" ><img loading=\"lazy\" decoding=\"async\" class=\"aligncenter size-full wp-image-34631\" src=\"http:\/\/l21.mx\/wp-content\/uploads\/2018\/12\/cesar-lozano.jpg\" alt=\"\" width=\"252\" height=\"303\" srcset=\"https:\/\/l21.mx\/wp-content\/uploads\/2018\/12\/cesar-lozano.jpg 252w, https:\/\/l21.mx\/wp-content\/uploads\/2018\/12\/cesar-lozano-250x300.jpg 250w\" sizes=\"(max-width: 252px) 100vw, 252px\" \/><\/a><\/p>\n<p style=\"text-align: center;\"><strong>EMPRESAS<\/strong><\/p>\n<p><b>C\u00e9sar Lozano<span class=\"Apple-converted-space\">\u00a0<\/span><\/b>es nombrado gerente de Comunicaci\u00f3n Corporativa de Best Day Travel Group en sustituci\u00f3n de Ariana Mart\u00ednez.<\/p>\n<p><b>Lugar de origen:<\/b><span class=\"Apple-converted-space\">\u00a0<\/span>Ciudad de M\u00e9xico.<\/p>\n<p><b>Arribo a Canc\u00fan:<\/b><span class=\"Apple-converted-space\">\u00a0<\/span>2003<\/p>\n<p><b>Estudios:<span class=\"Apple-converted-space\">\u00a0<\/span><\/b>Licenciado en Ciencias de la Comunicaci\u00f3n Colectiva y Periodismo, Universidad Nacional Aut\u00f3noma de M\u00e9xico (UNAM).<\/p>\n<p><b>Desarrollo profesional:<\/b><span class=\"Apple-converted-space\">\u00a0<\/span>Best Day Travel Group, Sistema Quintanarroense de Comunicaci\u00f3n Social, Tropical Incentives DMC.<\/p>\n<p><a href=\"http:\/\/l21.mx\/wp-content\/uploads\/2018\/12\/xavier-perez.jpg\" data-rel=\"penci-gallery-image-content\" ><img loading=\"lazy\" decoding=\"async\" class=\"aligncenter size-full wp-image-34632\" src=\"http:\/\/l21.mx\/wp-content\/uploads\/2018\/12\/xavier-perez.jpg\" alt=\"\" width=\"253\" height=\"308\" srcset=\"https:\/\/l21.mx\/wp-content\/uploads\/2018\/12\/xavier-perez.jpg 253w, https:\/\/l21.mx\/wp-content\/uploads\/2018\/12\/xavier-perez-246x300.jpg 246w\" sizes=\"(max-width: 253px) 100vw, 253px\" \/><\/a><\/p>\n<p style=\"text-align: center;\"><strong>HOTELES<\/strong><\/p>\n<p><b>Xavier P\u00e9rez Stone<\/b><span class=\"Apple-converted-space\">\u00a0<\/span>asume el cargo de chef ejecutivo del restaurante Cueva Siete del hotel UNICO 20\u00ba87\u00ba Riviera Maya (puesto de nueva creaci\u00f3n).<\/p>\n<p><b>Lugar de origen:<span class=\"Apple-converted-space\">\u00a0<\/span><\/b>Ciudad de M\u00e9xico.<\/p>\n<p><b>Arribo a Canc\u00fan:<\/b><span class=\"Apple-converted-space\">\u00a0<\/span>2012<\/p>\n<p><b>Estudios:<\/b><span class=\"Apple-converted-space\">\u00a0<\/span>Licenciado en Administraci\u00f3n Restaurantera, Universidad Panamericana de Hoteler\u00eda.<span class=\"Apple-converted-space\">\u00a0<\/span><\/p>\n<p><b>Desarrollo profesional:<span class=\"Apple-converted-space\">\u00a0<\/span><\/b>Hotel Grand Velas Riviera Maya, restaurante Axiote, chef de la embajada de Espa\u00f1a en M\u00e9xico, restaurante La Barandilla, de Bruno Oteiza.<span class=\"Apple-converted-space\">\u00a0<\/span><\/p>\n<p><a href=\"http:\/\/l21.mx\/wp-content\/uploads\/2018\/12\/Daniela-Arreola.jpg\" data-rel=\"penci-gallery-image-content\" ><img loading=\"lazy\" decoding=\"async\" class=\"aligncenter size-full wp-image-34633\" src=\"http:\/\/l21.mx\/wp-content\/uploads\/2018\/12\/Daniela-Arreola.jpg\" alt=\"\" width=\"256\" height=\"310\" srcset=\"https:\/\/l21.mx\/wp-content\/uploads\/2018\/12\/Daniela-Arreola.jpg 256w, https:\/\/l21.mx\/wp-content\/uploads\/2018\/12\/Daniela-Arreola-248x300.jpg 248w\" sizes=\"(max-width: 256px) 100vw, 256px\" \/><\/a><\/p>\n<p style=\"text-align: center;\"><strong>HOTELES<\/strong><\/p>\n<p><b>Daniela Arreola<span class=\"Apple-converted-space\">\u00a0<\/span><\/b>ocupa la Direcci\u00f3n de Ventas del grupo Atelier de Hoteles (puesto de nueva creaci\u00f3n).<\/p>\n<p><b>Lugar de origen:<\/b><span class=\"Apple-converted-space\">\u00a0<\/span>Ciudad de M\u00e9xico.<\/p>\n<p><b>Arribo a Canc\u00fan:<\/b><span class=\"Apple-converted-space\">\u00a0<\/span>2004<\/p>\n<p><b>Estudios:<span class=\"Apple-converted-space\">\u00a0<\/span><\/b>Licenciada en Administraci\u00f3n Hotelera, Universidad Intercontinental; diplomado en Hospitalidad y Habilidades de Gesti\u00f3n Hotelera, Instituto Tecnol\u00f3gico y de Estudios Superiores de Monterrey (ITESM).<\/p>\n<p><b>Desarrollo profesional:<\/b><span class=\"Apple-converted-space\">\u00a0<\/span>Marriott Hotels &amp; Resorts, Fiesta Americana Grand Aqua, Fairmont Mayakoba, NIZUC, Resort &amp; Spa, Marriott Canc\u00fan Collection.<\/p>\n<p><a href=\"http:\/\/l21.mx\/wp-content\/uploads\/2018\/12\/nombramientos-diciembre-2018-latitud21.jpg\" data-rel=\"penci-gallery-image-content\" ><img loading=\"lazy\" decoding=\"async\" class=\"aligncenter size-medium wp-image-34635\" src=\"http:\/\/l21.mx\/wp-content\/uploads\/2018\/12\/nombramientos-diciembre-2018-latitud21-193x300.jpg\" alt=\"\" width=\"193\" height=\"300\" srcset=\"https:\/\/l21.mx\/wp-content\/uploads\/2018\/12\/nombramientos-diciembre-2018-latitud21-193x300.jpg 193w, https:\/\/l21.mx\/wp-content\/uploads\/2018\/12\/nombramientos-diciembre-2018-latitud21-660x1024.jpg 660w, https:\/\/l21.mx\/wp-content\/uploads\/2018\/12\/nombramientos-diciembre-2018-latitud21-768x1192.jpg 768w, https:\/\/l21.mx\/wp-content\/uploads\/2018\/12\/nombramientos-diciembre-2018-latitud21-989x1536.jpg 989w, https:\/\/l21.mx\/wp-content\/uploads\/2018\/12\/nombramientos-diciembre-2018-latitud21-1170x1817.jpg 1170w, https:\/\/l21.mx\/wp-content\/uploads\/2018\/12\/nombramientos-diciembre-2018-latitud21-585x908.jpg 585w, https:\/\/l21.mx\/wp-content\/uploads\/2018\/12\/nombramientos-diciembre-2018-latitud21.jpg 1274w\" sizes=\"(max-width: 193px) 100vw, 193px\" \/><\/a><\/p>\n","protected":false},"excerpt":{"rendered":"<p>GOBIERNO Miguel Torruco\u00a0ocupa el cargo de secretario de Turismo del gobierno federal en sustituci\u00f3n de Enrique&hellip;<\/p>\n","protected":false},"author":2,"featured_media":34635,"comment_status":"open","ping_status":"open","sticky":false,"template":"","format":"standard","meta":{"_acf_changed":false,"_lmt_disableupdate":"","_lmt_disable":"","_mbp_gutenberg_autopost":false,"footnotes":""},"categories":[4,23],"tags":[],"class_list":["post-34625","post","type-post","status-publish","format-standard","has-post-thumbnail","hentry","category-empresas-y-negocios","category-noticias"],"acf":[],"_links":{"self":[{"href":"https:\/\/l21.mx\/index.php?rest_route=\/wp\/v2\/posts\/34625","targetHints":{"allow":["GET"]}}],"collection":[{"href":"https:\/\/l21.mx\/index.php?rest_route=\/wp\/v2\/posts"}],"about":[{"href":"https:\/\/l21.mx\/index.php?rest_route=\/wp\/v2\/types\/post"}],"author":[{"embeddable":true,"href":"https:\/\/l21.mx\/index.php?rest_route=\/wp\/v2\/users\/2"}],"replies":[{"embeddable":true,"href":"https:\/\/l21.mx\/index.php?rest_route=%2Fwp%2Fv2%2Fcomments&post=34625"}],"version-history":[{"count":0,"href":"https:\/\/l21.mx\/index.php?rest_route=\/wp\/v2\/posts\/34625\/revisions"}],"wp:featuredmedia":[{"embeddable":true,"href":"https:\/\/l21.mx\/index.php?rest_route=\/wp\/v2\/media\/34635"}],"wp:attachment":[{"href":"https:\/\/l21.mx\/index.php?rest_route=%2Fwp%2Fv2%2Fmedia&parent=34625"}],"wp:term":[{"taxonomy":"category","embeddable":true,"href":"https:\/\/l21.mx\/index.php?rest_route=%2Fwp%2Fv2%2Fcategories&post=34625"},{"taxonomy":"post_tag","embeddable":true,"href":"https:\/\/l21.mx\/index.php?rest_route=%2Fwp%2Fv2%2Ftags&post=34625"}],"curies":[{"name":"wp","href":"https:\/\/api.w.org\/{rel}","templated":true}]}}