{"id":34715,"date":"2018-12-06T11:05:37","date_gmt":"2018-12-06T16:05:37","guid":{"rendered":"http:\/\/innovatori.space\/lat21\/?p=34715"},"modified":"2018-12-06T11:05:37","modified_gmt":"2018-12-06T16:05:37","slug":"tortilla-aumentara-de-precio-el-proximo-ano","status":"publish","type":"post","link":"https:\/\/l21.mx\/?p=34715","title":{"rendered":"Tortilla aumentar\u00e1 de precio el pr\u00f3ximo a\u00f1o"},"content":{"rendered":"<div id=\"attachment_34717\" style=\"width: 810px\" class=\"wp-caption alignnone\"><a href=\"http:\/\/l21.mx\/wp-content\/uploads\/2018\/12\/Precio-Tortilla.jpg\" data-rel=\"penci-gallery-image-content\" ><img fetchpriority=\"high\" decoding=\"async\" aria-describedby=\"caption-attachment-34717\" class=\"wp-image-34717 size-full\" src=\"http:\/\/l21.mx\/wp-content\/uploads\/2018\/12\/Precio-Tortilla.jpg\" alt=\"\" width=\"800\" height=\"533\" srcset=\"https:\/\/l21.mx\/wp-content\/uploads\/2018\/12\/Precio-Tortilla.jpg 800w, https:\/\/l21.mx\/wp-content\/uploads\/2018\/12\/Precio-Tortilla-300x200.jpg 300w, https:\/\/l21.mx\/wp-content\/uploads\/2018\/12\/Precio-Tortilla-768x512.jpg 768w, https:\/\/l21.mx\/wp-content\/uploads\/2018\/12\/Precio-Tortilla-585x390.jpg 585w, https:\/\/l21.mx\/wp-content\/uploads\/2018\/12\/Precio-Tortilla-263x175.jpg 263w\" sizes=\"(max-width: 800px) 100vw, 800px\" \/><\/a><p id=\"caption-attachment-34717\" class=\"wp-caption-text\">Foto: proyectodiez.mx<\/p><\/div>\n<p><strong><span class=\"f4_article-info__excerpt entry-summary\">A pesar de que el precio del ma\u00edz va a la baja, los productores de ma\u00edz anticipan una subida del coste de la tortilla para 2019.<\/span><\/strong><\/p>\n<p>El presidente de la Confederaci\u00f3n Nacional de Productores Agr\u00edcolas de Ma\u00edz de M\u00e9xico (CNPAMM), <strong>Juan Pablo Rojas, anticip\u00f3<\/strong> un ajuste en el precio de la tortilla a principios de 2019, como consecuencia del incremento de las gasolinas y el di\u00e9sel.<\/p>\n<p>Expuso en rueda de prensa que <strong>la situaci\u00f3n ser\u00e1 responsabilidad de los industriales y no de los productores<\/strong>, porque el ma\u00edz muestra una tendencia a la baja, al ubicarse en 3,400 pesos la tonelada del grano a nivel internacional.<\/p>\n<p>Aclar\u00f3 que lo anterior de ninguna manera castiga el precio, sin embargo,<strong> otros insumos y servicios s\u00ed<\/strong> <strong>empujan una posible alza<\/strong> para este producto b\u00e1sico en las pr\u00f3ximas semanas.<\/p>\n<p><span style=\"color: #999999;\">Fuente: Forbes<\/span><\/p>\n","protected":false},"excerpt":{"rendered":"<p>A pesar de que el precio del ma\u00edz va a la baja, los productores de ma\u00edz&hellip;<\/p>\n","protected":false},"author":69,"featured_media":34717,"comment_status":"open","ping_status":"open","sticky":false,"template":"","format":"standard","meta":{"_acf_changed":false,"_lmt_disableupdate":"","_lmt_disable":"","_mbp_gutenberg_autopost":false,"footnotes":""},"categories":[4,23],"tags":[],"class_list":["post-34715","post","type-post","status-publish","format-standard","has-post-thumbnail","hentry","category-empresas-y-negocios","category-noticias"],"acf":[],"_links":{"self":[{"href":"https:\/\/l21.mx\/index.php?rest_route=\/wp\/v2\/posts\/34715","targetHints":{"allow":["GET"]}}],"collection":[{"href":"https:\/\/l21.mx\/index.php?rest_route=\/wp\/v2\/posts"}],"about":[{"href":"https:\/\/l21.mx\/index.php?rest_route=\/wp\/v2\/types\/post"}],"author":[{"embeddable":true,"href":"https:\/\/l21.mx\/index.php?rest_route=\/wp\/v2\/users\/69"}],"replies":[{"embeddable":true,"href":"https:\/\/l21.mx\/index.php?rest_route=%2Fwp%2Fv2%2Fcomments&post=34715"}],"version-history":[{"count":0,"href":"https:\/\/l21.mx\/index.php?rest_route=\/wp\/v2\/posts\/34715\/revisions"}],"wp:featuredmedia":[{"embeddable":true,"href":"https:\/\/l21.mx\/index.php?rest_route=\/wp\/v2\/media\/34717"}],"wp:attachment":[{"href":"https:\/\/l21.mx\/index.php?rest_route=%2Fwp%2Fv2%2Fmedia&parent=34715"}],"wp:term":[{"taxonomy":"category","embeddable":true,"href":"https:\/\/l21.mx\/index.php?rest_route=%2Fwp%2Fv2%2Fcategories&post=34715"},{"taxonomy":"post_tag","embeddable":true,"href":"https:\/\/l21.mx\/index.php?rest_route=%2Fwp%2Fv2%2Ftags&post=34715"}],"curies":[{"name":"wp","href":"https:\/\/api.w.org\/{rel}","templated":true}]}}