{"id":34727,"date":"2018-12-06T18:41:45","date_gmt":"2018-12-06T23:41:45","guid":{"rendered":"http:\/\/innovatori.space\/lat21\/?p=34727"},"modified":"2018-12-06T19:07:07","modified_gmt":"2018-12-07T00:07:07","slug":"decidido-el-aicm-sera-para-vuelos-nacionales-y-santa-lucia-para-internacionales","status":"publish","type":"post","link":"https:\/\/l21.mx\/?p=34727","title":{"rendered":"Decidido: el AICM ser\u00e1 para vuelos nacionales y Santa Lucia para Internacionales"},"content":{"rendered":"<div class=\"entry-top galleryDesktop\">\n<div class=\"title\">\n<div id=\"attachment_34728\" style=\"width: 1034px\" class=\"wp-caption alignnone\"><a href=\"http:\/\/l21.mx\/wp-content\/uploads\/2018\/12\/Vuelos.png\" data-rel=\"penci-gallery-image-content\" ><img fetchpriority=\"high\" decoding=\"async\" aria-describedby=\"caption-attachment-34728\" class=\"wp-image-34728 size-large\" src=\"http:\/\/l21.mx\/wp-content\/uploads\/2018\/12\/Vuelos-1024x576.png\" alt=\"\" width=\"1024\" height=\"576\" srcset=\"https:\/\/l21.mx\/wp-content\/uploads\/2018\/12\/Vuelos-1024x576.png 1024w, https:\/\/l21.mx\/wp-content\/uploads\/2018\/12\/Vuelos-300x169.png 300w, https:\/\/l21.mx\/wp-content\/uploads\/2018\/12\/Vuelos-768x432.png 768w, https:\/\/l21.mx\/wp-content\/uploads\/2018\/12\/Vuelos-1536x864.png 1536w, https:\/\/l21.mx\/wp-content\/uploads\/2018\/12\/Vuelos-1170x658.png 1170w, https:\/\/l21.mx\/wp-content\/uploads\/2018\/12\/Vuelos-585x329.png 585w, https:\/\/l21.mx\/wp-content\/uploads\/2018\/12\/Vuelos.png 1920w\" sizes=\"(max-width: 1024px) 100vw, 1024px\" \/><\/a><p id=\"caption-attachment-34728\" class=\"wp-caption-text\">Se requiere redoblar esfuerzos para que el sector se mantenga como una importante palanca de desarrollo. Foto: enelaire.mx<\/p><\/div>\n<p><strong>\u00a0El\u00a0Aeropuerto Internacional de la Ciudad de M\u00e9xico\u00a0(AICM) tendr\u00e1\u00a0solamente operaciones nacionales en el momento que\u00a0comience a funcionar el Aeropuerto Internacional de Santa Luc\u00eda\u00a0(AISL), asegur\u00f3 el secretario de Turismo,\u00a0Miguel Torruco.<\/strong><\/p>\n<\/div>\n<\/div>\n<div class=\"nota-autor clearfix\">\n<p>\u00abYa se defini\u00f3\u00bb, coment\u00f3 en conferencia de prensa, \u00abpor lo que se podr\u00e1 garantizar que <strong>la conectividad a\u00e9rea en el centro del pa\u00eds<\/strong> no se afecte y con ello el turismo siga creciendo\u00bb.<\/p>\n<p>\u00abHabr\u00e1 un gran proyecto aeroportuario metropolitano <strong>cuando se incluya la terminal de Toluca<\/strong>, como lo hacen muchos pa\u00edses\u00bb, coment\u00f3 el funcionario.<\/p>\n<p><a href=\"http:\/\/l21.mx\/wp-content\/uploads\/2018\/12\/AISL.jpg\" data-rel=\"penci-gallery-image-content\" ><img decoding=\"async\" class=\"alignnone size-large wp-image-34729\" src=\"http:\/\/l21.mx\/wp-content\/uploads\/2018\/12\/AISL-1024x576.jpg\" alt=\"\" width=\"1024\" height=\"576\" srcset=\"https:\/\/l21.mx\/wp-content\/uploads\/2018\/12\/AISL-1024x576.jpg 1024w, https:\/\/l21.mx\/wp-content\/uploads\/2018\/12\/AISL-300x169.jpg 300w, https:\/\/l21.mx\/wp-content\/uploads\/2018\/12\/AISL-768x432.jpg 768w, https:\/\/l21.mx\/wp-content\/uploads\/2018\/12\/AISL-585x329.jpg 585w, https:\/\/l21.mx\/wp-content\/uploads\/2018\/12\/AISL.jpg 1120w\" sizes=\"(max-width: 1024px) 100vw, 1024px\" \/><\/a><\/p>\n<p>Cuestionado sobre el tiempo en que el se desarrollar\u00e1 la propuesta, ante\u00a0la cancelaci\u00f3n del Nuevo Aeropuerto Internacional de M\u00e9xico (NAIM)\u00a0reiter\u00f3 que ser\u00e1 en tres a\u00f1os,\u00a0<strong>un plazo menor al que llevar\u00eda continuar en Texcoco<\/strong>.<\/p>\n<p>Sobre los efectos de suspender la construcci\u00f3n, entre ellos la creaci\u00f3n de empleos, se\u00f1al\u00f3 que <strong>antes no se habl\u00f3 de las 39,000 plazas<\/strong> que se eliminar\u00edan al cerrar el AICM ni los de los 80 hoteles o 250 restaurantes afectados.<\/p>\n<p>Reconoci\u00f3 que se han logrado importantes avances en materia tur\u00edstica, pero <strong>se requiere redoblar esfuerzos<\/strong> para que el sector se mantenga como una importante palanca de desarrollo.<\/p>\n<p>Puntualiz\u00f3 que adem\u00e1s <strong>se har\u00e1 un tren que conecte Santa Luc\u00eda<\/strong> con el aeropuerto actual en 17 minutos, sin embargo, no indic\u00f3 cu\u00e1ndo se iniciar\u00e1 la obra y bajo qu\u00e9 condiciones se realizar\u00e1, ya que ello le corresponde a la Secretaria de Comunicaciones y Transportes (<strong>SCT<\/strong>).<\/p>\n<\/div>\n","protected":false},"excerpt":{"rendered":"<p>\u00a0El\u00a0Aeropuerto Internacional de la Ciudad de M\u00e9xico\u00a0(AICM) tendr\u00e1\u00a0solamente operaciones nacionales en el momento que\u00a0comience a funcionar&hellip;<\/p>\n","protected":false},"author":69,"featured_media":34729,"comment_status":"open","ping_status":"open","sticky":false,"template":"","format":"standard","meta":{"_acf_changed":false,"_lmt_disableupdate":"","_lmt_disable":"","_mbp_gutenberg_autopost":false,"footnotes":""},"categories":[4,23,8],"tags":[],"class_list":["post-34727","post","type-post","status-publish","format-standard","has-post-thumbnail","hentry","category-empresas-y-negocios","category-noticias","category-turismo"],"acf":[],"_links":{"self":[{"href":"https:\/\/l21.mx\/index.php?rest_route=\/wp\/v2\/posts\/34727","targetHints":{"allow":["GET"]}}],"collection":[{"href":"https:\/\/l21.mx\/index.php?rest_route=\/wp\/v2\/posts"}],"about":[{"href":"https:\/\/l21.mx\/index.php?rest_route=\/wp\/v2\/types\/post"}],"author":[{"embeddable":true,"href":"https:\/\/l21.mx\/index.php?rest_route=\/wp\/v2\/users\/69"}],"replies":[{"embeddable":true,"href":"https:\/\/l21.mx\/index.php?rest_route=%2Fwp%2Fv2%2Fcomments&post=34727"}],"version-history":[{"count":0,"href":"https:\/\/l21.mx\/index.php?rest_route=\/wp\/v2\/posts\/34727\/revisions"}],"wp:featuredmedia":[{"embeddable":true,"href":"https:\/\/l21.mx\/index.php?rest_route=\/wp\/v2\/media\/34729"}],"wp:attachment":[{"href":"https:\/\/l21.mx\/index.php?rest_route=%2Fwp%2Fv2%2Fmedia&parent=34727"}],"wp:term":[{"taxonomy":"category","embeddable":true,"href":"https:\/\/l21.mx\/index.php?rest_route=%2Fwp%2Fv2%2Fcategories&post=34727"},{"taxonomy":"post_tag","embeddable":true,"href":"https:\/\/l21.mx\/index.php?rest_route=%2Fwp%2Fv2%2Ftags&post=34727"}],"curies":[{"name":"wp","href":"https:\/\/api.w.org\/{rel}","templated":true}]}}