{"id":34745,"date":"2018-12-07T18:51:54","date_gmt":"2018-12-07T23:51:54","guid":{"rendered":"http:\/\/innovatori.space\/lat21\/?p=34745"},"modified":"2018-12-07T18:51:54","modified_gmt":"2018-12-07T23:51:54","slug":"se-va-el-instituto-nacional-del-emprendedor-secretaria-de-economia","status":"publish","type":"post","link":"https:\/\/l21.mx\/?p=34745","title":{"rendered":"Se va el Instituto Nacional del Emprendedor: Secretar\u00eda de Econom\u00eda"},"content":{"rendered":"<hr \/>\n<div class=\"columns margin-b-0\">\n<div class=\"column is-12-touch is-11-desktop\">\n<h1><a href=\"http:\/\/l21.mx\/wp-content\/uploads\/2018\/12\/INADEM.jpg\" data-rel=\"penci-gallery-image-content\" ><img fetchpriority=\"high\" decoding=\"async\" class=\"alignnone wp-image-34746 size-full\" src=\"http:\/\/l21.mx\/wp-content\/uploads\/2018\/12\/INADEM.jpg\" alt=\"\" width=\"620\" height=\"237\" srcset=\"https:\/\/l21.mx\/wp-content\/uploads\/2018\/12\/INADEM.jpg 620w, https:\/\/l21.mx\/wp-content\/uploads\/2018\/12\/INADEM-300x115.jpg 300w, https:\/\/l21.mx\/wp-content\/uploads\/2018\/12\/INADEM-585x224.jpg 585w\" sizes=\"(max-width: 620px) 100vw, 620px\" \/><\/a><\/h1>\n<div id=\"attachment_34747\" style=\"width: 1034px\" class=\"wp-caption alignnone\"><a href=\"http:\/\/l21.mx\/wp-content\/uploads\/2018\/12\/Graciela-M\u00e1rquez.jpg\" data-rel=\"penci-gallery-image-content\" ><img decoding=\"async\" aria-describedby=\"caption-attachment-34747\" class=\"wp-image-34747 size-large\" src=\"http:\/\/l21.mx\/wp-content\/uploads\/2018\/12\/Graciela-M\u00e1rquez-1024x683.jpg\" alt=\"\" width=\"1024\" height=\"683\" \/><\/a><p id=\"caption-attachment-34747\" class=\"wp-caption-text\">Graciela M\u00e1rquez Col\u00edn, titular de la Secretaria de Econom\u00eda.\u00a0<\/p><\/div>\n<h1><strong>La titular de la Secretar\u00eda de Econom\u00eda, Graciela M\u00e1rquez Col\u00edn,\u00a0asegur\u00f3 este viernes que el Gobierno federal eliminar\u00e1 el Instituto Nacional del Emprendedor (Inadem).<\/strong><\/h1>\n<\/div>\n<\/div>\n<div class=\"columns margin-b-0\">\n<div class=\"column is-12-touch is-8-desktop\">\n<p class=\"paragraph\" data-count=\"218\" data-wrap=\"37\">Al ser cuestionada sobre si el programa\u00a0<strong>&#8216;J\u00f3venes Construyendo el Futuro&#8217;\u00a0<\/strong>se trata de un programa similar a lo que hace el instituto, M\u00e1rquez se\u00f1al\u00f3 que el programa es espec\u00edfico para el empleo y que el Inadem ser\u00e1 extinguido.<\/p>\n<p class=\"paragraph\" data-count=\"133\" data-wrap=\"22\">\u00ab<strong>Este es un programa de empleo<\/strong> (&#8216;J\u00f3venes Construyendo al Futuro), al Inadem lo vamos a extinguir\u00bb, dijo en entrevista para medios.<\/p>\n<p class=\"paragraph\" data-count=\"103\" data-wrap=\"16\">La funcionaria indic\u00f3 que a pesar de la extinci\u00f3n del instituto <strong>seguir\u00e1n los apoyos para emprendedores.<\/strong><\/p>\n<p class=\"paragraph\" data-count=\"64\" data-wrap=\"11\">\u00ab<strong>Vamos a dar\u00a03 mil millones de pesos\u00a0en microcr\u00e9ditos<\/strong>\u00ab, asegur\u00f3.<\/p>\n<p class=\"paragraph\" data-count=\"152\" data-wrap=\"23\">El Instituto Nacional del Emprendedor fue creado mediante un decreto en enero de 2013 por la administraci\u00f3n del entonces presidente<strong>\u00a0<\/strong>Enrique Pe\u00f1a Nieto.\u00a0<strong>Entre las funciones para las que el organismo fue creado<\/strong> se encontraban el apoyo a las micro, peque\u00f1as y medianas empresas as\u00ed como el apoyo a los emprendedores.<\/p>\n<p class=\"paragraph\" data-count=\"203\" data-wrap=\"36\">Alejandro Delgado Ayala, quien se desempe\u00f1\u00f3 como titular del instituto en el sexenio de Pe\u00f1a Nieto, afirm\u00f3 <strong>en agosto que en el pasado sexenio se destinaron al organismo m\u00e1s de\u00a0641 mil millones de pesos.<\/strong><\/p>\n<div id=\"attachment_34748\" style=\"width: 1034px\" class=\"wp-caption alignnone\"><a href=\"http:\/\/l21.mx\/wp-content\/uploads\/2018\/12\/Emprendedor.jpg\" data-rel=\"penci-gallery-image-content\" ><img decoding=\"async\" aria-describedby=\"caption-attachment-34748\" class=\"wp-image-34748 size-large\" src=\"http:\/\/l21.mx\/wp-content\/uploads\/2018\/12\/Emprendedor-1024x614.jpg\" alt=\"\" width=\"1024\" height=\"614\" \/><\/a><p id=\"caption-attachment-34748\" class=\"wp-caption-text\">La funcionaria indic\u00f3 que a pesar de la extinci\u00f3n del instituto seguir\u00e1n los apoyos para emprendedores. Foto: retosdirectivos<\/p><\/div>\n<p class=\"paragraph\" data-count=\"444\" data-wrap=\"62\">Por otra parte, el programa \u2018J\u00f3venes Construyendo el Futuro\u2019, firmado este viernes por\u00a0Luisa Mar\u00eda Alcalde, secretaria del Trabajo, y diversos l\u00edderes empresariales, entre ellos\u00a0<strong>Juan Pablo Casta\u00f1\u00f3n<\/strong>, <strong>presidente del Consejo Coordinador Empresarial, busca apoyar a\u00a02.3 millones de j\u00f3venes\u00a0con capacitaci\u00f3n laboral<\/strong> en compa\u00f1\u00edas como Am\u00e9rica M\u00f3vil, Banco Santander, Citibanamex, Grupo Lala, Liverpool, Herdez, Oxxo, Sanborns, Walmart, entre otras.<\/p>\n<p class=\"paragraph\" data-count=\"202\" data-wrap=\"36\">Al plan propuesto por el mandatario Andr\u00e9s Manuel L\u00f3pez Obrador durante su campa\u00f1a a la Presidencia <strong>se sumaron 230 empresas del sector privado que capacitar\u00e1n a j\u00f3venes de entre 18 y 29 a\u00f1os por un a\u00f1o.<\/strong><\/p>\n<p class=\"paragraph\" data-count=\"163\" data-wrap=\"25\">Al final de ese periodo, <strong>las compa\u00f1\u00edas participantes entregar\u00e1n un certificado a los becarios<\/strong> que avalar\u00e1 las competencias y habilidades adquiridas en el trabajo.<\/p>\n<p data-count=\"163\" data-wrap=\"25\"><span style=\"color: #999999;\">Fuente: el financiero<\/span><\/p>\n<\/div>\n<\/div>\n","protected":false},"excerpt":{"rendered":"<p>La titular de la Secretar\u00eda de Econom\u00eda, Graciela M\u00e1rquez Col\u00edn,\u00a0asegur\u00f3 este viernes que el Gobierno federal&hellip;<\/p>\n","protected":false},"author":69,"featured_media":34748,"comment_status":"open","ping_status":"open","sticky":false,"template":"","format":"standard","meta":{"_acf_changed":false,"_lmt_disableupdate":"","_lmt_disable":"","_mbp_gutenberg_autopost":false,"footnotes":""},"categories":[4,23],"tags":[],"class_list":["post-34745","post","type-post","status-publish","format-standard","has-post-thumbnail","hentry","category-empresas-y-negocios","category-noticias"],"acf":[],"_links":{"self":[{"href":"https:\/\/l21.mx\/index.php?rest_route=\/wp\/v2\/posts\/34745","targetHints":{"allow":["GET"]}}],"collection":[{"href":"https:\/\/l21.mx\/index.php?rest_route=\/wp\/v2\/posts"}],"about":[{"href":"https:\/\/l21.mx\/index.php?rest_route=\/wp\/v2\/types\/post"}],"author":[{"embeddable":true,"href":"https:\/\/l21.mx\/index.php?rest_route=\/wp\/v2\/users\/69"}],"replies":[{"embeddable":true,"href":"https:\/\/l21.mx\/index.php?rest_route=%2Fwp%2Fv2%2Fcomments&post=34745"}],"version-history":[{"count":0,"href":"https:\/\/l21.mx\/index.php?rest_route=\/wp\/v2\/posts\/34745\/revisions"}],"wp:featuredmedia":[{"embeddable":true,"href":"https:\/\/l21.mx\/index.php?rest_route=\/wp\/v2\/media\/34748"}],"wp:attachment":[{"href":"https:\/\/l21.mx\/index.php?rest_route=%2Fwp%2Fv2%2Fmedia&parent=34745"}],"wp:term":[{"taxonomy":"category","embeddable":true,"href":"https:\/\/l21.mx\/index.php?rest_route=%2Fwp%2Fv2%2Fcategories&post=34745"},{"taxonomy":"post_tag","embeddable":true,"href":"https:\/\/l21.mx\/index.php?rest_route=%2Fwp%2Fv2%2Ftags&post=34745"}],"curies":[{"name":"wp","href":"https:\/\/api.w.org\/{rel}","templated":true}]}}