{"id":34836,"date":"2018-12-19T11:30:12","date_gmt":"2018-12-19T16:30:12","guid":{"rendered":"http:\/\/innovatori.space\/lat21\/?p=34836"},"modified":"2019-01-31T11:09:12","modified_gmt":"2019-01-31T16:09:12","slug":"__trashed-2","status":"publish","type":"post","link":"https:\/\/l21.mx\/?p=34836","title":{"rendered":"Entrega la Universidad del Caribe  las Becas a J\u00f3venes Ind\u00edgenas 2018"},"content":{"rendered":"<p><em><strong>Los aspectos a evaluar, fueron: excelencia acad\u00e9mica, situaci\u00f3n socioecon\u00f3mica y compromiso con su comunidad.<\/strong><a href=\"http:\/\/l21.mx\/wp-content\/uploads\/2018\/12\/Becas-UC-2.jpg\" data-rel=\"penci-gallery-image-content\" ><img fetchpriority=\"high\" decoding=\"async\" class=\"alignnone wp-image-34837 size-full\" src=\"http:\/\/l21.mx\/wp-content\/uploads\/2018\/12\/Becas-UC-2.jpg\" alt=\"\" width=\"4500\" height=\"2550\" \/><\/a> <\/em><\/p>\n<p><strong>La Universidad del Caribe y la Compa\u00f1\u00eda Alquimia en los Negocios S.C<\/strong>., en el marco de su convenio de colaboraci\u00f3n, hicieron entrega de los ganadores de la convocatoria de Becas a J\u00f3venes Ind\u00edgenas 2018, a Sandra Lizeth Uc Tuz y Russel Octavio Tec Santos, por haber obtenido los puntajes m\u00e1s altos en los aspectos a evaluar, que fueron: excelencia acad\u00e9mica, situaci\u00f3n socioecon\u00f3mica y compromiso con su comunidad.<\/p>\n<p>Estas becas tienen el objetivo de propiciar la incorporaci\u00f3n y permanencia de j\u00f3venes, tanto mujeres como hombres, de comunidades ind\u00edgenas del Estado, a los programas de nivel licenciatura de la Universidad del Caribe;<\/p>\n<p>En el acto, la Rectora de la Universidad del Caribe, Ana Pricila Sosa Ferreira, agradeci\u00f3 el apoyo del empresario Francisco C\u00f3rdova Lira, a quien consider\u00f3 estar convencido de que la educaci\u00f3n p\u00fablica cambia vidas y cambia familias.<\/p>\n<p><em><a href=\"http:\/\/l21.mx\/wp-content\/uploads\/2018\/12\/Becas-UC.jpg\" data-rel=\"penci-gallery-image-content\" ><img decoding=\"async\" class=\"alignnone size-large wp-image-34838\" src=\"http:\/\/l21.mx\/wp-content\/uploads\/2018\/12\/Becas-UC.jpg\" alt=\"\" width=\"1024\" height=\"580\" \/><\/a><\/em><\/p>\n<p>Por su parte, Francisco C\u00f3rdova, presidente del Consejo Directivo de la Universidad del Caribe, inst\u00f3 a los beneficiarios de la beca a ser un ejemplo para sus compa\u00f1eros, as\u00ed como para sus familias y comunidad.<\/p>\n<p>La beca cubre la inscripci\u00f3n semestral de los estudiantes seleccionados, por $2,140.00; as\u00ed como una beca econ\u00f3mica de $4,000.00 mensuales, durante el periodo de octubre de 2018 a julio de 2019.<\/p>\n<p>Para obtenerla es necesario haber alcanzado un promedio general de 9 o m\u00e1s en el ciclo escolar inmediato anterior, y tener promedio de 8.5 o m\u00e1s en toda su carrera, ser integrante de una comunidad ind\u00edgena, hablar una lengua originaria, haber cursado el bachillerato en alg\u00fan municipio de la zona maya del Estado, y la entrega de\u00a0una carta de exposici\u00f3n de motivos donde expresen sus m\u00e9ritos en cuanto a la pertenencia a su comunidad de origen y compromiso profesional para su desarrollo, al finalizar su programa educativo en la Unicaribe.<\/p>\n","protected":false},"excerpt":{"rendered":"<p>Los aspectos a evaluar, fueron: excelencia acad\u00e9mica, situaci\u00f3n socioecon\u00f3mica y compromiso con su comunidad. La Universidad&hellip;<\/p>\n","protected":false},"author":69,"featured_media":34838,"comment_status":"open","ping_status":"open","sticky":false,"template":"","format":"standard","meta":{"_acf_changed":false,"_lmt_disableupdate":"","_lmt_disable":"","_mbp_gutenberg_autopost":false,"footnotes":""},"categories":[23,35],"tags":[],"class_list":["post-34836","post","type-post","status-publish","format-standard","has-post-thumbnail","hentry","category-noticias","category-responsabilidad-social"],"acf":[],"_links":{"self":[{"href":"https:\/\/l21.mx\/index.php?rest_route=\/wp\/v2\/posts\/34836","targetHints":{"allow":["GET"]}}],"collection":[{"href":"https:\/\/l21.mx\/index.php?rest_route=\/wp\/v2\/posts"}],"about":[{"href":"https:\/\/l21.mx\/index.php?rest_route=\/wp\/v2\/types\/post"}],"author":[{"embeddable":true,"href":"https:\/\/l21.mx\/index.php?rest_route=\/wp\/v2\/users\/69"}],"replies":[{"embeddable":true,"href":"https:\/\/l21.mx\/index.php?rest_route=%2Fwp%2Fv2%2Fcomments&post=34836"}],"version-history":[{"count":0,"href":"https:\/\/l21.mx\/index.php?rest_route=\/wp\/v2\/posts\/34836\/revisions"}],"wp:featuredmedia":[{"embeddable":true,"href":"https:\/\/l21.mx\/index.php?rest_route=\/wp\/v2\/media\/34838"}],"wp:attachment":[{"href":"https:\/\/l21.mx\/index.php?rest_route=%2Fwp%2Fv2%2Fmedia&parent=34836"}],"wp:term":[{"taxonomy":"category","embeddable":true,"href":"https:\/\/l21.mx\/index.php?rest_route=%2Fwp%2Fv2%2Fcategories&post=34836"},{"taxonomy":"post_tag","embeddable":true,"href":"https:\/\/l21.mx\/index.php?rest_route=%2Fwp%2Fv2%2Ftags&post=34836"}],"curies":[{"name":"wp","href":"https:\/\/api.w.org\/{rel}","templated":true}]}}