{"id":35113,"date":"2019-01-11T18:33:13","date_gmt":"2019-01-11T23:33:13","guid":{"rendered":"http:\/\/www.latitud21.com.mx\/?p=35113"},"modified":"2019-02-01T13:51:28","modified_gmt":"2019-02-01T18:51:28","slug":"vuela-vuela-llegara-a-cancun-el-festival-de-globos-aerostaticos","status":"publish","type":"post","link":"https:\/\/l21.mx\/?p=35113","title":{"rendered":"Vuela, vuela&#8230; Festival de Globos Aerost\u00e1ticos llega a Canc\u00fan"},"content":{"rendered":"<p class=\"paragraph\" data-count=\"145\" data-wrap=\"27\"><strong>El\u00a0Festival de Globos Aerost\u00e1ticos \u201cVolando el Para\u00edso\u201d, llega a Canc\u00fan del 19 al 21 de abril en el Club de Golf \u201cPok Ta Pok\u201d.<\/strong><\/p>\n<p data-count=\"210\" data-wrap=\"33\"><a href=\"http:\/\/www.latitud21.com.mx\/wp-content\/uploads\/2019\/01\/VUELOS-GLOBOS.jpg\" data-rel=\"penci-gallery-image-content\"  target=\"_blank\" rel=\"noopener\"><img fetchpriority=\"high\" decoding=\"async\" class=\"alignnone size-large wp-image-35114\" src=\"http:\/\/www.latitud21.com.mx\/wp-content\/uploads\/2019\/01\/VUELOS-GLOBOS-1024x767.jpg\" alt=\"\" width=\"1024\" height=\"767\" \/><\/a><\/p>\n<p data-count=\"210\" data-wrap=\"33\"><strong>El aire sopla en tus mejillas, abres tus brazos queriendo abrazar el infinito, como el ave que prepara sus alas para batirlas al viento&#8230; Esa experiencia puede ser tuya en el proximo Festival de Globos Aerostaticos \u00abVolando el Para\u00edso\u00bb, donde se busca atraer al turismo nacional y extranjero diversificando las opciones.<\/strong><\/p>\n<p class=\"paragraph\" data-count=\"208\" data-wrap=\"35\">El Festival Internacional del Globo que realiza anualmente\u00a0Le\u00f3n, Guanajuato, <strong>atrae a 400 mil turistas<\/strong>, se espera que pronto este alcance la misma afluencia de visitantes.<\/p>\n<p class=\"paragraph\" data-count=\"289\" data-wrap=\"50\">Si las condiciones climatol\u00f3gicas lo permiten, <strong>se podr\u00e1n realizar vuelos libres<\/strong> sobre los alrededores de la Laguna Nichupt\u00e9. Si no es el caso, se efectuar\u00e1n recorridos anclados que se elevar\u00e1n entre 20 y 25 metros con un costo que oscilar\u00eda entre los 300 y 800 pesos.<\/p>\n<p class=\"paragraph\" data-count=\"314\" data-wrap=\"51\"><strong>Adem\u00e1s de los viajes en globos<\/strong> habr\u00e1 una serie de actividades para la convivencia de amigos y familiares, como una\u00a0tirolesa\u00a0de 100 metros,\u00a0\u00e1rea de inflables,\u00a0paredes escaladoras, cerca de 700 papalotes por d\u00eda, una carrera de costales con premiaci\u00f3n por parte de patrocinadores, fiesta de espuma y fiesta mexicana.<\/p>\n<p class=\"paragraph\" data-count=\"188\" data-wrap=\"28\">Tambi\u00e9n habr\u00e1 m\u00fasica, \u00e1rea de camping, foodtrucks, \u00e1rea de ni\u00f1os, \u00e1rea de cuenta cuentos, magos, trapecistas, talleres para ni\u00f1os enfocados a la ecolog\u00eda, mariachis y fuegos pirot\u00e9cnicos.<\/p>\n<p data-count=\"188\" data-wrap=\"28\"><a href=\"http:\/\/www.latitud21.com.mx\/wp-content\/uploads\/2019\/01\/viajes-en-globo.jpg\" data-rel=\"penci-gallery-image-content\"  target=\"_blank\" rel=\"noopener\"><img decoding=\"async\" class=\"alignnone size-full wp-image-35115\" src=\"http:\/\/www.latitud21.com.mx\/wp-content\/uploads\/2019\/01\/viajes-en-globo.jpg\" alt=\"\" width=\"960\" height=\"720\" \/><\/a><\/p>\n<p class=\"paragraph\" data-count=\"151\" data-wrap=\"30\">La principal atracci\u00f3n ser\u00e1n los vuelos, pero s\u00f3lo con entrar al lugar <strong>se vivir\u00e1 toda una experiencia.<\/strong> El costo de acceso ser\u00e1 500 pesos general y 300 para locales, adem\u00e1s de 250 pesos por vuelo y ni\u00f1os de menos de 1 metro de altura ingresar\u00e1n sin costo.<\/p>\n<p class=\"paragraph\" data-count=\"327\" data-wrap=\"53\">El director del campo de golf Pok ta Pok, Mart\u00edn Mart\u00ednez Alvarado, asegur\u00f3 que se tiene <strong>espacio suficiente para las necesidades del evento,<\/strong> estacionamiento y servicio de ba\u00f1os, adem\u00e1s de carpas para protegerse del sol y comer.<\/p>\n<p class=\"paragraph\" data-count=\"250\" data-wrap=\"36\">Los organizadores aseguraron que <strong>los encargados de los vuelos son expertos profesionales<\/strong> que han participado en los m\u00e1s grandes festivales nacionales e internacionales, la mayor\u00eda de origen mexicano, pero tambi\u00e9n otros que llegar\u00e1n de Estados Unidos.<\/p>\n<p class=\"paragraph\" data-count=\"190\" data-wrap=\"27\">\n","protected":false},"excerpt":{"rendered":"<p>El\u00a0Festival de Globos Aerost\u00e1ticos \u201cVolando el Para\u00edso\u201d, llega a Canc\u00fan del 19 al 21 de abril&hellip;<\/p>\n","protected":false},"author":69,"featured_media":36067,"comment_status":"open","ping_status":"open","sticky":false,"template":"","format":"standard","meta":{"_acf_changed":false,"_lmt_disableupdate":"","_lmt_disable":"","_mbp_gutenberg_autopost":false,"footnotes":""},"categories":[4,23,8],"tags":[],"class_list":["post-35113","post","type-post","status-publish","format-standard","has-post-thumbnail","hentry","category-empresas-y-negocios","category-noticias","category-turismo"],"acf":[],"_links":{"self":[{"href":"https:\/\/l21.mx\/index.php?rest_route=\/wp\/v2\/posts\/35113","targetHints":{"allow":["GET"]}}],"collection":[{"href":"https:\/\/l21.mx\/index.php?rest_route=\/wp\/v2\/posts"}],"about":[{"href":"https:\/\/l21.mx\/index.php?rest_route=\/wp\/v2\/types\/post"}],"author":[{"embeddable":true,"href":"https:\/\/l21.mx\/index.php?rest_route=\/wp\/v2\/users\/69"}],"replies":[{"embeddable":true,"href":"https:\/\/l21.mx\/index.php?rest_route=%2Fwp%2Fv2%2Fcomments&post=35113"}],"version-history":[{"count":0,"href":"https:\/\/l21.mx\/index.php?rest_route=\/wp\/v2\/posts\/35113\/revisions"}],"wp:featuredmedia":[{"embeddable":true,"href":"https:\/\/l21.mx\/index.php?rest_route=\/wp\/v2\/media\/36067"}],"wp:attachment":[{"href":"https:\/\/l21.mx\/index.php?rest_route=%2Fwp%2Fv2%2Fmedia&parent=35113"}],"wp:term":[{"taxonomy":"category","embeddable":true,"href":"https:\/\/l21.mx\/index.php?rest_route=%2Fwp%2Fv2%2Fcategories&post=35113"},{"taxonomy":"post_tag","embeddable":true,"href":"https:\/\/l21.mx\/index.php?rest_route=%2Fwp%2Fv2%2Ftags&post=35113"}],"curies":[{"name":"wp","href":"https:\/\/api.w.org\/{rel}","templated":true}]}}