{"id":35119,"date":"2019-01-14T11:11:51","date_gmt":"2019-01-14T16:11:51","guid":{"rendered":"http:\/\/www.latitud21.com.mx\/?p=35119"},"modified":"2019-01-31T11:48:21","modified_gmt":"2019-01-31T16:48:21","slug":"35119-2","status":"publish","type":"post","link":"https:\/\/l21.mx\/?p=35119","title":{"rendered":"Juli\u00e1n Balbuena ha sido l\u00edder de Best Day Travel por 28 a\u00f1os"},"content":{"rendered":"<p>Juli\u00e1n Balbuena ha sido l\u00edder de Best Day Travel por 28 a\u00f1os, de los 34 que tiene de fundada la empresa.<\/p>\n<p><a href=\"http:\/\/www.latitud21.com.mx\/wp-content\/uploads\/2019\/01\/Best-Day-Julian-Balbuena.jpg\" data-rel=\"penci-gallery-image-content\"  target=\"_blank\" rel=\"noopener\"><img fetchpriority=\"high\" decoding=\"async\" class=\"alignnone size-full wp-image-35146\" src=\"http:\/\/www.latitud21.com.mx\/wp-content\/uploads\/2019\/01\/Best-Day-Julian-Balbuena.jpg\" alt=\"\" width=\"640\" height=\"480\"><\/a><\/p>\n<p><strong>En el a\u00f1o 2016 se hizo acreedor a la Medalla al M\u00e9rito Ciudadano Sigfrido Paz Paredes, que otorga el Ayuntamiento de Benito Ju\u00e1rez.&nbsp;En 2018 recibi\u00f3 la Presea CNET al Liderazgo Tur\u00edstico, por parte del Consejo Nacional Empresarial Tur\u00edstico, como reconocimiento a su liderazgo en este sector y sus logros en materia de compromiso social y trabajo altruista.<\/strong><\/p>\n<p><strong>Juli\u00e1n Balbuena ha sido l\u00edder de Best Day Travel por 28 a\u00f1os, de los 34 que tiene de fundada la empresa.<\/strong> Durante este tiempo ha logrado posicionar a la compa\u00f1\u00eda como el operador tur\u00edstico m\u00e1s importante de M\u00e9xico y uno de los principales en Latinoam\u00e9rica, al ofrecer tecnolog\u00eda de punta y servicios de primer nivel en sus distintas l\u00edneas de negocio.<\/p>\n<p>A partir de febrero de 2016 toma de lleno las funciones como presidente del Consejo de la empresa ahora llamada Best Day Travel Group, <strong>trabajando de la mano con la Asamblea de Accionistas y el Consejo Directivo.<\/strong><\/p>\n<p><strong>&nbsp;LA ENTREVISTA<\/strong><\/p>\n<p><strong>L21.<\/strong><strong>&#8211; Recientemente obtuvo la presea al M\u00e9rito Tur\u00edstico, \u00bfqu\u00e9 representa esto?<\/strong><\/p>\n<p><strong>Juli\u00e1n Balbuena.- <\/strong>Primero que nada quiero decir que es un tema que considero que no es m\u00e9rito propio, sino de una organizaci\u00f3n que hoy en d\u00eda agrupa a m\u00e1s de tres mil 500 colaboradores; <strong>es el resultado del trabajo de 34 a\u00f1os del grupo y del talento de todas esas personas comprometidas que hacen d\u00eda a d\u00eda las cosas con amor y que se refleja en el cumplimiento de esa misi\u00f3n original que se plante\u00f3 desde su origen, que es exceder las expectativas, darle a nuestros clientes el mejor d\u00eda de sus vacaciones.<\/strong> Me toca ser el representante de esa organizaci\u00f3n que recibe ese reconocimiento y lo recibo en el marco del trig\u00e9simo aniversario del Consejo Nacional Empresarial Tur\u00edstico que estableci\u00f3 hace siete a\u00f1os esta presea que pretende reconocer a las personas, a las organizaciones, que desde su posici\u00f3n influyen de alguna manera en el desarrollo de la industria tur\u00edstica a nivel nacional y que se han distinguido en alg\u00fan tema en particular, en alguna l\u00ednea de negocio o en la innovaci\u00f3n del contexto normal del d\u00eda a d\u00eda de los negocios del turismo.<\/p>\n<p><strong>PRODUCTO DIFERENTE<\/strong><\/p>\n<p><strong>L21.- \u00bfC\u00f3mo participan en el mercado de las rentas vacacionales?<\/strong><\/p>\n<p><strong>JB.- <\/strong>Es un mercado que est\u00e1 en desarrollo. Best Day est\u00e1 buscando tener <strong>una l\u00ednea de negocio que ofrezca este producto porque es una solicitud del mercado. <\/strong><\/p>\n<p>Queremos darle un peque\u00f1o toque diferenciador, y este ser\u00e1 que en lugar de tener contratadas muchas propiedades individuales con diferentes due\u00f1os, diferentes pol\u00edticas de a qu\u00e9 hora se consigue la llave, a qu\u00e9 hora se entrega y m\u00e1s, <strong>buscamos<\/strong> que si bien haya la posibilidad de que en alg\u00fan caso se puedan sumar como tal, <strong>m\u00e1s bien sean operadores de propiedades, personas que ya tienen un portafolio de condominios, casas<\/strong> y dem\u00e1s que tengan la responsabilidad ante nosotros y los clientes de hacer la entrega puntual de la unidad, que las condiciones de mantenimiento sean las adecuadas, que se cumpla con una expectativa de mejor calidad.<\/p>\n<p>En lugar de interactuar con cientos de personas lo haremos con decenas que a su vez hacen una administraci\u00f3n, con la finalidad de dar una mejor experiencia y garantizar un mejor servicio a nuestros clientes; pero adem\u00e1s de eso, lo que queremos hacer a diferencia de estas plataformas que comercializan departamentos y que solamente por el momento est\u00e1n en ese nicho, <strong>es poder preparar un paquete o armar un paquete, combin\u00e1ndolo con un avi\u00f3n y agregar un transporte y hasta una excursi\u00f3n, y crear entonces una experiencia m\u00e1s completa, m\u00e1s all\u00e1 de solamente la renta del espacio vacacional.&nbsp;<\/strong><\/p>\n","protected":false},"excerpt":{"rendered":"<p>Juli\u00e1n Balbuena ha sido l\u00edder de Best Day Travel por 28 a\u00f1os, de los 34 que&hellip;<\/p>\n","protected":false},"author":69,"featured_media":35689,"comment_status":"open","ping_status":"open","sticky":false,"template":"","format":"standard","meta":{"_acf_changed":false,"_lmt_disableupdate":"","_lmt_disable":"","_mbp_gutenberg_autopost":false,"footnotes":""},"categories":[19],"tags":[],"class_list":["post-35119","post","type-post","status-publish","format-standard","has-post-thumbnail","hentry","category-portada"],"acf":[],"_links":{"self":[{"href":"https:\/\/l21.mx\/index.php?rest_route=\/wp\/v2\/posts\/35119","targetHints":{"allow":["GET"]}}],"collection":[{"href":"https:\/\/l21.mx\/index.php?rest_route=\/wp\/v2\/posts"}],"about":[{"href":"https:\/\/l21.mx\/index.php?rest_route=\/wp\/v2\/types\/post"}],"author":[{"embeddable":true,"href":"https:\/\/l21.mx\/index.php?rest_route=\/wp\/v2\/users\/69"}],"replies":[{"embeddable":true,"href":"https:\/\/l21.mx\/index.php?rest_route=%2Fwp%2Fv2%2Fcomments&post=35119"}],"version-history":[{"count":0,"href":"https:\/\/l21.mx\/index.php?rest_route=\/wp\/v2\/posts\/35119\/revisions"}],"wp:featuredmedia":[{"embeddable":true,"href":"https:\/\/l21.mx\/index.php?rest_route=\/wp\/v2\/media\/35689"}],"wp:attachment":[{"href":"https:\/\/l21.mx\/index.php?rest_route=%2Fwp%2Fv2%2Fmedia&parent=35119"}],"wp:term":[{"taxonomy":"category","embeddable":true,"href":"https:\/\/l21.mx\/index.php?rest_route=%2Fwp%2Fv2%2Fcategories&post=35119"},{"taxonomy":"post_tag","embeddable":true,"href":"https:\/\/l21.mx\/index.php?rest_route=%2Fwp%2Fv2%2Ftags&post=35119"}],"curies":[{"name":"wp","href":"https:\/\/api.w.org\/{rel}","templated":true}]}}