{"id":35166,"date":"2019-01-15T11:48:17","date_gmt":"2019-01-15T16:48:17","guid":{"rendered":"http:\/\/www.latitud21.com.mx\/?p=35166"},"modified":"2019-01-31T11:39:06","modified_gmt":"2019-01-31T16:39:06","slug":"best-day-travel-group-tiene-buenas-expectativas-para-2019","status":"publish","type":"post","link":"https:\/\/l21.mx\/?p=35166","title":{"rendered":"Best Day Travel Group tiene buenas\u00a0expectativas para 2019"},"content":{"rendered":"<p><strong>Con un crecimiento anual de dos d\u00edgitos,\u00a0<\/strong><strong>Best Day Travel Group tiene buenas\u00a0<\/strong><strong>expectativas para 2019, cuando prev\u00e9 un\u00a0<\/strong><strong>incremento de 12 a 15%<\/strong><\/p>\n<p><a href=\"http:\/\/www.latitud21.com.mx\/wp-content\/uploads\/2019\/01\/Best-Day-Producci\u00f3n.jpg\" data-rel=\"penci-gallery-image-content\"  target=\"_blank\" rel=\"noopener\"><img fetchpriority=\"high\" decoding=\"async\" class=\"alignnone size-full wp-image-35193\" src=\"http:\/\/www.latitud21.com.mx\/wp-content\/uploads\/2019\/01\/Best-Day-Producci\u00f3n.jpg\" alt=\"\" width=\"926\" height=\"617\" \/><\/a><\/p>\n<p><strong>Con un excelente cierre en 2018, las proyecciones para el presente a\u00f1o son igualmente alentadoras, ya que d\u00eda a d\u00eda cuentan con m\u00e1s aliados estrat\u00e9gicos, lo que permite a los clientes elegir lo que buscan para vivir experiencias inolvidables, de una muy variada oferta.<\/strong><\/p>\n<p>Mantiene un crecimiento anual de dos d\u00edgitos en cuanto a reservaciones; en el a\u00f1o que reci\u00e9n concluy\u00f3 fue de 12%, lo que se traduce en <strong>m\u00e1s de tres millones de viajeros<\/strong> que utilizaron la plataforma para reservar hoteles, vuelos, paseos y otros servicios.<\/p>\n<p><strong>Para alcanzar estas cifras se requiere del esfuerzo de todos los que conforman Best Day Travel Group,<\/strong>\u00a0m\u00e1s de tres mil 500 colaboradores, adem\u00e1s de un s\u00f3lido liderazgo, el cual recae en la persona de Juli\u00e1n Balbuena, CEO de la empresa, quien a lo largo de 28 a\u00f1os ha creado diversas alianzas estrat\u00e9gicas y esquemas de trabajo que ayudan a la industria tur\u00edstica y a los proveedores a posicionarse en los m\u00e1s importantes mercados, tanto nacionales como internacionales.<\/p>\n<p><a href=\"http:\/\/www.latitud21.com.mx\/wp-content\/uploads\/2019\/01\/Best-Day-gr\u00e1ficas.jpg\" data-rel=\"penci-gallery-image-content\"  target=\"_blank\" rel=\"noopener\"><img decoding=\"async\" class=\"alignnone size-large wp-image-35194\" src=\"http:\/\/www.latitud21.com.mx\/wp-content\/uploads\/2019\/01\/Best-Day-gr\u00e1ficas-684x1024.jpg\" alt=\"\" width=\"684\" height=\"1024\" \/><\/a><\/p>\n<p><strong>BUENOS N\u00daMEROS<\/strong><\/p>\n<p><strong>L21.- \u00bfC\u00f3mo terminaron 2018 en cuanto a reservas?<\/strong><\/p>\n<p><strong>JB.- <\/strong>Tuvimos un crecimiento respecto al a\u00f1o anterior de 12%, lo cual en cifras globales nos da una cantidad de cinco millones de noches\/cuarto que significan m\u00e1s del orden de tres millones de turistas que utilizaron nuestras plataformas. Si hablamos de los destinos de Canc\u00fan, Riviera Maya, se comportaron igual, <strong>con doble d\u00edgito de crecimiento, de 16 a 17% con respecto a 2017, lo cual fue un buen cierre.<\/strong><\/p>\n<p><strong>L21.-<\/strong> <strong>\u00bfC\u00f3mo prev\u00e9n este a\u00f1o que inicia?<\/strong><\/p>\n<p><strong>JB.- Nuestro presupuesto es crecer igual, entre 12 y 15%<\/strong>, apalancado b\u00e1sicamente no solo en el desarrollo de los mercados dom\u00e9sticos sino <strong>con un crecimiento fuerte de la participaci\u00f3n de nuestras oficinas en el extranjero,<\/strong> especialmente en la zona de Colombia, donde estamos teniendo un crecimiento, y tambi\u00e9n confiamos en que ya se estabilice la situaci\u00f3n de Brasil con la nueva elecci\u00f3n, el nuevo presidente, y por otro lado Argentina sigue siendo un mercado interesante, a ver c\u00f3mo nos va por all\u00e1.<\/p>\n","protected":false},"excerpt":{"rendered":"<p>Con un crecimiento anual de dos d\u00edgitos,\u00a0Best Day Travel Group tiene buenas\u00a0expectativas para 2019, cuando prev\u00e9&hellip;<\/p>\n","protected":false},"author":69,"featured_media":35681,"comment_status":"open","ping_status":"open","sticky":false,"template":"","format":"standard","meta":{"_acf_changed":false,"_lmt_disableupdate":"","_lmt_disable":"","_mbp_gutenberg_autopost":false,"footnotes":""},"categories":[19],"tags":[],"class_list":["post-35166","post","type-post","status-publish","format-standard","has-post-thumbnail","hentry","category-portada"],"acf":[],"_links":{"self":[{"href":"https:\/\/l21.mx\/index.php?rest_route=\/wp\/v2\/posts\/35166","targetHints":{"allow":["GET"]}}],"collection":[{"href":"https:\/\/l21.mx\/index.php?rest_route=\/wp\/v2\/posts"}],"about":[{"href":"https:\/\/l21.mx\/index.php?rest_route=\/wp\/v2\/types\/post"}],"author":[{"embeddable":true,"href":"https:\/\/l21.mx\/index.php?rest_route=\/wp\/v2\/users\/69"}],"replies":[{"embeddable":true,"href":"https:\/\/l21.mx\/index.php?rest_route=%2Fwp%2Fv2%2Fcomments&post=35166"}],"version-history":[{"count":0,"href":"https:\/\/l21.mx\/index.php?rest_route=\/wp\/v2\/posts\/35166\/revisions"}],"wp:featuredmedia":[{"embeddable":true,"href":"https:\/\/l21.mx\/index.php?rest_route=\/wp\/v2\/media\/35681"}],"wp:attachment":[{"href":"https:\/\/l21.mx\/index.php?rest_route=%2Fwp%2Fv2%2Fmedia&parent=35166"}],"wp:term":[{"taxonomy":"category","embeddable":true,"href":"https:\/\/l21.mx\/index.php?rest_route=%2Fwp%2Fv2%2Fcategories&post=35166"},{"taxonomy":"post_tag","embeddable":true,"href":"https:\/\/l21.mx\/index.php?rest_route=%2Fwp%2Fv2%2Ftags&post=35166"}],"curies":[{"name":"wp","href":"https:\/\/api.w.org\/{rel}","templated":true}]}}