{"id":35299,"date":"2019-01-18T17:29:32","date_gmt":"2019-01-18T22:29:32","guid":{"rendered":"http:\/\/www.latitud21.com.mx\/?p=35299"},"modified":"2019-01-31T18:50:57","modified_gmt":"2019-01-31T23:50:57","slug":"carlos-salazar-lomelin-nuevo-presidente-del-cce","status":"publish","type":"post","link":"https:\/\/l21.mx\/?p=35299","title":{"rendered":"Carlos Salazar Lomel\u00edn, nuevo presidente del CCE"},"content":{"rendered":"<div><a href=\"http:\/\/www.latitud21.com.mx\/wp-content\/uploads\/2019\/01\/Salazar-Lomeli.jpg\" data-rel=\"penci-gallery-image-content\"  target=\"_blank\" rel=\"noopener\"><img fetchpriority=\"high\" decoding=\"async\" class=\"alignnone size-large wp-image-35300\" src=\"http:\/\/www.latitud21.com.mx\/wp-content\/uploads\/2019\/01\/Salazar-Lomeli-1024x576.jpg\" alt=\"\" width=\"1024\" height=\"576\" \/><\/a><\/div>\n<div>\n<p dir=\"ltr\"><strong>Originario de Nuevo Le\u00f3n.<\/strong><\/p>\n<p dir=\"ltr\"><strong>Es licenciado en Econom\u00eda y Maestro en Administraci\u00f3n de Negocios por el Tec de Monterrey. <\/strong><\/p>\n<p dir=\"ltr\"><strong>Posee una amplia experiencia al frente de empresas mexicanas destacadas. <\/strong><\/p>\n<p dir=\"ltr\"><strong>Carlos Salazar Lomel\u00edn comenz\u00f3 su vida profesional en 1973<\/strong>, particip\u00f3 durante m\u00e1s de 45 a\u00f1os en Fomento Econ\u00f3mico Mexicano SA (FEMSA), donde lider\u00f3 diversas operaciones incluyendo FEMSA Cerveza, Coca-Cola FEMSA y finalmente la Direcci\u00f3n General del corporativo.<\/p>\n<p dir=\"ltr\"><strong>Se desempe\u00f1\u00f3<\/strong> como presidente del Consejo Nuevo Le\u00f3n para la Planeaci\u00f3n Estrat\u00e9gica, as\u00ed como en la Comisi\u00f3n Siglo XXI en Monterrey y fue director ejecutivo del Centro de Exposiciones y Convenciones de Monterrey (CINTERMEX).<\/p>\n<p dir=\"ltr\">El empresario, que <strong>tiene estudios de posgrado en Desarrollo Econ\u00f3mico en Italia<\/strong> y de Administraci\u00f3n de Empresas en M\u00e9xico, tambi\u00e9n ha dado clases en el Instituto Tecnol\u00f3gico y de Estudios Superiores de Monterrey, de acuerdo con Coparmex.<\/p>\n<p><strong>\u201cQueremos ser solidarios en el combate a la pobreza, eliminar la corrupci\u00f3n.<\/strong> <strong>Queremos ayudar al Presidente de la Rep\u00fablica en todos los temas de violencia y queremos invertir y crecer, pues es la \u00fanica manera de salir de esas tasas de crecimiento del 2.0% como ha planteado el mandatario y alcanzar el ansiado 4.0 y 5.0% que ha sido una a\u00f1oranza de los \u00faltimos tres sexenios y que no se ha logrado\u201d, sostuvo.<\/strong><\/p>\n<p>Acompa\u00f1ado por representantes de <strong>las 12 organizaciones que integran al Consejo Coordinador Empresarial, las cuales aglutinan a 1.5 millones de empresas en el pa\u00eds y emplean a m\u00e1s de 25 millones de personas,<\/strong> dijo que \u00abesa es la forma como el sector privado participar\u00e1 en hacer de M\u00e9xico una mejor naci\u00f3n\u00bb.<\/p>\n<p>Agradeci\u00f3 el apoyo de los afiliados y otros candidatos, y resalt\u00f3 que <strong>recibi\u00f3 el mandato de poner al empresariado mexicano al frente<\/strong> y generar m\u00e1s empresas durante su periodo.<\/p>\n<p>\u201cTratar\u00e9 de mejorar lo que recibo y dar seguimiento al trabajo de mi antecesor, Juan Pablo Casta\u00f1\u00f3n, <strong>para transformar la vida de las familias<\/strong>, comunidades y el pa\u00eds. Este sentido del empresario ser\u00e1 impulsado en esta gesti\u00f3n\u201d, apunt\u00f3.<\/p>\n<p>A su vez, <strong>el presidente del CCE saliente<\/strong>, Juan Pablo Casta\u00f1\u00f3n, <strong>expres\u00f3<\/strong> que su sustituto <strong>es un empresario experimentado, con visi\u00f3n de futuro y comprometido con M\u00e9xico.<\/strong><\/p>\n<p>\u00abApoyaremos el crecimiento y el desarrollo del pa\u00eds, la libre empresa y la generaci\u00f3n de empleo. Nos interesa un Estado de derecho y un M\u00e9xico de prosperidad, <strong>aprovechando el talento de los mexicanos<\/strong>, para fomentar competitividad y la productividad\u00bb.<\/p>\n<\/div>\n<div class=\"_2cuy _3dgx _2vxa\"><span class=\"_4yxp\"><strong>Salazar Lomel\u00edn fue electo para un periodo de un a\u00f1o\u00a02019-2020,<\/strong> con la posibilidad de reelegirse hasta por dos a\u00f1os adicionales. <strong>La toma de protesta formal ser\u00e1 el d\u00eda 27 de febrero<\/strong>, con la presencia del Presidente Andr\u00e9s Manuel L\u00f3pez Obrador.<\/span><\/div>\n<div><\/div>\n","protected":false},"excerpt":{"rendered":"<p>Originario de Nuevo Le\u00f3n. Es licenciado en Econom\u00eda y Maestro en Administraci\u00f3n de Negocios por el&hellip;<\/p>\n","protected":false},"author":69,"featured_media":35936,"comment_status":"open","ping_status":"open","sticky":false,"template":"","format":"standard","meta":{"_acf_changed":false,"_lmt_disableupdate":"","_lmt_disable":"","_mbp_gutenberg_autopost":false,"footnotes":""},"categories":[4,9,23],"tags":[],"class_list":["post-35299","post","type-post","status-publish","format-standard","has-post-thumbnail","hentry","category-empresas-y-negocios","category-nombramientos","category-noticias"],"acf":[],"_links":{"self":[{"href":"https:\/\/l21.mx\/index.php?rest_route=\/wp\/v2\/posts\/35299","targetHints":{"allow":["GET"]}}],"collection":[{"href":"https:\/\/l21.mx\/index.php?rest_route=\/wp\/v2\/posts"}],"about":[{"href":"https:\/\/l21.mx\/index.php?rest_route=\/wp\/v2\/types\/post"}],"author":[{"embeddable":true,"href":"https:\/\/l21.mx\/index.php?rest_route=\/wp\/v2\/users\/69"}],"replies":[{"embeddable":true,"href":"https:\/\/l21.mx\/index.php?rest_route=%2Fwp%2Fv2%2Fcomments&post=35299"}],"version-history":[{"count":0,"href":"https:\/\/l21.mx\/index.php?rest_route=\/wp\/v2\/posts\/35299\/revisions"}],"wp:featuredmedia":[{"embeddable":true,"href":"https:\/\/l21.mx\/index.php?rest_route=\/wp\/v2\/media\/35936"}],"wp:attachment":[{"href":"https:\/\/l21.mx\/index.php?rest_route=%2Fwp%2Fv2%2Fmedia&parent=35299"}],"wp:term":[{"taxonomy":"category","embeddable":true,"href":"https:\/\/l21.mx\/index.php?rest_route=%2Fwp%2Fv2%2Fcategories&post=35299"},{"taxonomy":"post_tag","embeddable":true,"href":"https:\/\/l21.mx\/index.php?rest_route=%2Fwp%2Fv2%2Ftags&post=35299"}],"curies":[{"name":"wp","href":"https:\/\/api.w.org\/{rel}","templated":true}]}}