{"id":3531,"date":"2013-07-02T13:10:11","date_gmt":"2013-07-02T18:10:11","guid":{"rendered":"http:\/\/innovatori.space\/lat21\/?p=3531"},"modified":"2013-08-08T16:34:14","modified_gmt":"2013-08-08T21:34:14","slug":"foro-de-las-americas-de-acluvaq","status":"publish","type":"post","link":"https:\/\/l21.mx\/?p=3531","title":{"rendered":"Foro de las Am\u00e9ricas de Acluvaq"},"content":{"rendered":"<p><a href=\"http:\/\/l21.mx\/wp-content\/uploads\/2013\/07\/De-la-Pe\u00f1a-presidenta-ACLUVAQ.jpg\" data-rel=\"penci-gallery-image-content\" ><img fetchpriority=\"high\" decoding=\"async\" class=\"aligncenter size-large wp-image-3532\" title=\"De la Pe\u00f1a presidenta ACLUVAQ\" src=\"http:\/\/l21.mx\/wp-content\/uploads\/2013\/07\/De-la-Pe\u00f1a-presidenta-ACLUVAQ-1024x682.jpg\" alt=\"\" width=\"1024\" height=\"682\" srcset=\"https:\/\/l21.mx\/wp-content\/uploads\/2013\/07\/De-la-Pe\u00f1a-presidenta-ACLUVAQ-1024x682.jpg 1024w, https:\/\/l21.mx\/wp-content\/uploads\/2013\/07\/De-la-Pe\u00f1a-presidenta-ACLUVAQ-300x200.jpg 300w, https:\/\/l21.mx\/wp-content\/uploads\/2013\/07\/De-la-Pe\u00f1a-presidenta-ACLUVAQ-127x85.jpg 127w, https:\/\/l21.mx\/wp-content\/uploads\/2013\/07\/De-la-Pe\u00f1a-presidenta-ACLUVAQ-600x400.jpg 600w, https:\/\/l21.mx\/wp-content\/uploads\/2013\/07\/De-la-Pe\u00f1a-presidenta-ACLUVAQ-167x111.jpg 167w, https:\/\/l21.mx\/wp-content\/uploads\/2013\/07\/De-la-Pe\u00f1a-presidenta-ACLUVAQ-80x53.jpg 80w, https:\/\/l21.mx\/wp-content\/uploads\/2013\/07\/De-la-Pe\u00f1a-presidenta-ACLUVAQ.jpg 1500w\" sizes=\"(max-width: 1024px) 100vw, 1024px\" \/><\/a><\/p>\n<p><strong><span style=\"color: #000000;\">Qu\u00e9:\u00a0<span style=\"color: #993300;\"><strong>Foro de las Am\u00e9ricas de Acluvaq<\/strong><\/span><\/span><\/strong><\/p>\n<p><strong><span style=\"color: #000000;\">D\u00f3nde:<span style=\"color: #993300;\">\u00a0<strong>Hotel Moon Palace\u00a0<\/strong><\/span><\/span><\/strong><\/p>\n<p><strong><span style=\"color: #000000;\">Cu\u00e1ndo:\u00a0<span style=\"color: #993300;\">Junio 2013<\/span><\/span><\/strong><\/p>\n<p>Por tercer a\u00f1o consecutivo se llev\u00f3 a cabo este encuentro organizado por la Asociaci\u00f3n de Clubes Vacacionales de Quintana Roo (Acluvaq), que logr\u00f3 la participaci\u00f3n de alrededor de mil personas provenientes de diversas entidades del pa\u00eds, como Mazatl\u00e1n, Acapulco, Los Cabos, Ciudad de M\u00e9xico, Canc\u00fan y Riviera Maya, vinculadas a agencias de viajes y parques tem\u00e1ticos, clubes vacacionales, hoteles y el sector acad\u00e9mico. Miriam Cort\u00e9s, vicepresidenta de Acluvaq, destac\u00f3 el amplio abanico de ponencias y conferencias impartidas por especialistas nacionales e internacionales, que abordaron temas como productividad, creatividad y \u00e9xito. Entre los participantes destacaron Francisco Ruenes Escoto, de Grupo Modelo, Juan Ignacio Rodr\u00edguez Calahorra, vicepresidente de RCI para Latinoam\u00e9rica, y Erick White, director corporativo de ventas de tiempo compartido de \u201cPueblo bonito hoteles and resorts\u201d.<\/p>\n<div>\n<p>[editor]bitacora[\/editor]<\/p>\n<div><\/div>\n<\/div>\n","protected":false},"excerpt":{"rendered":"<p>Qu\u00e9:\u00a0Foro de las Am\u00e9ricas de Acluvaq D\u00f3nde:\u00a0Hotel Moon Palace\u00a0 Cu\u00e1ndo:\u00a0Junio 2013 Por tercer a\u00f1o consecutivo se&hellip;<\/p>\n","protected":false},"author":2,"featured_media":3533,"comment_status":"open","ping_status":"open","sticky":false,"template":"","format":"standard","meta":{"_acf_changed":false,"_lmt_disableupdate":"","_lmt_disable":"","_mbp_gutenberg_autopost":false,"footnotes":""},"categories":[1],"tags":[63,65,62,48,64,61],"class_list":["post-3531","post","type-post","status-publish","format-standard","has-post-thumbnail","hentry","category-sin-categoria","tag-caribe-mexicano","tag-grupo-editorial-latitud21","tag-revista-latitud21","tag-cancun","tag-latitud-21","tag-latitud21"],"acf":[],"_links":{"self":[{"href":"https:\/\/l21.mx\/index.php?rest_route=\/wp\/v2\/posts\/3531","targetHints":{"allow":["GET"]}}],"collection":[{"href":"https:\/\/l21.mx\/index.php?rest_route=\/wp\/v2\/posts"}],"about":[{"href":"https:\/\/l21.mx\/index.php?rest_route=\/wp\/v2\/types\/post"}],"author":[{"embeddable":true,"href":"https:\/\/l21.mx\/index.php?rest_route=\/wp\/v2\/users\/2"}],"replies":[{"embeddable":true,"href":"https:\/\/l21.mx\/index.php?rest_route=%2Fwp%2Fv2%2Fcomments&post=3531"}],"version-history":[{"count":0,"href":"https:\/\/l21.mx\/index.php?rest_route=\/wp\/v2\/posts\/3531\/revisions"}],"wp:featuredmedia":[{"embeddable":true,"href":"https:\/\/l21.mx\/index.php?rest_route=\/wp\/v2\/media\/3533"}],"wp:attachment":[{"href":"https:\/\/l21.mx\/index.php?rest_route=%2Fwp%2Fv2%2Fmedia&parent=3531"}],"wp:term":[{"taxonomy":"category","embeddable":true,"href":"https:\/\/l21.mx\/index.php?rest_route=%2Fwp%2Fv2%2Fcategories&post=3531"},{"taxonomy":"post_tag","embeddable":true,"href":"https:\/\/l21.mx\/index.php?rest_route=%2Fwp%2Fv2%2Ftags&post=3531"}],"curies":[{"name":"wp","href":"https:\/\/api.w.org\/{rel}","templated":true}]}}