{"id":35329,"date":"2019-01-22T09:54:47","date_gmt":"2019-01-22T14:54:47","guid":{"rendered":"http:\/\/www.latitud21.com.mx\/?p=35329"},"modified":"2019-01-31T17:43:36","modified_gmt":"2019-01-31T22:43:36","slug":"destino-final-parte-tres","status":"publish","type":"post","link":"https:\/\/l21.mx\/?p=35329","title":{"rendered":"Destino final: parte tres"},"content":{"rendered":"<p><strong>Poco antes de la desaparici\u00f3n oficial del organismo, diversos sectores empresariales del destino, principalmente el hotelero, anticiparon su preocupaci\u00f3n por su liquidaci\u00f3n,<\/strong> que operaba con 70% de los ocho mil millones de pesos que se obtienen al a\u00f1o por el pago del Derecho de No Residente (DNR) y que ahora ser\u00e1n destinados a las obras del Tren Maya, cuyo objetivo es detonar el turismo en el sureste del pa\u00eds.<\/p>\n<p>Sin embargo, la intranquilidad en la industria tur\u00edstica del Caribe mexicano se acent\u00faa m\u00e1s por los pr\u00f3ximos compromisos que tienen en los primeros meses de 2019, como la asistencia a la Feria internacional de Turismo (Fitur) a desarrollarse del 23 al 27 de enero en Madrid, Espa\u00f1a, y en la que <strong>a\u00fan no saben si contar\u00e1n con el apoyo de la federaci\u00f3n para refrendar el \u00e9xito de los destinos de Quintana Roo.<\/strong><\/p>\n<p><strong>AFECTACIONES A LA INDUSTRIA<\/strong><\/p>\n<p>\u201c<strong>Bajo esta nueva orientaci\u00f3n hay que esperar<\/strong>, pero si algo falla podr\u00eda afectar a una industria muy buena, noble, que da empleo a miles de personas y que adem\u00e1s es una importante fuente generadora de divisas.<\/p>\n<p>\u201cEn 2017 tuvimos 39.3 millones de turistas internacionales, con ritmo de crecimiento anual de 12%. <strong>Somos el decimosexto pa\u00eds en la captaci\u00f3n de divisas con 21 mil 333 mdd<\/strong>, es decir, ocho por ciento m\u00e1s que en 2016.<\/p>\n<p>\u201cEsperamos que esta nueva forma de gobernar y los programas sean exitosos, ya que de lo contrario podr\u00eda frenar el desarrollo del pa\u00eds.<\/p>\n<p>\u201cEs importante tener una relaci\u00f3n m\u00e1s cercana con las autoridades a fin de intercambiar ideas y aportar experiencias, ya que<strong> todos queremos que le vaya bien al pa\u00eds,<\/strong> que haya menos pobres y una mayor justicia; un M\u00e9xico con una mejor distribuci\u00f3n de la riqueza, as\u00ed como un pa\u00eds en paz, pr\u00f3spero y seguro.<\/p>\n<p>\u201c<strong>La paz y la seguridad son otros temas importante para el turismo<\/strong>, porque no solo es el DNR o la promoci\u00f3n, si no hay estos elemento es dif\u00edcil realizar la promoci\u00f3n de M\u00e9xico\u201d.<\/p>\n<p><a href=\"http:\/\/www.latitud21.com.mx\/wp-content\/uploads\/2019\/01\/carlos-trujillo.jpg\" data-rel=\"penci-gallery-image-content\"  target=\"_blank\" rel=\"noopener\"><img decoding=\"async\" class=\"wp-image-35255 alignleft\" src=\"http:\/\/www.latitud21.com.mx\/wp-content\/uploads\/2019\/01\/carlos-trujillo.jpg\" alt=\"\" width=\"127\" height=\"231\" \/><\/a>\u00ab<strong>Estamos a favor de que exista un organismo como el CPTM<\/strong>; fue una solicitud de la iniciativa privada para que se integrara el Consejo; se form\u00f3 como una paraestatal o una empresa privada, pero del gobierno.<\/p>\n<p>\u201cSin duda <strong>la falta del CPTM nos resta competitividad<\/strong> con las islas caribe\u00f1as. Un ejemplo claro es la Rep\u00fablica Dominicana, la cual es un destino que trabaja y crece de manera extraordinaria como ninguna isla del Caribe. Antes no representaba competencia para Canc\u00fan, y si la ten\u00eda eran todas las islas de la regi\u00f3n en conjunto.<\/p>\n<p>\u201cAhora es una competencia entre Canc\u00fan, Rep\u00fablica Dominicana y el Caribe. <strong>Hoy en d\u00eda s\u00ed tenemos una competencia muy fuerte<\/strong>, por la que debemos estar siempre al pendiente todos los d\u00edas\u201d.<\/p>\n<p><strong>ESFUERZOS CORPORATIVOS<\/strong><\/p>\n<p>\u201c<strong>El CNET trabaja para realizar unos estudios de impacto<\/strong>, todo lo que representa perder con la desaparici\u00f3n del CPTM. Sin duda, sin este \u00f3rgano vamos a perder competitividad y ante esta situaci\u00f3n el consejo empresarial trabaja fuertemente para que esto no suceda.<\/p>\n<p>\u201cSolos no vamos a caminar; lo que se busca en este momento, en caso de que en realidad desaparezca el CTPM, es <strong>buscar los organismos locales de promoci\u00f3n<\/strong>. Hasta donde sabemos, esos no se van a tocar, van a continuar, esperamos que as\u00ed sea porque son diferentes los ingresos que recibe.<\/p>\n<p>\u201cPor un lado, el CPTM se financia con el DNR, mientras <strong>los organismos locales de promoci\u00f3n se fondean con el impuesto al hospedaje<\/strong>. La diferencia es que el consejo de promoci\u00f3n se abocaba a las campa\u00f1as del pa\u00eds y hacia la participaci\u00f3n cooperativa con los diferentes estados o destinos.<\/p>\n<p>\u201cLo cierto es que se va a perder un \u00f3rgano como motor central. <strong>La promoci\u00f3n va a continuar, pero a nivel empresa seguiremos solitos<\/strong>, que es lo que normalmente hacemos como marca, pero como destino continuaremos dependiendo de un organismo\u201d.<\/p>\n<p><a href=\"http:\/\/www.latitud21.com.mx\/wp-content\/uploads\/2019\/01\/dario-flota.jpg\" data-rel=\"penci-gallery-image-content\"  target=\"_blank\" rel=\"noopener\"><img decoding=\"async\" class=\"wp-image-35256 alignleft\" src=\"http:\/\/www.latitud21.com.mx\/wp-content\/uploads\/2019\/01\/dario-flota.jpg\" alt=\"\" width=\"126\" height=\"225\" \/><\/a>\u00abLa decisi\u00f3n federal de desaparecer el CPTM va a tener un impacto en Quintana Roo, todav\u00eda no se define qu\u00e9 tanto y <strong>tampoco se sabe cu\u00e1l ser\u00e1 la estructura que sustituya la labor que realizaba el CPTM<\/strong>.<\/p>\n<p>\u201cPor nuestra parte mantendremos la operaci\u00f3n y la presencia de Quintana Roo en las ferias tur\u00edsticas y las campa\u00f1as que tenemos en conjunto con los socios. <strong>La duda que se tiene es saber si participar\u00e1 el gobierno federal con nosotros<\/strong> y si continuar\u00e1 con la coordinaci\u00f3n de las ferias o si tendremos nuestra propia presencia.<\/p>\n<p>\u201cEn el caso de Quintana Roo podr\u00eda ser m\u00e1s costosa nuestra participaci\u00f3n en las ferias tur\u00edsticas y tendr\u00edamos menos dinero; <strong>la federaci\u00f3n nos aportaba recursos para hacer campa\u00f1as en conjunto<\/strong>.<\/p>\n<p>\u201c<strong>En 2017 nos asignaron 80 mdp<\/strong> y ahora no sabemos si tendremos una cantidad menor. En enero regularmente nos avisaban, pero con estos cambios tendremos que esperar para saber si contaremos con la aportaci\u00f3n federal.<\/p>\n<p>\u201cPara el Consejo de Quintana Roo <strong>la propuesta del gobierno estatal<\/strong> es de 423 mdp, el cual se dividir\u00eda en estudios, mercadotecnia digital, publicidad y ferias tur\u00edsticas.<\/p>\n<p>\u201cEn el CPTM hay funcionarios que tienen conocimiento y experiencia acumulada y M\u00e9xico siempre destac\u00f3 en ferias tur\u00edsticas por la calidad de sus pabellones y eventos; es algo que se extra\u00f1ar\u00e1, pero independiente de esa decisi\u00f3n <strong>nosotros tenemos la responsabilidad de llevar a Quintana Roo hacia adelante<\/strong> y su presencia siempre ser\u00e1 digna, como corresponde\u201d.<\/p>\n<p><strong>COSTOSA PARTICIPACI\u00d3N<\/strong><\/p>\n<p>\u201cLes resultar\u00e1 m\u00e1s caro a los empresarios participar en las ferias, ya que el Consejo vend\u00eda el estand individual en un precio fijo de mil d\u00f3lares y con la falta de apoyo de la federaci\u00f3n los costos se elevar\u00edan a casi tres mil d\u00f3lares. Tendremos que priorizar el presupuesto para no faltar a las m\u00e1s importantes; <strong>las primeras ferias que tenemos son la de Fitur, en enero, en Madrid; en febrero la de Anato, en Bogot\u00e1, Colombia, y en marzo la de Berl\u00edn, Alemania A estos eventos van cerca de 20 empresas del estado\u201d.\u00a0<\/strong><\/p>\n","protected":false},"excerpt":{"rendered":"<p>Poco antes de la desaparici\u00f3n oficial del organismo, diversos sectores empresariales del destino, principalmente el hotelero,&hellip;<\/p>\n","protected":false},"author":69,"featured_media":35852,"comment_status":"open","ping_status":"open","sticky":false,"template":"","format":"standard","meta":{"_acf_changed":false,"_lmt_disableupdate":"","_lmt_disable":"","_mbp_gutenberg_autopost":false,"footnotes":""},"categories":[37],"tags":[],"class_list":["post-35329","post","type-post","status-publish","format-standard","has-post-thumbnail","hentry","category-reportaje"],"acf":[],"_links":{"self":[{"href":"https:\/\/l21.mx\/index.php?rest_route=\/wp\/v2\/posts\/35329","targetHints":{"allow":["GET"]}}],"collection":[{"href":"https:\/\/l21.mx\/index.php?rest_route=\/wp\/v2\/posts"}],"about":[{"href":"https:\/\/l21.mx\/index.php?rest_route=\/wp\/v2\/types\/post"}],"author":[{"embeddable":true,"href":"https:\/\/l21.mx\/index.php?rest_route=\/wp\/v2\/users\/69"}],"replies":[{"embeddable":true,"href":"https:\/\/l21.mx\/index.php?rest_route=%2Fwp%2Fv2%2Fcomments&post=35329"}],"version-history":[{"count":0,"href":"https:\/\/l21.mx\/index.php?rest_route=\/wp\/v2\/posts\/35329\/revisions"}],"wp:featuredmedia":[{"embeddable":true,"href":"https:\/\/l21.mx\/index.php?rest_route=\/wp\/v2\/media\/35852"}],"wp:attachment":[{"href":"https:\/\/l21.mx\/index.php?rest_route=%2Fwp%2Fv2%2Fmedia&parent=35329"}],"wp:term":[{"taxonomy":"category","embeddable":true,"href":"https:\/\/l21.mx\/index.php?rest_route=%2Fwp%2Fv2%2Fcategories&post=35329"},{"taxonomy":"post_tag","embeddable":true,"href":"https:\/\/l21.mx\/index.php?rest_route=%2Fwp%2Fv2%2Ftags&post=35329"}],"curies":[{"name":"wp","href":"https:\/\/api.w.org\/{rel}","templated":true}]}}