{"id":35358,"date":"2019-01-22T19:01:48","date_gmt":"2019-01-23T00:01:48","guid":{"rendered":"http:\/\/www.latitud21.com.mx\/?p=35358"},"modified":"2019-01-31T16:12:36","modified_gmt":"2019-01-31T21:12:36","slug":"sargazo-proveniente-de-brasil-se-acerca-a-las-costas-del-caribe-mexicano","status":"publish","type":"post","link":"https:\/\/l21.mx\/?p=35358","title":{"rendered":"Sargazo\u00a0proveniente de Brasil\u00a0se acerca a las\u00a0costas del Caribe mexicano"},"content":{"rendered":"<div class=\"columns margin-b-0\"><strong>La llegada de esta macroalga a las\u00a0costas\u00a0de Quintana Roo e<\/strong><strong>s una situaci\u00f3n de emergencia,<\/strong> que debe atenderse con la participaci\u00f3n conjunta de gobiernos, academia, ciencia y todos los sectores involucrados.<\/div>\n<div><\/div>\n<div><\/div>\n<div class=\"columns margin-b-0\">\n<div class=\"column is-12-touch is-8-desktop\">\n<h2><a href=\"http:\/\/www.latitud21.com.mx\/wp-content\/uploads\/2019\/01\/SARGAZO-BRASIL-2019.jpg\" data-rel=\"penci-gallery-image-content\"  target=\"_blank\" rel=\"noopener\"><img fetchpriority=\"high\" decoding=\"async\" class=\"alignnone wp-image-35360\" src=\"http:\/\/www.latitud21.com.mx\/wp-content\/uploads\/2019\/01\/SARGAZO-BRASIL-2019-1024x768.jpg\" alt=\"\" width=\"585\" height=\"441\" \/><\/a><\/h2>\n<\/div>\n<\/div>\n<p class=\"paragraph\" data-count=\"299\" data-wrap=\"47\"><strong>El subsecretario de Gesti\u00f3n para la Protecci\u00f3n Ambiental de la\u00a0Secretar\u00eda del Medio Ambiente y Recursos Naturales\u00a0(Semarnat) alert\u00f3 que de acuerdo con estudios de la NASA, el\u00a0sargazo\u00a0proveniente principalmente de las costas de\u00a0Brasil\u00a0se traslada a las\u00a0costas del Caribe mexicano.<\/strong><\/p>\n<p class=\"paragraph\" data-count=\"352\" data-wrap=\"56\">La dependencia indic\u00f3 que <strong>el cambio clim\u00e1tico<\/strong> juega un papel fundamental en la temperatura del mar y tiene <strong>un efecto notable en el crecimiento de la masa del\u00a0sargazo<\/strong>, \u201clo cual abre una oportunidad para presentar proyectos desde un enfoque de adaptaci\u00f3n de manera integral, que permita identificar <strong>estrategias de contenci\u00f3n y control del problema\u201d.<\/strong><\/p>\n<p class=\"paragraph\" data-count=\"315\" data-wrap=\"50\">Josefa Gonz\u00e1lez Blanco Ortiz Mena, titular de la dependencia consider\u00f3 que <strong>la llegada de esta macroalga a las\u00a0costas\u00a0de Quintana Roo e<\/strong><span style=\"font-weight: 300;\"><strong>s una situaci\u00f3n de emergencia,<\/strong> que debe atenderse con la participaci\u00f3n conjunta de gobiernos, academia, ciencia y todos los sectores involucrados.<\/span><\/p>\n<p class=\"paragraph\" data-count=\"208\" data-wrap=\"33\"><strong>Para atender el arribo del\u00a0sargazo<\/strong>, el Gobierno de M\u00e9xico acord\u00f3 la instalaci\u00f3n de <strong>una comisi\u00f3n interinstitucional que entienda y atienda el fen\u00f3meno natural<\/strong> que afecta las playas de nuestro pa\u00eds.<\/p>\n<p class=\"paragraph\" data-count=\"250\" data-wrap=\"39\">Con el prop\u00f3sito de definir la atenci\u00f3n del problema en el corto, mediano y largo plazo, el asesor de <strong>la\u00a0Semarnat<\/strong>, Porfirio Alvarez, explic\u00f3 que<strong> los ejes de acci\u00f3n prioritarios<\/strong> son buscar la <strong>estrecha coordinaci\u00f3n entre Federaci\u00f3n, estados y municipios<\/strong>.<\/p>\n<h2><a href=\"http:\/\/www.latitud21.com.mx\/wp-content\/uploads\/2019\/01\/SARGAZO-2019.jpg\" data-rel=\"penci-gallery-image-content\"  target=\"_blank\" rel=\"noopener\"><img decoding=\"async\" class=\"alignnone size-full wp-image-35359\" src=\"http:\/\/www.latitud21.com.mx\/wp-content\/uploads\/2019\/01\/SARGAZO-2019.jpg\" alt=\"\" width=\"960\" height=\"500\" \/><\/a><\/h2>\n<p class=\"paragraph\" data-count=\"382\" data-wrap=\"57\"><strong>En el plan de contingencia contempla<\/strong>n <strong>la detecci\u00f3n temprana<\/strong> de zonas o playas propensas al impacto de acumulaci\u00f3n extrema de\u00a0sargazo; identificar la <strong>trayectoria de los bancos<\/strong> de esta plaga para implementar acciones de contenci\u00f3n y recolecci\u00f3n desde el mar, as\u00ed como la <strong>mitigaci\u00f3n de las afectaciones en los ecosistemas<\/strong>, la <strong>adaptaci\u00f3n<\/strong>, la <strong>remediaci\u00f3n y<\/strong> el <strong>aprovechamiento sustentable<\/strong>.<\/p>\n<p class=\"paragraph\" data-count=\"198\" data-wrap=\"30\"><strong>El Gobierno de Quintana Roo<\/strong>, por su parte, <strong>buscar\u00e1 un acercamiento con los diferentes sectores<\/strong> para sumarlos a estos trabajos; habr\u00e1 difusi\u00f3n permanente sobre las acciones que realice esta comisi\u00f3n.<\/p>\n<p class=\"paragraph\" data-count=\"627\" data-wrap=\"95\"><strong>De este encuentro destacan los acuerdos que ponen a la\u00a0Semarnat al frente<\/strong> de<strong>\u00a0<\/strong>la comisi\u00f3n con representantes de las secretar\u00edas de Agricultura y Desarrollo Rural (Sader); Marina (Semar) y Turismo (Sectur), as\u00ed como de la Comisi\u00f3n Nacional para el Conocimiento y Uso de la Biodiversidad (Conabio); de la Comisi\u00f3n Federal para la Protecci\u00f3n contra Riesgos Sanitarios (Coepris); del Consejo Nacional de Ciencia y Tecnolog\u00eda (Conacyt); de la Comisi\u00f3n Nacional del Agua (Conagua); de la Comisi\u00f3n Nacional de \u00c1reas Naturales Protegidas (Conanp) y de la Secretar\u00eda de Ecolog\u00eda y Medio Ambiente de Quintana Roo, entre otras instancias.<\/p>\n","protected":false},"excerpt":{"rendered":"<p>La llegada de esta macroalga a las\u00a0costas\u00a0de Quintana Roo es una situaci\u00f3n de emergencia, que debe&hellip;<\/p>\n","protected":false},"author":69,"featured_media":35798,"comment_status":"open","ping_status":"open","sticky":false,"template":"","format":"standard","meta":{"_acf_changed":false,"_lmt_disableupdate":"","_lmt_disable":"","_mbp_gutenberg_autopost":false,"footnotes":""},"categories":[23,8],"tags":[],"class_list":["post-35358","post","type-post","status-publish","format-standard","has-post-thumbnail","hentry","category-noticias","category-turismo"],"acf":[],"_links":{"self":[{"href":"https:\/\/l21.mx\/index.php?rest_route=\/wp\/v2\/posts\/35358","targetHints":{"allow":["GET"]}}],"collection":[{"href":"https:\/\/l21.mx\/index.php?rest_route=\/wp\/v2\/posts"}],"about":[{"href":"https:\/\/l21.mx\/index.php?rest_route=\/wp\/v2\/types\/post"}],"author":[{"embeddable":true,"href":"https:\/\/l21.mx\/index.php?rest_route=\/wp\/v2\/users\/69"}],"replies":[{"embeddable":true,"href":"https:\/\/l21.mx\/index.php?rest_route=%2Fwp%2Fv2%2Fcomments&post=35358"}],"version-history":[{"count":0,"href":"https:\/\/l21.mx\/index.php?rest_route=\/wp\/v2\/posts\/35358\/revisions"}],"wp:featuredmedia":[{"embeddable":true,"href":"https:\/\/l21.mx\/index.php?rest_route=\/wp\/v2\/media\/35798"}],"wp:attachment":[{"href":"https:\/\/l21.mx\/index.php?rest_route=%2Fwp%2Fv2%2Fmedia&parent=35358"}],"wp:term":[{"taxonomy":"category","embeddable":true,"href":"https:\/\/l21.mx\/index.php?rest_route=%2Fwp%2Fv2%2Fcategories&post=35358"},{"taxonomy":"post_tag","embeddable":true,"href":"https:\/\/l21.mx\/index.php?rest_route=%2Fwp%2Fv2%2Ftags&post=35358"}],"curies":[{"name":"wp","href":"https:\/\/api.w.org\/{rel}","templated":true}]}}