{"id":35374,"date":"2019-01-23T13:22:09","date_gmt":"2019-01-23T18:22:09","guid":{"rendered":"http:\/\/www.latitud21.com.mx\/?p=35374"},"modified":"2019-01-31T15:54:28","modified_gmt":"2019-01-31T20:54:28","slug":"da-inicio-fitur-2019","status":"publish","type":"post","link":"https:\/\/l21.mx\/?p=35374","title":{"rendered":"Da inicio la 39\u00aa edici\u00f3n de la Feria Internacional de Turismo -FITUR- 2019"},"content":{"rendered":"<div class=\"entradilla_noticia_detalle\">\n<p><a href=\"http:\/\/www.latitud21.com.mx\/wp-content\/uploads\/2019\/01\/Fitur-2019.jpg\" data-rel=\"penci-gallery-image-content\"  target=\"_blank\" rel=\"noopener\"><img fetchpriority=\"high\" decoding=\"async\" class=\"alignnone size-large wp-image-35375\" src=\"http:\/\/www.latitud21.com.mx\/wp-content\/uploads\/2019\/01\/Fitur-2019-1024x642.jpg\" alt=\"\" width=\"1024\" height=\"642\" \/><\/a><\/p>\n<p><strong>El gran evento internacional del turismo que organiza IFEMA se celebra desde hoy hasta el 27 de enero de 2019 en Feria de Madrid\u00a0<\/strong><\/p>\n<p><strong>Una edici\u00f3n que ampl\u00eda su superficie de exposici\u00f3n con la incorporaci\u00f3n del pabell\u00f3n 2 donde se situar\u00e1 la oferta de los Destinos de Oriente Pr\u00f3ximo<\/strong>, y que avanza en la segmentaci\u00f3n de sus contenidos con una nueva secci\u00f3n monogr\u00e1fica dedicada al turismo cinematogr\u00e1fico<\/p>\n<p><span style=\"font-weight: 300;\">El gran evento internacional del turismo, que como cada a\u00f1o en su vocaci\u00f3n de adecuarse a las necesidades y evoluci\u00f3n de esta industria, <strong>vuelven a situar a FITUR\u00a0 en la \u00faltima semana de enero,<\/strong> reforzando su capacidad como centro de atracci\u00f3n de profesionales de todo el mundo.<\/span><\/p>\n<\/div>\n<div class=\"texto_noticia_detalle\">\n<p><strong>Las Iniciativas y novedades que tambi\u00e9n ponen especial atenci\u00f3n en aumentar la representaci\u00f3n sectorial, la internacionalizaci\u00f3n y la cualificaci\u00f3n <\/strong>de FITUR, con objeto de ofrecer una plataforma en constante dinamismo, que contribuya a generar oportunidades de negocio, el intercambio de conocimiento y, en definitiva, a impulsar la actividad del sector tur\u00edstico.<\/p>\n<p>En este sentido, el esquema de su organizaci\u00f3n contempla la <strong>ampliaci\u00f3n de la superficie de exposici\u00f3n<\/strong> con la\u00a0 incorporaci\u00f3n del pabell\u00f3n 2 de Feria de Madrid, que concentrar\u00e1 la oferta de los Destinos de Oriente Pr\u00f3ximo y permitir\u00e1, de esta manera, dedicar la totalidad del pabell\u00f3n 4 a Europa. <strong>El resto de \u00e1reas conservar\u00e1n su habitual articulaci\u00f3n que sit\u00faa a Am\u00e9rica en el Pabell\u00f3n 3;<\/strong> \u00c1frica y Asia Pac\u00edfico, en el pabell\u00f3n 6; Empresa, Tecnolog\u00eda y Empresa Global, en el pabell\u00f3n 8; Empresa y Asociaciones, en el pabell\u00f3n 10, y Entidades y Organismos Oficiales Espa\u00f1oles, a lo largo de los pabellones 5, 7 y 9.<\/p>\n<p>Por otra parte, y desde el punto de vista cualitativo, <strong>seguir\u00e1n trabajando en la especializaci\u00f3n, reforzando algunas de las secciones recientemente introducidas<\/strong>, como FITUR Festivales, a las que sumar\u00e1 nuevas plataformas de importante potencial de desarrollo. Este es el caso de la <strong>novedosa secci\u00f3n monogr\u00e1fica dedicada al turismo cinematogr\u00e1fico<\/strong>, promovida por Spain Film Comission (SFC) que ver\u00e1 la luz en 2019, en respuesta a esta tendencia tur\u00edstica al alza y de creciente demanda, motivada por el inter\u00e9s que suscita\u00a0 conocer las\u00a0 localizaciones de pel\u00edculas y series de \u00e9xito.<\/p>\n<p>Adem\u00e1s contar\u00e1n con espacios monogr\u00e1ficos ya consolidados, de gran desarrollo y volumen de negocio, como son FITUR GAY y\u00a0 FITUR SALUD, as\u00ed como las secciones FITURTECHY y FITUR KNOW HOW, en las que <strong>la tecnolog\u00eda se muestra como herramienta imprescindible para el crecimiento del sector y el avance hacia el concepto del turismo inteligente.<\/strong><\/p>\n<p>Otro de los grandes ejes ser\u00e1n <strong>los contenidos de conocimiento<\/strong>, que <strong>tendr\u00e1n su m\u00e1ximo referente en el programa de jornadas<\/strong> de cada una de las secciones de la feria, as\u00ed como en las distintas actividades, <strong>que organizan en el marco de la feria, entidades internacionales como la Organizaci\u00f3n Mundial del Turismo, OMT; la Conferencia Iberoamericana de Ministros y Empresarios de Turismo, CIMET;\u00a0 e INVESTOUR; a las que se suman este a\u00f1o EXCELTUR, con un nuevo programa, y el\u00a0 Consejo Mundial del Viaje y el Turismo (WTTC).<\/strong><\/p>\n<p>Con todo ello, <strong>FITUR 2019\u00a0 prepara una de sus ediciones m\u00e1s completas<\/strong>, en donde la sostenibilidad, la tecnolog\u00eda y la especializaci\u00f3n, seguir\u00e1n teniendo un marcado protagonismo, en convivencia con <strong>nuevos temas, tendencias y estrategias orientadas a consolidar y mejorar los resultados alcanzados en la pasada convocatoria<\/strong>, que congreg\u00f3 a 251.000 participantes y en la que se llevaron a cabo m\u00e1s de 6.800 encuentros de negocio.<\/p>\n<\/div>\n","protected":false},"excerpt":{"rendered":"<p>El gran evento internacional del turismo que organiza IFEMA se celebra desde hoy hasta el 27&hellip;<\/p>\n","protected":false},"author":69,"featured_media":35787,"comment_status":"open","ping_status":"open","sticky":false,"template":"","format":"standard","meta":{"_acf_changed":false,"_lmt_disableupdate":"","_lmt_disable":"","_mbp_gutenberg_autopost":false,"footnotes":""},"categories":[4,23,8],"tags":[],"class_list":["post-35374","post","type-post","status-publish","format-standard","has-post-thumbnail","hentry","category-empresas-y-negocios","category-noticias","category-turismo"],"acf":[],"_links":{"self":[{"href":"https:\/\/l21.mx\/index.php?rest_route=\/wp\/v2\/posts\/35374","targetHints":{"allow":["GET"]}}],"collection":[{"href":"https:\/\/l21.mx\/index.php?rest_route=\/wp\/v2\/posts"}],"about":[{"href":"https:\/\/l21.mx\/index.php?rest_route=\/wp\/v2\/types\/post"}],"author":[{"embeddable":true,"href":"https:\/\/l21.mx\/index.php?rest_route=\/wp\/v2\/users\/69"}],"replies":[{"embeddable":true,"href":"https:\/\/l21.mx\/index.php?rest_route=%2Fwp%2Fv2%2Fcomments&post=35374"}],"version-history":[{"count":0,"href":"https:\/\/l21.mx\/index.php?rest_route=\/wp\/v2\/posts\/35374\/revisions"}],"wp:featuredmedia":[{"embeddable":true,"href":"https:\/\/l21.mx\/index.php?rest_route=\/wp\/v2\/media\/35787"}],"wp:attachment":[{"href":"https:\/\/l21.mx\/index.php?rest_route=%2Fwp%2Fv2%2Fmedia&parent=35374"}],"wp:term":[{"taxonomy":"category","embeddable":true,"href":"https:\/\/l21.mx\/index.php?rest_route=%2Fwp%2Fv2%2Fcategories&post=35374"},{"taxonomy":"post_tag","embeddable":true,"href":"https:\/\/l21.mx\/index.php?rest_route=%2Fwp%2Fv2%2Ftags&post=35374"}],"curies":[{"name":"wp","href":"https:\/\/api.w.org\/{rel}","templated":true}]}}