{"id":35381,"date":"2019-01-23T16:50:06","date_gmt":"2019-01-23T21:50:06","guid":{"rendered":"http:\/\/www.latitud21.com.mx\/?p=35381"},"modified":"2019-01-31T15:50:16","modified_gmt":"2019-01-31T20:50:16","slug":"los-expositores-principales-que-protagonizan-fitur-2019","status":"publish","type":"post","link":"https:\/\/l21.mx\/?p=35381","title":{"rendered":"Los protagonistas en Fitur 2019"},"content":{"rendered":"<p><a href=\"http:\/\/www.latitud21.com.mx\/wp-content\/uploads\/2019\/01\/Fitur2019.jpg\" data-rel=\"penci-gallery-image-content\"  target=\"_blank\" rel=\"noopener\"><img fetchpriority=\"high\" decoding=\"async\" class=\"alignnone size-full wp-image-35382\" src=\"http:\/\/www.latitud21.com.mx\/wp-content\/uploads\/2019\/01\/Fitur2019.jpg\" alt=\"\" width=\"991\" height=\"558\" \/><\/a><\/p>\n<p><strong>Este a\u00f1o Madrid\u00a0vuelve a convertirse esta semana en el\u00a0centro mundial del turismo\u00a0de la mano de la feria internacional\u00a0Fitur, contar\u00e1 con\u00a067.495 metros cuadrados, 886 expositores y 10.487 empresas de 165 pa\u00edses y regiones distintos.<\/strong><\/p>\n<p>Se celebra\u00a0desde hoy hasta el 27 de enero\u00a0en Feria de Madrid.\u00a0Un escaparate \u00fanico\u00a0para los profesionales del turismo que ofrecen multitud de destinos y opciones viajeras y una oportunidad para todos los que deseen viajar y explorar otros pa\u00edses donde podr\u00e1n escoger entre una\u00a0enorme diversidad de experiencias\u00a0en muy diversos lugares.<\/p>\n<p>A los pa\u00edses de otros a\u00f1os se suman una decena de\u00a0nuevas incorporaciones, como son las representaciones oficiales de Djibuti, Finlandia, el EmiratoRas al Khaimah, y Sierra Leona, as\u00ed como expositores de islas Cook, Rep\u00fablica de Macedonia, Pakist\u00e1n, Pap\u00faa Nueva Guinea, Polinesia Francesa, Serbia y Suecia.<\/p>\n<p>Atendiendo a la participaci\u00f3n por regiones, el mayor crecimiento corresponde este a\u00f1o a\u00a0Europa\u00a0( 13%) que ocupar\u00e1 en solitario el\u00a0pabell\u00f3n 4, mientras que los destinos de\u00a0Oriente Pr\u00f3ximo\u00a0pasar\u00e1n al nuevo\u00a0pabell\u00f3n n\u00famero 2; y a\u00a0\u00c1frica\u00a0(15%) que junto a\u00a0Asia y Pac\u00edfico\u00a0ocupar\u00e1n el\u00a0pabell\u00f3n 5.<\/p>\n<p>El pabell\u00f3n 3 estar\u00e1 dedicado \u00edntegramente a Am\u00e9rica, aqu\u00ed se ubicar\u00e1\u00a0Rep\u00fablica Dominicana\u00a0que es este a\u00f1o el pa\u00eds\u00a0SocioFitur. Un destino que expone desde la primera edici\u00f3n de la feria, en 1981, y que este a\u00f1o es la tercera participaci\u00f3n oficial m\u00e1s grande, tras M\u00e9xico y Portugal.<\/p>\n<p>Pero entre las novedades destaca una nueva secci\u00f3n monogr\u00e1fica,Fitur Cine\/Screen Tourism, para conectar a la industria tur\u00edstica y cinematogr\u00e1fica mundial, y promover un segmento tur\u00edstico cada vez m\u00e1s demandante de conocer las\u00a0localizaciones de pel\u00edculas y series de \u00e9xito.<\/p>\n<p>En el pabell\u00f3n 3, dentro de Fitur Festivales, tiene como nueva apuesta cultural\u00a0Fitur Es M\u00fasica, un festival de m\u00fasica urbana y alternativa, organizado en colaboraci\u00f3n con Planet Events y Disorder, con el apoyo medi\u00e1tico de Radio 3 y de Mondo Sonoro, que se celebrar\u00e1 el viernes 25 y s\u00e1bado 26 de enero en el pabell\u00f3n 1.<\/p>\n<p>Por su parte,\u00a0Fitur Gay\u00a0(LGBT+), contar\u00e1 por primera vez con las participaciones de la Ciudad de Nueva York, Portugal y Tailandia. En esta ocasi\u00f3n, y con el lema \u201c50 Aniversario Stonewall New York\u201d, adem\u00e1s ofrecer\u00e1\u00a0espect\u00e1culos de Drag Queens\u00a0el s\u00e1bado y el domingo. En referencia\u00a0Fitur Salud,\u00a0que como cada a\u00f1o se celebra de la mano del cl\u00faster SPAINCARES, que contar\u00e1 con un espacio B2C de\u00a0demostraciones totalmente gratuitas para el p\u00fablico.<\/p>\n<p>Tambi\u00e9n se estrena el evento\u00a0Fitur Mindfultravel, dedicado al turismo transformador y sostenible, que concentrar\u00e1 y los d\u00edas 26 y 27 de enero, las tendencias nacionales e internacionales que aglutinan las diversas formas de los modelos de turismo consciente y transformador.<\/p>\n<p>El\u00a0stand nacional m\u00e1s grande este a\u00f1o ser\u00e1 el de la comunidad andaluza, que duplicar\u00e1 el espacio hasta los 559 metros cuadrados. Y a nivel internacional destacan Marruecos, Sud\u00e1frica y T\u00fanez en \u00c1frica, India, Jap\u00f3n y Tailandia en Asia, Portugal, Italia y Turqu\u00eda en Europa, e Ir\u00e1n, Egipto y Jordania en Oriente Pr\u00f3ximo.<\/p>\n<p><span style=\"color: #999999;\">Fuente: lavanguardia.<\/span><\/p>\n","protected":false},"excerpt":{"rendered":"<p>Este a\u00f1o Madrid\u00a0vuelve a convertirse esta semana en el\u00a0centro mundial del turismo\u00a0de la mano de la&hellip;<\/p>\n","protected":false},"author":69,"featured_media":35785,"comment_status":"open","ping_status":"open","sticky":false,"template":"","format":"standard","meta":{"_acf_changed":false,"_lmt_disableupdate":"","_lmt_disable":"","_mbp_gutenberg_autopost":false,"footnotes":""},"categories":[4,23,8],"tags":[],"class_list":["post-35381","post","type-post","status-publish","format-standard","has-post-thumbnail","hentry","category-empresas-y-negocios","category-noticias","category-turismo"],"acf":[],"_links":{"self":[{"href":"https:\/\/l21.mx\/index.php?rest_route=\/wp\/v2\/posts\/35381","targetHints":{"allow":["GET"]}}],"collection":[{"href":"https:\/\/l21.mx\/index.php?rest_route=\/wp\/v2\/posts"}],"about":[{"href":"https:\/\/l21.mx\/index.php?rest_route=\/wp\/v2\/types\/post"}],"author":[{"embeddable":true,"href":"https:\/\/l21.mx\/index.php?rest_route=\/wp\/v2\/users\/69"}],"replies":[{"embeddable":true,"href":"https:\/\/l21.mx\/index.php?rest_route=%2Fwp%2Fv2%2Fcomments&post=35381"}],"version-history":[{"count":0,"href":"https:\/\/l21.mx\/index.php?rest_route=\/wp\/v2\/posts\/35381\/revisions"}],"wp:featuredmedia":[{"embeddable":true,"href":"https:\/\/l21.mx\/index.php?rest_route=\/wp\/v2\/media\/35785"}],"wp:attachment":[{"href":"https:\/\/l21.mx\/index.php?rest_route=%2Fwp%2Fv2%2Fmedia&parent=35381"}],"wp:term":[{"taxonomy":"category","embeddable":true,"href":"https:\/\/l21.mx\/index.php?rest_route=%2Fwp%2Fv2%2Fcategories&post=35381"},{"taxonomy":"post_tag","embeddable":true,"href":"https:\/\/l21.mx\/index.php?rest_route=%2Fwp%2Fv2%2Ftags&post=35381"}],"curies":[{"name":"wp","href":"https:\/\/api.w.org\/{rel}","templated":true}]}}