{"id":35386,"date":"2019-01-23T18:43:29","date_gmt":"2019-01-23T23:43:29","guid":{"rendered":"http:\/\/www.latitud21.com.mx\/?p=35386"},"modified":"2019-01-31T15:45:03","modified_gmt":"2019-01-31T20:45:03","slug":"tren-maya-en-la-inauguracion-del-pabellon-de-mexico-en-la-fitur","status":"publish","type":"post","link":"https:\/\/l21.mx\/?p=35386","title":{"rendered":"Tren Maya, en la inauguraci\u00f3n del pabell\u00f3n de M\u00e9xico en la Fitur"},"content":{"rendered":"<p><a href=\"http:\/\/www.latitud21.com.mx\/wp-content\/uploads\/2019\/01\/Mexico-en-Fitur-2019.jpeg\" data-rel=\"penci-gallery-image-content\"  target=\"_blank\" rel=\"noopener\"><img fetchpriority=\"high\" decoding=\"async\" class=\"alignnone size-large wp-image-35390\" src=\"http:\/\/www.latitud21.com.mx\/wp-content\/uploads\/2019\/01\/Mexico-en-Fitur-2019-1024x768.jpeg\" alt=\"\" width=\"1024\" height=\"768\" \/><\/a><\/p>\n<p>En Madrid, con la promoci\u00f3n del Tren Maya como una de sus principales apuestas, M\u00e9xico inici\u00f3 ayer su participaci\u00f3n en la\u00a0<strong>Feria Internacional de Turismo de Madrid\u00a0<\/strong>(Fitur).<\/p>\n<p><strong>Durante la inauguraci\u00f3n del pabell\u00f3n de M\u00e9xico en la Fitur, Miguel Torruco, titular de la Secretar\u00eda de Turismo<\/strong>,\u00a0dijo que \u201cser\u00e1 el\u00a0programa de infraestructura tur\u00edstica m\u00e1s importante que se haga en la administraci\u00f3n del presidente L\u00f3pez Obrador\u201d.<\/p>\n<p><strong>Uno de los m\u00e1s grandes del bloque de exhibici\u00f3n de las Am\u00e9ricas, es\u00a0el stand de M\u00e9xico, este a\u00f1o se incluy\u00f3 una muestra de los trenes tur\u00edsticos de M\u00e9xico, y naturalmente la ruta Maya.<\/strong><\/p>\n<p><a href=\"http:\/\/www.latitud21.com.mx\/wp-content\/uploads\/2019\/01\/Mexico-en-Fitur-2019-Stand.jpeg\" data-rel=\"penci-gallery-image-content\"  target=\"_blank\" rel=\"noopener\"><img decoding=\"async\" class=\"alignnone size-large wp-image-35389\" src=\"http:\/\/www.latitud21.com.mx\/wp-content\/uploads\/2019\/01\/Mexico-en-Fitur-2019-Stand-1024x768.jpeg\" alt=\"\" width=\"1024\" height=\"768\" \/><\/a><\/p>\n<p>Los visitantes del stand <strong>a\u00a0trav\u00e9s de un visor de realidad virtual,<\/strong> pueden experimentar un segmento de recorrido de la ruta maya en la que se transmite la sensaci\u00f3n de movimiento a trav\u00e9s de la selva del sureste mexicano.<\/p>\n<p>\u201cEstamos muy contentos, hay una inversi\u00f3n muy importante para el sur sureste del pa\u00eds. No solo de integraci\u00f3n, comunicaci\u00f3n y generaci\u00f3n de empleo.\u00a0La inversi\u00f3n se estima entre 120,000 y 150,000 millones de pesos,<strong> que los 18 millones de turistas que visitan la pen\u00ednsula de Yucat\u00e1n y Quintana Roo\u00a0puedan visitar tambi\u00e9n los estados de Campeche, Tabasco y Chiapas, que recorre la ruta\u201d<\/strong>\u201d dijo en entrevista Alejandro Moreno, gobernador de Campeche.<\/p>\n<p>La 39\u00aa edici\u00f3n de FITUR, uno de los mayores salones de turismo del mundo que este a\u00f1o abre del 23 al 27 de enero.<\/p>\n","protected":false},"excerpt":{"rendered":"<p>En Madrid, con la promoci\u00f3n del Tren Maya como una de sus principales apuestas, M\u00e9xico inici\u00f3&hellip;<\/p>\n","protected":false},"author":69,"featured_media":35784,"comment_status":"open","ping_status":"open","sticky":false,"template":"","format":"standard","meta":{"_acf_changed":false,"_lmt_disableupdate":"","_lmt_disable":"","_mbp_gutenberg_autopost":false,"footnotes":""},"categories":[4,23,8],"tags":[],"class_list":["post-35386","post","type-post","status-publish","format-standard","has-post-thumbnail","hentry","category-empresas-y-negocios","category-noticias","category-turismo"],"acf":[],"_links":{"self":[{"href":"https:\/\/l21.mx\/index.php?rest_route=\/wp\/v2\/posts\/35386","targetHints":{"allow":["GET"]}}],"collection":[{"href":"https:\/\/l21.mx\/index.php?rest_route=\/wp\/v2\/posts"}],"about":[{"href":"https:\/\/l21.mx\/index.php?rest_route=\/wp\/v2\/types\/post"}],"author":[{"embeddable":true,"href":"https:\/\/l21.mx\/index.php?rest_route=\/wp\/v2\/users\/69"}],"replies":[{"embeddable":true,"href":"https:\/\/l21.mx\/index.php?rest_route=%2Fwp%2Fv2%2Fcomments&post=35386"}],"version-history":[{"count":0,"href":"https:\/\/l21.mx\/index.php?rest_route=\/wp\/v2\/posts\/35386\/revisions"}],"wp:featuredmedia":[{"embeddable":true,"href":"https:\/\/l21.mx\/index.php?rest_route=\/wp\/v2\/media\/35784"}],"wp:attachment":[{"href":"https:\/\/l21.mx\/index.php?rest_route=%2Fwp%2Fv2%2Fmedia&parent=35386"}],"wp:term":[{"taxonomy":"category","embeddable":true,"href":"https:\/\/l21.mx\/index.php?rest_route=%2Fwp%2Fv2%2Fcategories&post=35386"},{"taxonomy":"post_tag","embeddable":true,"href":"https:\/\/l21.mx\/index.php?rest_route=%2Fwp%2Fv2%2Ftags&post=35386"}],"curies":[{"name":"wp","href":"https:\/\/api.w.org\/{rel}","templated":true}]}}