{"id":35398,"date":"2019-01-24T10:48:12","date_gmt":"2019-01-24T15:48:12","guid":{"rendered":"http:\/\/www.latitud21.com.mx\/?p=35398"},"modified":"2019-01-31T15:16:04","modified_gmt":"2019-01-31T20:16:04","slug":"ahi-viene-la-plaga-y-los-emprendedores-aprovechan-las-propiedades-del-sargazo","status":"publish","type":"post","link":"https:\/\/l21.mx\/?p=35398","title":{"rendered":"Ah\u00ed viene la plaga&#8230; y los emprendedores aprovechan las propiedades del sargazo"},"content":{"rendered":"<h1><a href=\"http:\/\/www.latitud21.com.mx\/wp-content\/uploads\/2019\/01\/recolecta-de-sargazo.jpg\" data-rel=\"penci-gallery-image-content\"  target=\"_blank\" rel=\"noopener\"><img fetchpriority=\"high\" decoding=\"async\" class=\"alignnone size-full wp-image-35399\" src=\"http:\/\/www.latitud21.com.mx\/wp-content\/uploads\/2019\/01\/recolecta-de-sargazo.jpg\" alt=\"\" width=\"580\" height=\"400\" \/><\/a><\/h1>\n<p><strong>Dichas acciones se desarrollaron en\u00a0Cozumel,\u00a0Isla Mujeres,\u00a0Benito Ju\u00e1rez,\u00a0Puerto Morelos,\u00a0Solidaridad,\u00a0Tulum\u00a0y\u00a0Oth\u00f3n P. Blanco.<\/strong><\/p>\n<p class=\"paragraph\" data-count=\"208\" data-wrap=\"36\"><strong>Alfredo Arellano Guillermo, secretario de Ecolog\u00eda y Medio Ambiente de Quintana Roo<\/strong>, se\u00f1al\u00f3 que el plan integral que se emprendi\u00f3 para atender <a href=\"http:\/\/www.latitud21.com.mx\/sargazo-proveniente-de-brasil-se-acerca-a-las-costas-del-caribe-mexicano\/\" target=\"_blank\" rel=\"noopener\">el tema del sargazo<\/a>, permiti\u00f3 que <strong>de junio a diciembre del a\u00f1o pasado se removieron\u00a0522 mil toneladas de esta alga en siete municipios.<\/strong><\/p>\n<p>\u00abCon el\u00a0<strong>alginato de sodio<\/strong>\u00a0que se extrae de la alga se elabora maquillaje, ya que tiene propiedades antioxidantes\u201d, inform\u00f3\u00a0el funcionario<\/p>\n<p class=\"paragraph\" data-count=\"149\" data-wrap=\"26\">Con esto algunos emprendedores comienzan a dar un <strong>uso real al\u00a0sargazo\u00a0que llega a las costas de\u00a0Quintana Roo\u00a0para la elaboraci\u00f3n de cosm\u00e9ticos<\/strong>, aprovechando sus propiedades antioxidantes, lo que muchos consideran una plaga que ha acarreado p\u00e9rdidas importantes en la regi\u00f3n.<\/p>\n<p class=\"paragraph\" data-count=\"222\" data-wrap=\"36\">En entrevista, que concedi\u00f3 al concluir la primera sesi\u00f3n del Consejo Consultivo Ciudadano en Oth\u00f3n P. Blanco, detall\u00f3 que <strong>el fen\u00f3meno se atendi\u00f3 con un plan integral<\/strong> de recolecci\u00f3n en playa, contenci\u00f3n y recolecta en mar.<\/p>\n<p class=\"paragraph\" data-count=\"151\" data-wrap=\"26\">Afirm\u00f3 que la empresa, de la que no precis\u00f3 el nombre, <strong>y<\/strong><span style=\"font-weight: 300;\"><strong>a tiene varias semanas aprovechando el alga que recala principalmente en las playas de Canc\u00fan<\/strong>.\u00a0<\/span>Hay ocho posibilidades distintas de aprovechamiento y algunas ya se est\u00e1n dando de manera artesanal.<\/p>\n<p class=\"paragraph\" data-count=\"231\" data-wrap=\"42\"><strong>La invitaci\u00f3n sigue abierta para que el sector privado invierta en ese proceso<\/strong>.\u00a0Asegur\u00f3 que el gran reto es llevarlo a la industrializaci\u00f3n para que se pueda aprovechar casi en su totalidad el sargazo que llega a la costa.<\/p>\n<p class=\"paragraph\" data-count=\"165\" data-wrap=\"26\">Sobre el fen\u00f3meno del alga marina<strong>\u00a0la\u00a0responsabilidad de atenci\u00f3n y prevenci\u00f3n<\/strong>\u00a0<strong>pertenece al gobierno federal<\/strong>\u00a0que est\u00e1 tomando m\u00e1s en cuenta ese compromiso, enfatiz\u00f3.<\/p>\n","protected":false},"excerpt":{"rendered":"<p>Dichas acciones se desarrollaron en\u00a0Cozumel,\u00a0Isla Mujeres,\u00a0Benito Ju\u00e1rez,\u00a0Puerto Morelos,\u00a0Solidaridad,\u00a0Tulum\u00a0y\u00a0Oth\u00f3n P. Blanco. Alfredo Arellano Guillermo, secretario de Ecolog\u00eda&hellip;<\/p>\n","protected":false},"author":69,"featured_media":35782,"comment_status":"open","ping_status":"open","sticky":false,"template":"","format":"standard","meta":{"_acf_changed":false,"_lmt_disableupdate":"","_lmt_disable":"","_mbp_gutenberg_autopost":false,"footnotes":""},"categories":[4,23,8],"tags":[],"class_list":["post-35398","post","type-post","status-publish","format-standard","has-post-thumbnail","hentry","category-empresas-y-negocios","category-noticias","category-turismo"],"acf":[],"_links":{"self":[{"href":"https:\/\/l21.mx\/index.php?rest_route=\/wp\/v2\/posts\/35398","targetHints":{"allow":["GET"]}}],"collection":[{"href":"https:\/\/l21.mx\/index.php?rest_route=\/wp\/v2\/posts"}],"about":[{"href":"https:\/\/l21.mx\/index.php?rest_route=\/wp\/v2\/types\/post"}],"author":[{"embeddable":true,"href":"https:\/\/l21.mx\/index.php?rest_route=\/wp\/v2\/users\/69"}],"replies":[{"embeddable":true,"href":"https:\/\/l21.mx\/index.php?rest_route=%2Fwp%2Fv2%2Fcomments&post=35398"}],"version-history":[{"count":0,"href":"https:\/\/l21.mx\/index.php?rest_route=\/wp\/v2\/posts\/35398\/revisions"}],"wp:featuredmedia":[{"embeddable":true,"href":"https:\/\/l21.mx\/index.php?rest_route=\/wp\/v2\/media\/35782"}],"wp:attachment":[{"href":"https:\/\/l21.mx\/index.php?rest_route=%2Fwp%2Fv2%2Fmedia&parent=35398"}],"wp:term":[{"taxonomy":"category","embeddable":true,"href":"https:\/\/l21.mx\/index.php?rest_route=%2Fwp%2Fv2%2Fcategories&post=35398"},{"taxonomy":"post_tag","embeddable":true,"href":"https:\/\/l21.mx\/index.php?rest_route=%2Fwp%2Fv2%2Ftags&post=35398"}],"curies":[{"name":"wp","href":"https:\/\/api.w.org\/{rel}","templated":true}]}}