{"id":35408,"date":"2019-01-24T14:00:50","date_gmt":"2019-01-24T19:00:50","guid":{"rendered":"http:\/\/www.latitud21.com.mx\/?p=35408"},"modified":"2019-01-31T13:59:33","modified_gmt":"2019-01-31T18:59:33","slug":"miguel-torruco-convoca-a-cumbre-internacional-sobre-sargazo-en-el-marco-de-la-fitur","status":"publish","type":"post","link":"https:\/\/l21.mx\/?p=35408","title":{"rendered":"Miguel Torruco convoca a cumbre internacional sobre sargazo, en el marco de la FITUR"},"content":{"rendered":"<p><a href=\"http:\/\/www.latitud21.com.mx\/wp-content\/uploads\/2019\/01\/CIMET-contra-sargazo.png\" data-rel=\"penci-gallery-image-content\"  target=\"_blank\" rel=\"noopener\"><img fetchpriority=\"high\" decoding=\"async\" class=\"alignnone size-large wp-image-35412\" src=\"http:\/\/www.latitud21.com.mx\/wp-content\/uploads\/2019\/01\/CIMET-contra-sargazo-1024x576.png\" alt=\"\" width=\"1024\" height=\"576\" \/><\/a><\/p>\n<p><strong>El secretario de Turismo de M\u00e9xico, Miguel Torruco Marqu\u00e9s, explic\u00f3 que el prop\u00f3sito es analizar y acordar, de manera conjunta, acciones que lleven a una soluci\u00f3n del problema que representa la creciente presencia de sargazo en playas de varios pa\u00edses que forman parte de la Cuenca del Mar Caribe.\u00a0 \u00a0\u00a0<\/strong><\/p>\n<p><span style=\"font-weight: 300;\">Destac\u00f3 la importancia de que los Ministerios de Turismo y de Medio Ambiente <strong>trabajen en estrecha coordinaci\u00f3n<\/strong> para realizar acciones comunes que permitan enfrentar este fen\u00f3meno natural, al participar en la \u201c22\u00aa Conferencia Iberoamericana de Ministros y Empresarios de Turismo (CIMET)\u201d en el marco de la Feria Internacional de Turismo (FITUR), en Madrid, Espa\u00f1a.<\/span><\/p>\n<p>En su calidad de presidente de la Comisi\u00f3n Interamericana de Turismo -2018-2021- de la Organizaci\u00f3n de Estados Americanos (OEA), los invit\u00f3 a trabajar unidos para lograr, a trav\u00e9s de estos mecanismos de cooperaci\u00f3n, <strong>un turismo sustentable para bien de nuestros pa\u00edses<\/strong>, \u201csabemos de la importancia de un trabajo coordinado para lograr una mayor capacidad de respuesta, y es en ese sentido mi propuesta\u201d, explica el comunicado.<\/p>\n<p><a href=\"http:\/\/www.latitud21.com.mx\/wp-content\/uploads\/2019\/01\/CIMET-22-2019.jpg\" data-rel=\"penci-gallery-image-content\"  target=\"_blank\" rel=\"noopener\"><img decoding=\"async\" class=\"alignnone size-large wp-image-35420\" src=\"http:\/\/www.latitud21.com.mx\/wp-content\/uploads\/2019\/01\/CIMET-22-2019-1024x618.jpg\" alt=\"\" width=\"1024\" height=\"618\" \/><\/a><\/p>\n<p>A\u00f1adi\u00f3 que <strong>se ha visto con preocupaci\u00f3n la creciente presencia de sargazo<\/strong> en destinos de playa en el Mar Caribe, lo que <strong>afecta a la actividad tur\u00edstica e impacta de manera adversa a la econom\u00eda<\/strong> de esos centros tur\u00edsticos y, con ello, la vida de sus habitantes, de la fauna, flora y de los ecosistemas existentes en los litorales.<\/p>\n<p>Dijo que afortunadamente, <strong>con el desarrollo de la ciencia y la tecnolog\u00eda<\/strong>, que avanza vertiginosamente, <strong>se pueden controlar o disminuir los efectos de estas algas marinas<\/strong>. Puso como ejemplo los casos de China y Suecia, donde se han dado logros significativos. Destac\u00f3 que \u201cdesde luego <strong>los cient\u00edficos de nuestros pa\u00edses tambi\u00e9n se han abocado a combatir este problema<\/strong>\u201d.<\/p>\n<p>M\u00e1s tarde, en la casa de M\u00e9xico en Espa\u00f1a sostuvo una reuni\u00f3n con 16 miembros de la Asociaci\u00f3n de Secretarios de Turismo (Asetur) de nuestro pa\u00eds, a los que puso al tanto de los avances de <strong>los preparativos del pr\u00f3ximo Tianguis Tur\u00edstico, que se celebrar\u00e1 en Acapulco,<\/strong> entre otros temas de inter\u00e9s.<\/p>\n<p>Finalmente, acudi\u00f3 a <strong>una cena privada con hoteleros espa\u00f1oles<\/strong>, que le ofreci\u00f3 el Grupo Inverotel.<\/p>\n","protected":false},"excerpt":{"rendered":"<p>El secretario de Turismo de M\u00e9xico, Miguel Torruco Marqu\u00e9s, explic\u00f3 que el prop\u00f3sito es analizar y&hellip;<\/p>\n","protected":false},"author":69,"featured_media":35779,"comment_status":"open","ping_status":"open","sticky":false,"template":"","format":"standard","meta":{"_acf_changed":false,"_lmt_disableupdate":"","_lmt_disable":"","_mbp_gutenberg_autopost":false,"footnotes":""},"categories":[23,8],"tags":[],"class_list":["post-35408","post","type-post","status-publish","format-standard","has-post-thumbnail","hentry","category-noticias","category-turismo"],"acf":[],"_links":{"self":[{"href":"https:\/\/l21.mx\/index.php?rest_route=\/wp\/v2\/posts\/35408","targetHints":{"allow":["GET"]}}],"collection":[{"href":"https:\/\/l21.mx\/index.php?rest_route=\/wp\/v2\/posts"}],"about":[{"href":"https:\/\/l21.mx\/index.php?rest_route=\/wp\/v2\/types\/post"}],"author":[{"embeddable":true,"href":"https:\/\/l21.mx\/index.php?rest_route=\/wp\/v2\/users\/69"}],"replies":[{"embeddable":true,"href":"https:\/\/l21.mx\/index.php?rest_route=%2Fwp%2Fv2%2Fcomments&post=35408"}],"version-history":[{"count":0,"href":"https:\/\/l21.mx\/index.php?rest_route=\/wp\/v2\/posts\/35408\/revisions"}],"wp:featuredmedia":[{"embeddable":true,"href":"https:\/\/l21.mx\/index.php?rest_route=\/wp\/v2\/media\/35779"}],"wp:attachment":[{"href":"https:\/\/l21.mx\/index.php?rest_route=%2Fwp%2Fv2%2Fmedia&parent=35408"}],"wp:term":[{"taxonomy":"category","embeddable":true,"href":"https:\/\/l21.mx\/index.php?rest_route=%2Fwp%2Fv2%2Fcategories&post=35408"},{"taxonomy":"post_tag","embeddable":true,"href":"https:\/\/l21.mx\/index.php?rest_route=%2Fwp%2Fv2%2Ftags&post=35408"}],"curies":[{"name":"wp","href":"https:\/\/api.w.org\/{rel}","templated":true}]}}