{"id":35415,"date":"2019-01-24T16:11:37","date_gmt":"2019-01-24T21:11:37","guid":{"rendered":"http:\/\/www.latitud21.com.mx\/?p=35415"},"modified":"2019-01-31T13:42:45","modified_gmt":"2019-01-31T18:42:45","slug":"fomenta-unicaribe-la-educacion-financiera-en-los-ninos","status":"publish","type":"post","link":"https:\/\/l21.mx\/?p=35415","title":{"rendered":"Fomenta Unicaribe la educaci\u00f3n financiera en los ni\u00f1os"},"content":{"rendered":"<p><a href=\"http:\/\/www.latitud21.com.mx\/wp-content\/uploads\/2019\/01\/Educaion-financiera-Unicaribe-1.jpeg\" data-rel=\"penci-gallery-image-content\"  target=\"_blank\" rel=\"noopener\"><img fetchpriority=\"high\" decoding=\"async\" class=\"alignnone size-large wp-image-35416\" src=\"http:\/\/www.latitud21.com.mx\/wp-content\/uploads\/2019\/01\/Educaion-financiera-Unicaribe-1-1024x768.jpeg\" alt=\"\" width=\"1024\" height=\"768\"><\/a><\/p>\n<p><strong>Con el apoyo de \u201cMoney Kids, Ni\u00f1os que Emprenden\u201d, en la Universidad del Caribe se ofreci\u00f3 un Taller de Educaci\u00f3n Financiera y Emprendedora a ni\u00f1as y ni\u00f1os, en el marco del programa \u201cPeraj-adopta un amig@\u201d;<\/strong> <strong>un proyecto nacional en el que las y los universitarios realizan su servicio social como mentores (uno a uno) de estudiantes de primarias p\u00fablicas, a quienes apoyan y motivan para desarrollar su m\u00e1ximo potencial.<\/strong><\/p>\n<p><strong>El director de \u201cMoney Kids, Ni\u00f1os que Emprenden\u201d, Humberto Vergara<\/strong>, imparti\u00f3 personalmente diferentes talleres enfocados al <strong>manejo eficaz de los recursos<\/strong>; as\u00ed como en <strong>desarrollar, desde temprana edad, el esp\u00edritu emprendedor<\/strong> de las nuevas generaciones.<\/p>\n<p>Como parte de las actividades del programa, <strong>se abordaron diversas tem\u00e1ticas en un formato \u00e1gil, divertido y participativo<\/strong>, fomentando la reflexi\u00f3n de los asistentes, quienes tomaron consciencia del uso responsable de todos los recursos a su alcance, incluyendo su potencial y talento, para acceder a una mejor calidad de vida.<\/p>\n<p>Humberto Vergara destac\u00f3 la importancia que este tipo de cursos tiene en la actualidad, donde <strong>el entorno es cada vez m\u00e1s competitivo e incierto<\/strong>, debido a los cambios econ\u00f3micos y tecnol\u00f3gicos, a los que se enfrentar\u00e1n las ni\u00f1as, ni\u00f1os y j\u00f3venes.<\/p>\n<p><a href=\"http:\/\/www.latitud21.com.mx\/wp-content\/uploads\/2019\/01\/Educaion-financiera-Unicaribe-2.jpeg\" data-rel=\"penci-gallery-image-content\"  target=\"_blank\" rel=\"noopener\"><img decoding=\"async\" class=\"alignnone size-large wp-image-35417\" src=\"http:\/\/www.latitud21.com.mx\/wp-content\/uploads\/2019\/01\/Educaion-financiera-Unicaribe-2-1024x768.jpeg\" alt=\"\" width=\"1024\" height=\"768\"><\/a><\/p>\n<p>\u201cHablar de educaci\u00f3n financiera y emprendedora va m\u00e1s all\u00e1 de que se aprenda a ahorrar o poner un negocio. <strong>Tiene que ver fundamentalmente con la construcci\u00f3n de una visi\u00f3n de vida<\/strong> que se concrete en un plan que los lleve a entender que el \u00e9xito en finanzas y negocios es algo que les sucede, sino algo que ellos mismos construyen. De tal forma que <strong>las oportunidades<\/strong> no siempre dependan del entorno, sino que <strong>ellos mismos sean capaces de crearlas<\/strong>\u201d, explic\u00f3.<\/p>\n<p>Mencion\u00f3 que <strong>\u201cMoney Kids,<\/strong> Ni\u00f1os que Emprenden\u201d, es un sistema educativo que comenz\u00f3 actividades en el a\u00f1o 2000 y <strong>lleg\u00f3 a Canc\u00fan hace un a\u00f1o<\/strong>; tiempo en que ha desarrollado talleres en diversos espacios, tanto en ciudades como en comunidades marginadas. \u201c<strong>Creo que podemos y debemos acercar herramientas en los sectores con menos oportunidades para contribuir en mejorar las condiciones de vida de la ni\u00f1ez y juventud quintanarroense\u201d<\/strong>, consider\u00f3.<\/p>\n<p><strong>Actualmente<\/strong>, \u201cMoney Kids,&nbsp; Ni\u00f1os que Emprenden\u201d, adem\u00e1s de colaborar con la Universidad el Caribe, <strong>imparte talleres a j\u00f3venes y adultos<\/strong>, as\u00ed como ni\u00f1as y ni\u00f1os de 8 a 14 a\u00f1os <strong>en Canc\u00fan, Playa del Carmen y comunidades del interior del estado<\/strong>.<\/p>\n","protected":false},"excerpt":{"rendered":"<p>Con el apoyo de \u201cMoney Kids, Ni\u00f1os que Emprenden\u201d, en la Universidad del Caribe se ofreci\u00f3&hellip;<\/p>\n","protected":false},"author":69,"featured_media":35733,"comment_status":"open","ping_status":"open","sticky":false,"template":"","format":"standard","meta":{"_acf_changed":false,"_lmt_disableupdate":"","_lmt_disable":"","_mbp_gutenberg_autopost":false,"footnotes":""},"categories":[4,23,35],"tags":[],"class_list":["post-35415","post","type-post","status-publish","format-standard","has-post-thumbnail","hentry","category-empresas-y-negocios","category-noticias","category-responsabilidad-social"],"acf":[],"_links":{"self":[{"href":"https:\/\/l21.mx\/index.php?rest_route=\/wp\/v2\/posts\/35415","targetHints":{"allow":["GET"]}}],"collection":[{"href":"https:\/\/l21.mx\/index.php?rest_route=\/wp\/v2\/posts"}],"about":[{"href":"https:\/\/l21.mx\/index.php?rest_route=\/wp\/v2\/types\/post"}],"author":[{"embeddable":true,"href":"https:\/\/l21.mx\/index.php?rest_route=\/wp\/v2\/users\/69"}],"replies":[{"embeddable":true,"href":"https:\/\/l21.mx\/index.php?rest_route=%2Fwp%2Fv2%2Fcomments&post=35415"}],"version-history":[{"count":0,"href":"https:\/\/l21.mx\/index.php?rest_route=\/wp\/v2\/posts\/35415\/revisions"}],"wp:featuredmedia":[{"embeddable":true,"href":"https:\/\/l21.mx\/index.php?rest_route=\/wp\/v2\/media\/35733"}],"wp:attachment":[{"href":"https:\/\/l21.mx\/index.php?rest_route=%2Fwp%2Fv2%2Fmedia&parent=35415"}],"wp:term":[{"taxonomy":"category","embeddable":true,"href":"https:\/\/l21.mx\/index.php?rest_route=%2Fwp%2Fv2%2Fcategories&post=35415"},{"taxonomy":"post_tag","embeddable":true,"href":"https:\/\/l21.mx\/index.php?rest_route=%2Fwp%2Fv2%2Ftags&post=35415"}],"curies":[{"name":"wp","href":"https:\/\/api.w.org\/{rel}","templated":true}]}}