{"id":35429,"date":"2019-01-24T20:01:24","date_gmt":"2019-01-25T01:01:24","guid":{"rendered":"http:\/\/www.latitud21.com.mx\/?p=35429"},"modified":"2019-01-31T13:11:07","modified_gmt":"2019-01-31T18:11:07","slug":"aerolineas-confirman-mas-vuelos-a-cancun-en-la-feria-de-turismo-en-madrid","status":"publish","type":"post","link":"https:\/\/l21.mx\/?p=35429","title":{"rendered":"Moscu y Quebec confirman m\u00e1s vuelos a Canc\u00fan, en la Feria de Turismo en Madrid"},"content":{"rendered":"<p><a href=\"http:\/\/www.latitud21.com.mx\/wp-content\/uploads\/2019\/01\/Dario-y-Marisol.jpg\" data-rel=\"penci-gallery-image-content\"  target=\"_blank\" rel=\"noopener\"><img fetchpriority=\"high\" decoding=\"async\" class=\"alignnone size-large wp-image-35431\" src=\"http:\/\/www.latitud21.com.mx\/wp-content\/uploads\/2019\/01\/Dario-y-Marisol-1024x682.jpg\" alt=\"\" width=\"1024\" height=\"682\" \/><\/a><\/p>\n<p>Dar\u00edo Flota Ocampo, director del Consejo de Promoci\u00f3n Tur\u00edstica de Quintana Roo (CPTQ), acompa\u00f1ado del CEO y propietario del ATG, Anextour Group,\u00a0Serhat Kockar, y su director Alfonso Nieto,\u00a0anunci\u00f3 en conferencia de prensa, que la\u00a0compa\u00f1\u00eda decidi\u00f3 extender sus vuelos Mosc\u00fa-Canc\u00fan al verano y probablemente durante todo el a\u00f1o.<\/p>\n<p><strong>La compa\u00f1\u00eda Anextur, opera sus propios aviones en Canc\u00fan desde el invierno de 2018<\/strong>. Esta\u00a0ruta operado por Azurair tiene dos frecuencias semanales, martes y s\u00e1bado prevista originalmente para la temporada de invierno, y por primera vez para el mercado ruso durante el verano,y ya se planea para la pr\u00f3xima temporada invernal el aumento de frecuencias a uno diario.<\/p>\n<p>\u201cLa intenci\u00f3n de los operadores es que <strong>en el pr\u00f3ximo invierno la aerol\u00ednea pase de tener dos vuelos semanales a cinco<\/strong> y, eventualmente, que sean siete vuelos o uno diario\u201d, detall\u00f3 Flota Ocampo.<\/p>\n<p>Dario Flota detall\u00f3 que el vuelo con capacidad para 428 asientos, 42 en Business Class, en un Boeing 777-300 <strong>permitir\u00e1 mayor conectividad de turismo ruso<\/strong> ampliando la llegada de visitantes procedentes de un mercado que seg\u00fan datos del Instituto Nacional de Migraci\u00f3n aument\u00f3 117% en el \u00faltimo a\u00f1o, es decir de 22 271 en 2017 a 48 411 visitantes en 2018.<\/p>\n<p><a href=\"http:\/\/www.latitud21.com.mx\/wp-content\/uploads\/2019\/01\/CPTQROO-y-Sectur.jpg\" data-rel=\"penci-gallery-image-content\"  target=\"_blank\" rel=\"noopener\"><img decoding=\"async\" class=\"alignnone size-large wp-image-35432\" src=\"http:\/\/www.latitud21.com.mx\/wp-content\/uploads\/2019\/01\/CPTQROO-y-Sectur-1024x682.jpg\" alt=\"\" width=\"1024\" height=\"682\" \/><\/a><\/p>\n<p>Tambien destac\u00f3 que <strong>la aerol\u00ednea canadiense Swimming opera desde la provincia de Quebec un nuevo vuelo a Canc\u00fan,<\/strong> desde diciembre y hasta el mes de abril, con lo cual la aerol\u00ednea act\u00faa desde 23 ciudades diferentes de Canad\u00e1.<\/p>\n<p><strong>Con m\u00e1s de un mill\u00f3n 131 mil 305 llegadas internacionales a Canc\u00fan<\/strong> y un incremento anual del ocho por ciento, Canad\u00e1 es uno de los mercados que m\u00e1s creci\u00f3 el a\u00f1o pasado en Quintana Roo.<\/p>\n<p>Con la difusi\u00f3n de materiales dirigidos a promover el estado de Quintana Roo, principalmente el sur y destinos como Mahahual, Bacalar y la \u201cRuta de la Guerra de Castas\u201d, <strong>se despierta una gran expectativa entre agentes de viajes y mayoristas,<\/strong> mencion\u00f3 la titular de Turismo Marisol Vanegas.<\/p>\n<p><a href=\"http:\/\/www.latitud21.com.mx\/wp-content\/uploads\/2019\/01\/Delegacion-Quintana-Roo.jpg\" data-rel=\"penci-gallery-image-content\"  target=\"_blank\" rel=\"noopener\"><img decoding=\"async\" class=\"alignnone size-full wp-image-35430\" src=\"http:\/\/www.latitud21.com.mx\/wp-content\/uploads\/2019\/01\/Delegacion-Quintana-Roo.jpg\" alt=\"\" width=\"963\" height=\"658\" \/><\/a><\/p>\n<p>En el segundo d\u00eda de actividades de la FITUR, la titular de Turismo subray\u00f3 el \u00e9xito que despierta en la feria <strong>la presentaci\u00f3n del Portafolio de Inversiones de Quintana Ro<\/strong>o para que los interesados cuenten con mayor informaci\u00f3n que pudiera concretarse, en corto o mediano plazo, a una gama de productos que suma m\u00e1s de 103 mil habitaciones y 30 mil en construcci\u00f3n para los pr\u00f3ximos a\u00f1os.<\/p>\n","protected":false},"excerpt":{"rendered":"<p>Dar\u00edo Flota Ocampo, director del Consejo de Promoci\u00f3n Tur\u00edstica de Quintana Roo (CPTQ), acompa\u00f1ado del CEO&hellip;<\/p>\n","protected":false},"author":69,"featured_media":35730,"comment_status":"open","ping_status":"open","sticky":false,"template":"","format":"standard","meta":{"_acf_changed":false,"_lmt_disableupdate":"","_lmt_disable":"","_mbp_gutenberg_autopost":false,"footnotes":""},"categories":[4,23,8],"tags":[],"class_list":["post-35429","post","type-post","status-publish","format-standard","has-post-thumbnail","hentry","category-empresas-y-negocios","category-noticias","category-turismo"],"acf":[],"_links":{"self":[{"href":"https:\/\/l21.mx\/index.php?rest_route=\/wp\/v2\/posts\/35429","targetHints":{"allow":["GET"]}}],"collection":[{"href":"https:\/\/l21.mx\/index.php?rest_route=\/wp\/v2\/posts"}],"about":[{"href":"https:\/\/l21.mx\/index.php?rest_route=\/wp\/v2\/types\/post"}],"author":[{"embeddable":true,"href":"https:\/\/l21.mx\/index.php?rest_route=\/wp\/v2\/users\/69"}],"replies":[{"embeddable":true,"href":"https:\/\/l21.mx\/index.php?rest_route=%2Fwp%2Fv2%2Fcomments&post=35429"}],"version-history":[{"count":0,"href":"https:\/\/l21.mx\/index.php?rest_route=\/wp\/v2\/posts\/35429\/revisions"}],"wp:featuredmedia":[{"embeddable":true,"href":"https:\/\/l21.mx\/index.php?rest_route=\/wp\/v2\/media\/35730"}],"wp:attachment":[{"href":"https:\/\/l21.mx\/index.php?rest_route=%2Fwp%2Fv2%2Fmedia&parent=35429"}],"wp:term":[{"taxonomy":"category","embeddable":true,"href":"https:\/\/l21.mx\/index.php?rest_route=%2Fwp%2Fv2%2Fcategories&post=35429"},{"taxonomy":"post_tag","embeddable":true,"href":"https:\/\/l21.mx\/index.php?rest_route=%2Fwp%2Fv2%2Ftags&post=35429"}],"curies":[{"name":"wp","href":"https:\/\/api.w.org\/{rel}","templated":true}]}}