{"id":35473,"date":"2019-01-09T18:26:13","date_gmt":"2019-01-09T23:26:13","guid":{"rendered":"http:\/\/www.latitud21.com.mx\/?p=34954"},"modified":"2019-02-01T17:22:46","modified_gmt":"2019-02-01T22:22:46","slug":"el-sargazo-anuncia-su-primera-llegada-masiva-en-2019","status":"publish","type":"post","link":"https:\/\/l21.mx\/?p=35473","title":{"rendered":"El sargazo anuncia su primera llegada masiva en 2019"},"content":{"rendered":"<div class=\"columns margin-b-0\">\n<h1><a style=\"font-size: 1.6em;\" href=\"http:\/\/www.latitud21.com.mx\/wp-content\/uploads\/2019\/01\/algas.jpg\" data-rel=\"penci-gallery-image-content\"  target=\"_blank\" rel=\"noopener\"><img fetchpriority=\"high\" decoding=\"async\" class=\"alignnone size-large wp-image-35049\" src=\"http:\/\/www.latitud21.com.mx\/wp-content\/uploads\/2019\/01\/algas-1024x768.jpg\" alt=\"\" width=\"1024\" height=\"768\" \/><\/a><\/h1>\n<\/div>\n<div class=\"columns margin-b-0\">\n<div class=\"column is-12-touch is-8-desktop\">\n<p><em><strong>Ante el pron\u00f3stico de un mayor arribo del alga a costas del estado, las autoridades comienzan a prepararse para evitar las complicaciones del 2018.<\/strong><\/em><\/p>\n<p>La acumulaci\u00f3n del alga en el centro y oeste del oc\u00e9ano atl\u00e1ntico alarman por su posible llegada al Caribe Mexicano y a Quintana Roo, de acuerdo con el reporte de la Universidad del Sur de Florida.<\/p>\n<p><span style=\"color: #333333; font-style: normal; font-weight: 300;\">Esto podr\u00eda provocar <strong>una ca\u00edda de casi 20 por ciento<\/strong> en la llegada de turista<\/span>s, principalmente a la Riviera Maya y Canc\u00fan, se\u00f1al\u00f3 el Consejo Coordinador Empresarial del Caribe.\u00a0En el reporte se se\u00f1ala que \u201ccon base en la distancia a la que actualmente est\u00e1n las manchas de sargazo, su arribo a las costas del Caribe mexicano podr\u00eda ser durante el primer trimestre del a\u00f1o\u201d.<\/p>\n<\/div>\n<\/div>\n<div class=\"columns\">\n<div class=\"column is-12\">\n<div class=\"note-date\">\n<p class=\"paragraph\" data-count=\"287\" data-wrap=\"49\">Al respecto, el <strong>CCE del Caribe advirti\u00f3 que para 2019<\/strong> se espera una descenso de 19 por ciento en la afluencia de visitantes por cancelaciones y cambios, precisamente por la presencia de sargazo ya que, adem\u00e1s de la descomposici\u00f3n de las algas, hay animales muertos que agravan el problema.<\/p>\n<p class=\"paragraph\" data-count=\"378\" data-wrap=\"58\"><strong>En la m\u00e1s reciente reuni\u00f3n del Comit\u00e9 Estatal Cient\u00edfico T\u00e9cnico para el Sargazo<\/strong>, el Gobernador propuso que para 2019 se busque una reuni\u00f3n con Josefa Gonz\u00e1lez-Blanco Ortiz-Mena, titular de la Secretar\u00eda de Medio Ambiente y Recursos Naturales (Semarnat), y con Ra\u00fal de Jes\u00fas Elenes Angulo, comisionado nacional de Acuacultura y Pesca (Conapesca).<\/p>\n<p class=\"paragraph\" data-count=\"155\" data-wrap=\"27\">Explic\u00f3 que es urgente la reuni\u00f3n con ambas dependencias para poder sacar el alga antes de que llegue a la playa pues requiere permiso para su extracci\u00f3n. El informe de la universidad estadounidense <strong>fue analizado el pasado 14 de diciembre<\/strong>, por el\u00a0Comit\u00e9 Estatal Cient\u00edfico T\u00e9cnico para el Sargazo, que encabeza la Secretar\u00eda de Ecolog\u00eda y Medio Ambiente (Sema).<\/p>\n<\/div>\n<\/div>\n<\/div>\n","protected":false},"excerpt":{"rendered":"<p>Ante el pron\u00f3stico de un mayor arribo del alga a costas del estado, las autoridades comienzan&hellip;<\/p>\n","protected":false},"author":69,"featured_media":36142,"comment_status":"open","ping_status":"open","sticky":false,"template":"","format":"standard","meta":{"_acf_changed":false,"_lmt_disableupdate":"","_lmt_disable":"","_mbp_gutenberg_autopost":false,"footnotes":""},"categories":[4,23,8],"tags":[],"class_list":["post-35473","post","type-post","status-publish","format-standard","has-post-thumbnail","hentry","category-empresas-y-negocios","category-noticias","category-turismo"],"acf":[],"_links":{"self":[{"href":"https:\/\/l21.mx\/index.php?rest_route=\/wp\/v2\/posts\/35473","targetHints":{"allow":["GET"]}}],"collection":[{"href":"https:\/\/l21.mx\/index.php?rest_route=\/wp\/v2\/posts"}],"about":[{"href":"https:\/\/l21.mx\/index.php?rest_route=\/wp\/v2\/types\/post"}],"author":[{"embeddable":true,"href":"https:\/\/l21.mx\/index.php?rest_route=\/wp\/v2\/users\/69"}],"replies":[{"embeddable":true,"href":"https:\/\/l21.mx\/index.php?rest_route=%2Fwp%2Fv2%2Fcomments&post=35473"}],"version-history":[{"count":0,"href":"https:\/\/l21.mx\/index.php?rest_route=\/wp\/v2\/posts\/35473\/revisions"}],"wp:featuredmedia":[{"embeddable":true,"href":"https:\/\/l21.mx\/index.php?rest_route=\/wp\/v2\/media\/36142"}],"wp:attachment":[{"href":"https:\/\/l21.mx\/index.php?rest_route=%2Fwp%2Fv2%2Fmedia&parent=35473"}],"wp:term":[{"taxonomy":"category","embeddable":true,"href":"https:\/\/l21.mx\/index.php?rest_route=%2Fwp%2Fv2%2Fcategories&post=35473"},{"taxonomy":"post_tag","embeddable":true,"href":"https:\/\/l21.mx\/index.php?rest_route=%2Fwp%2Fv2%2Ftags&post=35473"}],"curies":[{"name":"wp","href":"https:\/\/api.w.org\/{rel}","templated":true}]}}