{"id":35623,"date":"2019-01-15T10:47:17","date_gmt":"2019-01-15T15:47:17","guid":{"rendered":"http:\/\/www.latitud21.com.mx\/?p=35175"},"modified":"2019-02-01T12:43:40","modified_gmt":"2019-02-01T17:43:40","slug":"12-varones-barberia-2","status":"publish","type":"post","link":"https:\/\/l21.mx\/?p=35623","title":{"rendered":"SUBE \u2022 12 Varones Barber\u00eda"},"content":{"rendered":"<p><a href=\"http:\/\/www.latitud21.com.mx\/wp-content\/uploads\/2019\/01\/12.jpg\" data-rel=\"penci-gallery-image-content\"  target=\"_blank\" rel=\"noopener\"><img fetchpriority=\"high\" decoding=\"async\" class=\"alignleft size-full wp-image-35176\" src=\"http:\/\/www.latitud21.com.mx\/wp-content\/uploads\/2019\/01\/12.jpg\" alt=\"\" width=\"1157\" height=\"771\" \/><\/a><\/p>\n<p>Inicia operaciones en Canc\u00fan con <strong>un concepto industrial para proporcionar el servicio de barber\u00eda al estilo cl\u00e1sico<\/strong>, ofreciendo cortes de cabello y barba, adem\u00e1s de faciales completos para hidratar la piel. <strong>Superficie, 65 m2. Genera tres empleos directos y siete indirectos. Av. Kabah, SM 16, Mza. 1, Lte. 5-01, local 3, C.P. 77505. Tel\u00e9fono: (998)802 18 60<\/strong>. Email: 12varones@gmail.com Facebook: 12varones<\/p>\n","protected":false},"excerpt":{"rendered":"<p>Inicia operaciones en Canc\u00fan con un concepto industrial para proporcionar el servicio de barber\u00eda al estilo&hellip;<\/p>\n","protected":false},"author":2,"featured_media":36031,"comment_status":"open","ping_status":"open","sticky":false,"template":"","format":"standard","meta":{"_acf_changed":false,"_lmt_disableupdate":"","_lmt_disable":"","_mbp_gutenberg_autopost":false,"footnotes":""},"categories":[10],"tags":[],"class_list":["post-35623","post","type-post","status-publish","format-standard","has-post-thumbnail","hentry","category-sube-y-baja"],"acf":[],"_links":{"self":[{"href":"https:\/\/l21.mx\/index.php?rest_route=\/wp\/v2\/posts\/35623","targetHints":{"allow":["GET"]}}],"collection":[{"href":"https:\/\/l21.mx\/index.php?rest_route=\/wp\/v2\/posts"}],"about":[{"href":"https:\/\/l21.mx\/index.php?rest_route=\/wp\/v2\/types\/post"}],"author":[{"embeddable":true,"href":"https:\/\/l21.mx\/index.php?rest_route=\/wp\/v2\/users\/2"}],"replies":[{"embeddable":true,"href":"https:\/\/l21.mx\/index.php?rest_route=%2Fwp%2Fv2%2Fcomments&post=35623"}],"version-history":[{"count":0,"href":"https:\/\/l21.mx\/index.php?rest_route=\/wp\/v2\/posts\/35623\/revisions"}],"wp:featuredmedia":[{"embeddable":true,"href":"https:\/\/l21.mx\/index.php?rest_route=\/wp\/v2\/media\/36031"}],"wp:attachment":[{"href":"https:\/\/l21.mx\/index.php?rest_route=%2Fwp%2Fv2%2Fmedia&parent=35623"}],"wp:term":[{"taxonomy":"category","embeddable":true,"href":"https:\/\/l21.mx\/index.php?rest_route=%2Fwp%2Fv2%2Fcategories&post=35623"},{"taxonomy":"post_tag","embeddable":true,"href":"https:\/\/l21.mx\/index.php?rest_route=%2Fwp%2Fv2%2Ftags&post=35623"}],"curies":[{"name":"wp","href":"https:\/\/api.w.org\/{rel}","templated":true}]}}