{"id":36222,"date":"2019-02-18T17:33:10","date_gmt":"2019-02-18T22:33:10","guid":{"rendered":"https:\/\/l21.mx\/?p=36222"},"modified":"2019-02-18T17:51:51","modified_gmt":"2019-02-18T22:51:51","slug":"volaris-inicia-operaciones-en-la-ruta-guadalajara-chetumal","status":"publish","type":"post","link":"https:\/\/l21.mx\/?p=36222","title":{"rendered":"Volaris inicia operaciones en la ruta: Guadalajara-Chetumal"},"content":{"rendered":"\n<p class=\"wp-block-paragraph\"><strong>Con dos frecuencias a la semana, la aerol\u00ednea Volaris empez\u00f3 a operar su nueva ruta Guadalajara-Chetumal\u00a0con la que contin\u00faa consolidando su presencia en el mercado y refuerza su compromiso con la conectividad a\u00e9rea. <\/strong><\/p>\n\n\n\n<p class=\"wp-block-paragraph\">Adem\u00e1s de unir a Jalisco y Quintana Roo, dos de los estados clave para la compa\u00f1\u00eda. <\/p>\n\n\n\n<p class=\"wp-block-paragraph\">Con el fin de democratizar el aire y con la apuesta de Volar diferente, la aerol\u00ednea proyecta la creaci\u00f3n de nuevos empleos directos e indirectos al conectar a la Perla Tapat\u00eda con la capital quintanarroense. <\/p>\n\n\n\n<p class=\"wp-block-paragraph\">La nueva ruta est\u00e1 disponible desde el pasado 2 de febrero. <br><\/p>\n\n\n\n<p class=\"wp-block-paragraph\">\u201cEstamos muy contentos con la apertura de esta nueva ruta porque nos permite seguir conectando a M\u00e9xico\u00bb. <\/p>\n\n\n\n<p class=\"wp-block-paragraph\">\u00abUnir familias y fomentar el turismo, mientras que fortalecemos nuestra presencia en el mercado jalisciense, al ser la aerol\u00ednea mexicana con m\u00e1s oferta de vuelos desde el Aeropuerto Internacional de Guadalajara\u201d, se\u00f1al\u00f3 Jos\u00e9 Alfonso Lozano, director de asuntos corporativos de Volaris.<br><\/p>\n\n\n\n<p class=\"wp-block-paragraph\">La nueva ruta Guadalajara-Chetumal est\u00e1 disponible en el siguiente itinerario: <\/p>\n\n\n\n<p class=\"wp-block-paragraph\">Saliendo de Guadalajara a las 11:19 hrs., llegando a Chetumal a las 15:03 hrs. <\/p>\n\n\n\n<p class=\"wp-block-paragraph\">Saliendo de Chetumal a las 15:28 hrs., llegando a Guadalajara a las 17:12 hrs.<\/p>\n","protected":false},"excerpt":{"rendered":"<p>Con dos frecuencias a la semana, la aerol\u00ednea Volaris empez\u00f3 a operar su nueva ruta Guadalajara-Chetumal\u00a0con&hellip;<\/p>\n","protected":false},"author":69,"featured_media":36223,"comment_status":"open","ping_status":"open","sticky":false,"template":"","format":"standard","meta":{"_acf_changed":false,"_lmt_disableupdate":"","_lmt_disable":"","_mbp_gutenberg_autopost":false,"footnotes":""},"categories":[23,8],"tags":[],"class_list":["post-36222","post","type-post","status-publish","format-standard","has-post-thumbnail","hentry","category-noticias","category-turismo"],"acf":[],"_links":{"self":[{"href":"https:\/\/l21.mx\/index.php?rest_route=\/wp\/v2\/posts\/36222","targetHints":{"allow":["GET"]}}],"collection":[{"href":"https:\/\/l21.mx\/index.php?rest_route=\/wp\/v2\/posts"}],"about":[{"href":"https:\/\/l21.mx\/index.php?rest_route=\/wp\/v2\/types\/post"}],"author":[{"embeddable":true,"href":"https:\/\/l21.mx\/index.php?rest_route=\/wp\/v2\/users\/69"}],"replies":[{"embeddable":true,"href":"https:\/\/l21.mx\/index.php?rest_route=%2Fwp%2Fv2%2Fcomments&post=36222"}],"version-history":[{"count":0,"href":"https:\/\/l21.mx\/index.php?rest_route=\/wp\/v2\/posts\/36222\/revisions"}],"wp:featuredmedia":[{"embeddable":true,"href":"https:\/\/l21.mx\/index.php?rest_route=\/wp\/v2\/media\/36223"}],"wp:attachment":[{"href":"https:\/\/l21.mx\/index.php?rest_route=%2Fwp%2Fv2%2Fmedia&parent=36222"}],"wp:term":[{"taxonomy":"category","embeddable":true,"href":"https:\/\/l21.mx\/index.php?rest_route=%2Fwp%2Fv2%2Fcategories&post=36222"},{"taxonomy":"post_tag","embeddable":true,"href":"https:\/\/l21.mx\/index.php?rest_route=%2Fwp%2Fv2%2Ftags&post=36222"}],"curies":[{"name":"wp","href":"https:\/\/api.w.org\/{rel}","templated":true}]}}