{"id":36261,"date":"2019-02-19T16:38:47","date_gmt":"2019-02-19T21:38:47","guid":{"rendered":"https:\/\/l21.mx\/?p=36261"},"modified":"2019-09-27T16:36:10","modified_gmt":"2019-09-27T21:36:10","slug":"inicio-la-construccion-del-hotel-breathless-cancun","status":"publish","type":"post","link":"https:\/\/l21.mx\/?p=36261","title":{"rendered":"Inici\u00f3 la construcci\u00f3n del Hotel Breathless Canc\u00fan"},"content":{"rendered":"\n<figure class=\"wp-block-image\"><img fetchpriority=\"high\" decoding=\"async\" width=\"1024\" height=\"682\" src=\"https:\/\/l21.mx\/wp-content\/uploads\/2019\/02\/hotel-Breathless-1-1024x682.jpg\" alt=\"\" class=\"wp-image-36263\" srcset=\"https:\/\/l21.mx\/wp-content\/uploads\/2019\/02\/hotel-Breathless-1-1024x682.jpg 1024w, https:\/\/l21.mx\/wp-content\/uploads\/2019\/02\/hotel-Breathless-1-300x200.jpg 300w, https:\/\/l21.mx\/wp-content\/uploads\/2019\/02\/hotel-Breathless-1-768x511.jpg 768w, https:\/\/l21.mx\/wp-content\/uploads\/2019\/02\/hotel-Breathless-1-1170x779.jpg 1170w, https:\/\/l21.mx\/wp-content\/uploads\/2019\/02\/hotel-Breathless-1-585x389.jpg 585w, https:\/\/l21.mx\/wp-content\/uploads\/2019\/02\/hotel-Breathless-1-263x175.jpg 263w, https:\/\/l21.mx\/wp-content\/uploads\/2019\/02\/hotel-Breathless-1.jpg 1280w\" sizes=\"(max-width: 1024px) 100vw, 1024px\" \/><figcaption>Alejandro Zozaya, CEO Apple Leisure Group, Carlos Joaqu\u00edn, Gobernador de Quintana Roo, Mara Lezama, Presidenta Municipal de Benito Ju\u00e1rez, Francisco Javier Luque, presidente de Fuerte Group SL. <\/figcaption><\/figure>\n\n\n\n<p class=\"wp-block-paragraph\">Con un concepto de vacaciones Unlimited-Luxury todo incluido inici\u00f3 la construcci\u00f3n del hotel Breathless Canc\u00fan, para el cual se destina una inversi\u00f3n de 163 mdd. <\/p>\n\n\n\n<p class=\"wp-block-paragraph\">Dicho centro de hospedaje contar\u00e1 con 429 habitaciones y suites; durante su construcci\u00f3n genera mil 600 empleos directos y mil 400 indirectos, su inauguraci\u00f3n est\u00e1 programada para el verano de 2021.<\/p>\n\n\n\n<p class=\"wp-block-paragraph\">Correspondi\u00f3 al gobernador Carlos Joaqu\u00edn colocar la primera piedra de lo que ser\u00e1 el hotel Breathless Canc\u00fan, en cuyo evento destac\u00f3 que trabajar juntos en la generaci\u00f3n de mayores inversiones en beneficio de la poblaci\u00f3n local, se traducir\u00e1 en una mejor calidad de vida para la gente.<br><\/p>\n\n\n\n<p class=\"wp-block-paragraph\">En ese sentido agreg\u00f3 que durante 2018, Quintana Roo ocup\u00f3 el primer lugar nacional en generaci\u00f3n de empleos con 33 mil 516. <\/p>\n\n\n\n<p class=\"wp-block-paragraph\">Agreg\u00f3 que actualmente est\u00e1n en proceso de construcci\u00f3n m\u00e1s de 30 mil habitaciones, que se suman a las m\u00e1s de 103 mil disponibles.<\/p>\n","protected":false},"excerpt":{"rendered":"<p>Con un concepto de vacaciones Unlimited-Luxury todo incluido inici\u00f3 la construcci\u00f3n del hotel Breathless Canc\u00fan, para&hellip;<\/p>\n","protected":false},"author":69,"featured_media":36263,"comment_status":"open","ping_status":"open","sticky":false,"template":"","format":"standard","meta":{"_acf_changed":false,"_lmt_disableupdate":"","_lmt_disable":"","_mbp_gutenberg_autopost":false,"footnotes":""},"categories":[4,23],"tags":[],"class_list":["post-36261","post","type-post","status-publish","format-standard","has-post-thumbnail","hentry","category-empresas-y-negocios","category-noticias"],"acf":[],"_links":{"self":[{"href":"https:\/\/l21.mx\/index.php?rest_route=\/wp\/v2\/posts\/36261","targetHints":{"allow":["GET"]}}],"collection":[{"href":"https:\/\/l21.mx\/index.php?rest_route=\/wp\/v2\/posts"}],"about":[{"href":"https:\/\/l21.mx\/index.php?rest_route=\/wp\/v2\/types\/post"}],"author":[{"embeddable":true,"href":"https:\/\/l21.mx\/index.php?rest_route=\/wp\/v2\/users\/69"}],"replies":[{"embeddable":true,"href":"https:\/\/l21.mx\/index.php?rest_route=%2Fwp%2Fv2%2Fcomments&post=36261"}],"version-history":[{"count":0,"href":"https:\/\/l21.mx\/index.php?rest_route=\/wp\/v2\/posts\/36261\/revisions"}],"wp:featuredmedia":[{"embeddable":true,"href":"https:\/\/l21.mx\/index.php?rest_route=\/wp\/v2\/media\/36263"}],"wp:attachment":[{"href":"https:\/\/l21.mx\/index.php?rest_route=%2Fwp%2Fv2%2Fmedia&parent=36261"}],"wp:term":[{"taxonomy":"category","embeddable":true,"href":"https:\/\/l21.mx\/index.php?rest_route=%2Fwp%2Fv2%2Fcategories&post=36261"},{"taxonomy":"post_tag","embeddable":true,"href":"https:\/\/l21.mx\/index.php?rest_route=%2Fwp%2Fv2%2Ftags&post=36261"}],"curies":[{"name":"wp","href":"https:\/\/api.w.org\/{rel}","templated":true}]}}