{"id":3631,"date":"2013-07-10T16:59:41","date_gmt":"2013-07-10T21:59:41","guid":{"rendered":"http:\/\/innovatori.space\/lat21\/?p=3631"},"modified":"2013-08-08T16:33:57","modified_gmt":"2013-08-08T21:33:57","slug":"sube-ocupacion-de-riviera-maya-durante-primer-semestre-de-2013","status":"publish","type":"post","link":"https:\/\/l21.mx\/?p=3631","title":{"rendered":"Sube ocupaci\u00f3n de Riviera Maya durante primer semestre de 2013"},"content":{"rendered":"<p><a href=\"http:\/\/l21.mx\/wp-content\/uploads\/2013\/07\/Dar\u00edo-Flota-Ocampo.jpg\" data-rel=\"penci-gallery-image-content\" ><img fetchpriority=\"high\" decoding=\"async\" class=\"alignleft size-medium wp-image-3632\" title=\"Dar\u00edo Flota Ocampo\" src=\"http:\/\/l21.mx\/wp-content\/uploads\/2013\/07\/Dar\u00edo-Flota-Ocampo-199x300.jpg\" alt=\"\" width=\"199\" height=\"300\" srcset=\"https:\/\/l21.mx\/wp-content\/uploads\/2013\/07\/Dar\u00edo-Flota-Ocampo-199x300.jpg 199w, https:\/\/l21.mx\/wp-content\/uploads\/2013\/07\/Dar\u00edo-Flota-Ocampo-681x1024.jpg 681w, https:\/\/l21.mx\/wp-content\/uploads\/2013\/07\/Dar\u00edo-Flota-Ocampo-56x85.jpg 56w, https:\/\/l21.mx\/wp-content\/uploads\/2013\/07\/Dar\u00edo-Flota-Ocampo-600x901.jpg 600w, https:\/\/l21.mx\/wp-content\/uploads\/2013\/07\/Dar\u00edo-Flota-Ocampo-167x251.jpg 167w, https:\/\/l21.mx\/wp-content\/uploads\/2013\/07\/Dar\u00edo-Flota-Ocampo-80x120.jpg 80w\" sizes=\"(max-width: 199px) 100vw, 199px\" \/><\/a><\/p>\n<p>En el primer semestre de 2013 Riviera Maya registr\u00f3 80 por ciento de ocupaci\u00f3n de cuartos promedio, siete puntos arriba en comparaci\u00f3n con el per\u00edodo enero-junio del a\u00f1o pasado, inform\u00f3 Dar\u00edo Flota Ocampo, director del Fideicomiso de Promoci\u00f3n Tur\u00edstica del destino (FPTRM).<\/p>\n<p>El director del FTPRM estim\u00f3 que durante el mes de julio el destino alcanzar\u00e1 90 por ciento de ocupaci\u00f3n promedio en sus 40 mil 600 cuartos de hotel.<\/p>\n<p>\u201cVamos a tener llenos en los Todo Incluido, y esperamos romper la cifra record del a\u00f1o pasado\u201d, expres\u00f3\u2014. El turismo norteamericano y nacional son los visitantes que m\u00e1s llegan\u00a0 para este Verano, abarrotan las playas y calles de la zona tur\u00edstica de Playa del Carmen.<\/p>\n<p>Destac\u00f3 que los connacionales ayudan en gran parte a la ocupaci\u00f3n de la zona centro de esta ciudad, principalmente de los estados de M\u00e9rida, Monterrey, Jalisco y la Ciudad de M\u00e9xico.<\/p>\n<p>Por otra parte, mencion\u00f3 que se prev\u00e9 la llegada de m\u00e1s de 60 mil rusos para este a\u00f1o al destino, turista de alto poder adquisitivo, con lo cual se tendr\u00eda un incremento de casi 5 por ciento en comparaci\u00f3n con 2012, cuando arribaron alrededor de 55 mil visitantes de dicho pa\u00eds.<\/p>\n<p>Para finalizar, Flota Ocampo dijo que Riviera Maya prepara su participaci\u00f3n para las pr\u00f3ximas ferias tur\u00edsticas internacionales, \u201cen septiembre estaremos en Mosc\u00fa, octubre en Argentina y Brasil, y en noviembre en la Feria de Londres, una de las m\u00e1s importantes en el mundo, que nos permitir\u00e1 seguir consolidando al destino como uno de los mejores\u201d.<\/p>\n<div>\n<p>[editor]turismo[\/editor]<\/p>\n<\/div>\n","protected":false},"excerpt":{"rendered":"<p>En el primer semestre de 2013 Riviera Maya registr\u00f3 80 por ciento de ocupaci\u00f3n de cuartos&hellip;<\/p>\n","protected":false},"author":2,"featured_media":3634,"comment_status":"open","ping_status":"open","sticky":false,"template":"","format":"standard","meta":{"_acf_changed":false,"_lmt_disableupdate":"","_lmt_disable":"","_mbp_gutenberg_autopost":false,"footnotes":""},"categories":[23,8],"tags":[63,65,62,48,64,61],"class_list":["post-3631","post","type-post","status-publish","format-standard","has-post-thumbnail","hentry","category-noticias","category-turismo","tag-caribe-mexicano","tag-grupo-editorial-latitud21","tag-revista-latitud21","tag-cancun","tag-latitud-21","tag-latitud21"],"acf":[],"yoast_head":"<!-- This site is optimized with the Yoast SEO plugin v27.3 - https:\/\/yoast.com\/product\/yoast-seo-wordpress\/ -->\n<title>Sube ocupaci\u00f3n de Riviera Maya durante primer semestre de 2013 | Revista Latitud 21<\/title>\n<meta name=\"description\" content=\"L21, Emprendedores y Negocios en el Caribe Mexicano, es la revista l\u00edder entre el Sector Empresarial y Tur\u00edstico del Caribe Mexicano.\" \/>\n<meta name=\"robots\" content=\"index, follow, max-snippet:-1, max-image-preview:large, max-video-preview:-1\" \/>\n<link rel=\"canonical\" href=\"https:\/\/l21.mx\/?p=3631\" \/>\n<meta name=\"twitter:card\" content=\"summary_large_image\" \/>\n<meta name=\"twitter:title\" content=\"Sube ocupaci\u00f3n de Riviera Maya durante primer semestre de 2013 | Revista Latitud 21\" \/>\n<meta name=\"twitter:description\" content=\"L21, Emprendedores y Negocios en el Caribe Mexicano, es la revista l\u00edder entre el Sector Empresarial y Tur\u00edstico del Caribe Mexicano.\" \/>\n<meta name=\"twitter:image\" content=\"https:\/\/l21.mx\/wp-content\/uploads\/2013\/07\/Dar\u00edo-Flota-Ocampo-n.jpg\" \/>\n<meta name=\"twitter:creator\" content=\"@Latitud21mx\" \/>\n<meta name=\"twitter:site\" content=\"@Latitud21mx\" \/>\n<meta name=\"twitter:label1\" content=\"Escrito por\" \/>\n\t<meta name=\"twitter:data1\" content=\"Latitud21 Redacci\u00f3n\" \/>\n\t<meta name=\"twitter:label2\" content=\"Tiempo de lectura\" \/>\n\t<meta name=\"twitter:data2\" content=\"1 minuto\" \/>\n<script type=\"application\/ld+json\" class=\"yoast-schema-graph\">{\"@context\":\"https:\\\/\\\/schema.org\",\"@graph\":[{\"@type\":\"Article\",\"@id\":\"https:\\\/\\\/l21.mx\\\/?p=3631#article\",\"isPartOf\":{\"@id\":\"https:\\\/\\\/l21.mx\\\/?p=3631\"},\"author\":{\"name\":\"Latitud21 Redacci\u00f3n\",\"@id\":\"https:\\\/\\\/l21.mx\\\/#\\\/schema\\\/person\\\/4b571cc212089f95579f3b66253728f1\"},\"headline\":\"Sube ocupaci\u00f3n de Riviera Maya durante primer semestre de 2013\",\"datePublished\":\"2013-07-10T21:59:41+00:00\",\"dateModified\":\"2013-08-08T21:33:57+00:00\",\"mainEntityOfPage\":{\"@id\":\"https:\\\/\\\/l21.mx\\\/?p=3631\"},\"wordCount\":279,\"commentCount\":0,\"publisher\":{\"@id\":\"https:\\\/\\\/l21.mx\\\/#organization\"},\"image\":{\"@id\":\"https:\\\/\\\/l21.mx\\\/?p=3631#primaryimage\"},\"thumbnailUrl\":\"https:\\\/\\\/l21.mx\\\/wp-content\\\/uploads\\\/2013\\\/07\\\/Dar\u00edo-Flota-Ocampo-n.jpg\",\"keywords\":[\"\\\"Caribe Mexicano\\\"\",\"\\\"Grupo editorial Latitud21\\\"\",\"\\\"revista latitud21\\\"\",\"Cancun\",\"latitud 21\",\"latitud21\"],\"articleSection\":[\"Noticias\",\"Turismo\"],\"inLanguage\":\"es\",\"potentialAction\":[{\"@type\":\"CommentAction\",\"name\":\"Comment\",\"target\":[\"https:\\\/\\\/l21.mx\\\/?p=3631#respond\"]}]},{\"@type\":\"WebPage\",\"@id\":\"https:\\\/\\\/l21.mx\\\/?p=3631\",\"url\":\"https:\\\/\\\/l21.mx\\\/?p=3631\",\"name\":\"Sube ocupaci\u00f3n de Riviera Maya durante primer semestre de 2013 | Revista Latitud 21\",\"isPartOf\":{\"@id\":\"https:\\\/\\\/l21.mx\\\/#website\"},\"primaryImageOfPage\":{\"@id\":\"https:\\\/\\\/l21.mx\\\/?p=3631#primaryimage\"},\"image\":{\"@id\":\"https:\\\/\\\/l21.mx\\\/?p=3631#primaryimage\"},\"thumbnailUrl\":\"https:\\\/\\\/l21.mx\\\/wp-content\\\/uploads\\\/2013\\\/07\\\/Dar\u00edo-Flota-Ocampo-n.jpg\",\"datePublished\":\"2013-07-10T21:59:41+00:00\",\"dateModified\":\"2013-08-08T21:33:57+00:00\",\"description\":\"L21, Emprendedores y Negocios en el Caribe Mexicano, es la revista l\u00edder entre el Sector Empresarial y Tur\u00edstico del Caribe Mexicano.\",\"breadcrumb\":{\"@id\":\"https:\\\/\\\/l21.mx\\\/?p=3631#breadcrumb\"},\"inLanguage\":\"es\",\"potentialAction\":[{\"@type\":\"ReadAction\",\"target\":[\"https:\\\/\\\/l21.mx\\\/?p=3631\"]}]},{\"@type\":\"ImageObject\",\"inLanguage\":\"es\",\"@id\":\"https:\\\/\\\/l21.mx\\\/?p=3631#primaryimage\",\"url\":\"https:\\\/\\\/l21.mx\\\/wp-content\\\/uploads\\\/2013\\\/07\\\/Dar\u00edo-Flota-Ocampo-n.jpg\",\"contentUrl\":\"https:\\\/\\\/l21.mx\\\/wp-content\\\/uploads\\\/2013\\\/07\\\/Dar\u00edo-Flota-Ocampo-n.jpg\",\"width\":\"90\",\"height\":\"60\"},{\"@type\":\"BreadcrumbList\",\"@id\":\"https:\\\/\\\/l21.mx\\\/?p=3631#breadcrumb\",\"itemListElement\":[{\"@type\":\"ListItem\",\"position\":1,\"name\":\"Portada\",\"item\":\"https:\\\/\\\/l21.mx\\\/\"},{\"@type\":\"ListItem\",\"position\":2,\"name\":\"Sube ocupaci\u00f3n de Riviera Maya durante primer semestre de 2013\"}]},{\"@type\":\"WebSite\",\"@id\":\"https:\\\/\\\/l21.mx\\\/#website\",\"url\":\"https:\\\/\\\/l21.mx\\\/\",\"name\":\"Revista Latitud 21\",\"description\":\"Emprendedores  y negocios en el Caribe Mexicano\",\"publisher\":{\"@id\":\"https:\\\/\\\/l21.mx\\\/#organization\"},\"potentialAction\":[{\"@type\":\"SearchAction\",\"target\":{\"@type\":\"EntryPoint\",\"urlTemplate\":\"https:\\\/\\\/l21.mx\\\/?s={search_term_string}\"},\"query-input\":{\"@type\":\"PropertyValueSpecification\",\"valueRequired\":true,\"valueName\":\"search_term_string\"}}],\"inLanguage\":\"es\"},{\"@type\":\"Organization\",\"@id\":\"https:\\\/\\\/l21.mx\\\/#organization\",\"name\":\"Grupo Editorial Latitud 21 SA de CV\",\"url\":\"https:\\\/\\\/l21.mx\\\/\",\"logo\":{\"@type\":\"ImageObject\",\"inLanguage\":\"es\",\"@id\":\"https:\\\/\\\/l21.mx\\\/#\\\/schema\\\/logo\\\/image\\\/\",\"url\":\"https:\\\/\\\/l21.mx\\\/wp-content\\\/uploads\\\/2020\\\/10\\\/logo-l21-baja.jpg\",\"contentUrl\":\"https:\\\/\\\/l21.mx\\\/wp-content\\\/uploads\\\/2020\\\/10\\\/logo-l21-baja.jpg\",\"width\":250,\"height\":250,\"caption\":\"Grupo Editorial Latitud 21 SA de CV\"},\"image\":{\"@id\":\"https:\\\/\\\/l21.mx\\\/#\\\/schema\\\/logo\\\/image\\\/\"},\"sameAs\":[\"https:\\\/\\\/www.facebook.com\\\/RevistaLatitud21\\\/\",\"https:\\\/\\\/x.com\\\/Latitud21mx\"]},{\"@type\":\"Person\",\"@id\":\"https:\\\/\\\/l21.mx\\\/#\\\/schema\\\/person\\\/4b571cc212089f95579f3b66253728f1\",\"name\":\"Latitud21 Redacci\u00f3n\",\"url\":\"https:\\\/\\\/l21.mx\\\/?author=2\"}]}<\/script>\n<!-- \/ Yoast SEO plugin. -->","yoast_head_json":{"title":"Sube ocupaci\u00f3n de Riviera Maya durante primer semestre de 2013 | Revista Latitud 21","description":"L21, Emprendedores y Negocios en el Caribe Mexicano, es la revista l\u00edder entre el Sector Empresarial y Tur\u00edstico del Caribe Mexicano.","robots":{"index":"index","follow":"follow","max-snippet":"max-snippet:-1","max-image-preview":"max-image-preview:large","max-video-preview":"max-video-preview:-1"},"canonical":"https:\/\/l21.mx\/?p=3631","twitter_card":"summary_large_image","twitter_title":"Sube ocupaci\u00f3n de Riviera Maya durante primer semestre de 2013 | Revista Latitud 21","twitter_description":"L21, Emprendedores y Negocios en el Caribe Mexicano, es la revista l\u00edder entre el Sector Empresarial y Tur\u00edstico del Caribe Mexicano.","twitter_image":"https:\/\/l21.mx\/wp-content\/uploads\/2013\/07\/Dar\u00edo-Flota-Ocampo-n.jpg","twitter_creator":"@Latitud21mx","twitter_site":"@Latitud21mx","twitter_misc":{"Escrito por":"Latitud21 Redacci\u00f3n","Tiempo de lectura":"1 minuto"},"schema":{"@context":"https:\/\/schema.org","@graph":[{"@type":"Article","@id":"https:\/\/l21.mx\/?p=3631#article","isPartOf":{"@id":"https:\/\/l21.mx\/?p=3631"},"author":{"name":"Latitud21 Redacci\u00f3n","@id":"https:\/\/l21.mx\/#\/schema\/person\/4b571cc212089f95579f3b66253728f1"},"headline":"Sube ocupaci\u00f3n de Riviera Maya durante primer semestre de 2013","datePublished":"2013-07-10T21:59:41+00:00","dateModified":"2013-08-08T21:33:57+00:00","mainEntityOfPage":{"@id":"https:\/\/l21.mx\/?p=3631"},"wordCount":279,"commentCount":0,"publisher":{"@id":"https:\/\/l21.mx\/#organization"},"image":{"@id":"https:\/\/l21.mx\/?p=3631#primaryimage"},"thumbnailUrl":"https:\/\/l21.mx\/wp-content\/uploads\/2013\/07\/Dar\u00edo-Flota-Ocampo-n.jpg","keywords":["\"Caribe Mexicano\"","\"Grupo editorial Latitud21\"","\"revista latitud21\"","Cancun","latitud 21","latitud21"],"articleSection":["Noticias","Turismo"],"inLanguage":"es","potentialAction":[{"@type":"CommentAction","name":"Comment","target":["https:\/\/l21.mx\/?p=3631#respond"]}]},{"@type":"WebPage","@id":"https:\/\/l21.mx\/?p=3631","url":"https:\/\/l21.mx\/?p=3631","name":"Sube ocupaci\u00f3n de Riviera Maya durante primer semestre de 2013 | Revista Latitud 21","isPartOf":{"@id":"https:\/\/l21.mx\/#website"},"primaryImageOfPage":{"@id":"https:\/\/l21.mx\/?p=3631#primaryimage"},"image":{"@id":"https:\/\/l21.mx\/?p=3631#primaryimage"},"thumbnailUrl":"https:\/\/l21.mx\/wp-content\/uploads\/2013\/07\/Dar\u00edo-Flota-Ocampo-n.jpg","datePublished":"2013-07-10T21:59:41+00:00","dateModified":"2013-08-08T21:33:57+00:00","description":"L21, Emprendedores y Negocios en el Caribe Mexicano, es la revista l\u00edder entre el Sector Empresarial y Tur\u00edstico del Caribe Mexicano.","breadcrumb":{"@id":"https:\/\/l21.mx\/?p=3631#breadcrumb"},"inLanguage":"es","potentialAction":[{"@type":"ReadAction","target":["https:\/\/l21.mx\/?p=3631"]}]},{"@type":"ImageObject","inLanguage":"es","@id":"https:\/\/l21.mx\/?p=3631#primaryimage","url":"https:\/\/l21.mx\/wp-content\/uploads\/2013\/07\/Dar\u00edo-Flota-Ocampo-n.jpg","contentUrl":"https:\/\/l21.mx\/wp-content\/uploads\/2013\/07\/Dar\u00edo-Flota-Ocampo-n.jpg","width":"90","height":"60"},{"@type":"BreadcrumbList","@id":"https:\/\/l21.mx\/?p=3631#breadcrumb","itemListElement":[{"@type":"ListItem","position":1,"name":"Portada","item":"https:\/\/l21.mx\/"},{"@type":"ListItem","position":2,"name":"Sube ocupaci\u00f3n de Riviera Maya durante primer semestre de 2013"}]},{"@type":"WebSite","@id":"https:\/\/l21.mx\/#website","url":"https:\/\/l21.mx\/","name":"Revista Latitud 21","description":"Emprendedores  y negocios en el Caribe Mexicano","publisher":{"@id":"https:\/\/l21.mx\/#organization"},"potentialAction":[{"@type":"SearchAction","target":{"@type":"EntryPoint","urlTemplate":"https:\/\/l21.mx\/?s={search_term_string}"},"query-input":{"@type":"PropertyValueSpecification","valueRequired":true,"valueName":"search_term_string"}}],"inLanguage":"es"},{"@type":"Organization","@id":"https:\/\/l21.mx\/#organization","name":"Grupo Editorial Latitud 21 SA de CV","url":"https:\/\/l21.mx\/","logo":{"@type":"ImageObject","inLanguage":"es","@id":"https:\/\/l21.mx\/#\/schema\/logo\/image\/","url":"https:\/\/l21.mx\/wp-content\/uploads\/2020\/10\/logo-l21-baja.jpg","contentUrl":"https:\/\/l21.mx\/wp-content\/uploads\/2020\/10\/logo-l21-baja.jpg","width":250,"height":250,"caption":"Grupo Editorial Latitud 21 SA de CV"},"image":{"@id":"https:\/\/l21.mx\/#\/schema\/logo\/image\/"},"sameAs":["https:\/\/www.facebook.com\/RevistaLatitud21\/","https:\/\/x.com\/Latitud21mx"]},{"@type":"Person","@id":"https:\/\/l21.mx\/#\/schema\/person\/4b571cc212089f95579f3b66253728f1","name":"Latitud21 Redacci\u00f3n","url":"https:\/\/l21.mx\/?author=2"}]}},"amp_enabled":true,"_links":{"self":[{"href":"https:\/\/l21.mx\/index.php?rest_route=\/wp\/v2\/posts\/3631","targetHints":{"allow":["GET"]}}],"collection":[{"href":"https:\/\/l21.mx\/index.php?rest_route=\/wp\/v2\/posts"}],"about":[{"href":"https:\/\/l21.mx\/index.php?rest_route=\/wp\/v2\/types\/post"}],"author":[{"embeddable":true,"href":"https:\/\/l21.mx\/index.php?rest_route=\/wp\/v2\/users\/2"}],"replies":[{"embeddable":true,"href":"https:\/\/l21.mx\/index.php?rest_route=%2Fwp%2Fv2%2Fcomments&post=3631"}],"version-history":[{"count":0,"href":"https:\/\/l21.mx\/index.php?rest_route=\/wp\/v2\/posts\/3631\/revisions"}],"wp:featuredmedia":[{"embeddable":true,"href":"https:\/\/l21.mx\/index.php?rest_route=\/wp\/v2\/media\/3634"}],"wp:attachment":[{"href":"https:\/\/l21.mx\/index.php?rest_route=%2Fwp%2Fv2%2Fmedia&parent=3631"}],"wp:term":[{"taxonomy":"category","embeddable":true,"href":"https:\/\/l21.mx\/index.php?rest_route=%2Fwp%2Fv2%2Fcategories&post=3631"},{"taxonomy":"post_tag","embeddable":true,"href":"https:\/\/l21.mx\/index.php?rest_route=%2Fwp%2Fv2%2Ftags&post=3631"}],"curies":[{"name":"wp","href":"https:\/\/api.w.org\/{rel}","templated":true}]}}