{"id":36459,"date":"2019-02-28T16:36:39","date_gmt":"2019-02-28T21:36:39","guid":{"rendered":"https:\/\/l21.mx\/?p=36459"},"modified":"2019-02-28T16:38:55","modified_gmt":"2019-02-28T21:38:55","slug":"conforman-alianza-en-pro-del-turismo","status":"publish","type":"post","link":"https:\/\/l21.mx\/?p=36459","title":{"rendered":"Conforman alianza en pro del turismo"},"content":{"rendered":"\n<p class=\"wp-block-paragraph\"> <strong>Agrupaciones hoteleras de Canc\u00fan, Cozumel y la Riviera Maya conformaron una alianza a fin de enfrentar los problemas que afectan a la industria tur\u00edstica, como la falta de recursos para la promoci\u00f3n, la ca\u00edda de posicionamiento global de M\u00e9xico y el crecimiento de rentas vacacionales no reguladas, as\u00ed como temas de movilidad y conectividad.<\/strong><br><\/p>\n\n\n\n<p class=\"wp-block-paragraph\"> <strong>El acuerdo conformado por las asociaciones de Complejos Vacacionales y Tur\u00edsticos<\/strong> (Acotur), Hoteles de Cozumel y de la Riviera Maya, as\u00ed como Inverotel, representa 352 hoteles con 125 mil 496 cuartos, 242 asociado y 177 mil 605 colaboradores.<br><\/p>\n\n\n\n<p class=\"wp-block-paragraph\"> En conferencia de prensa, Mauricio Carreon, presidente de Acotur, organismo que <strong>representa a 87 desarrollos con 38 mil 300 llaves hoteleras en la regi\u00f3n.<\/strong><\/p>\n\n\n\n<p class=\"wp-block-paragraph\"> Destac\u00f3 que uno los objetivos del convenio de promoci\u00f3n y distribuci\u00f3n para la industria vacacional es fomentar y buscar alternativas que les permitan <strong>enfrentar los retos que actualmente preocupan al sector tur\u00edstico<\/strong>, como crear campa\u00f1as y estrategias que fortalezcan la imagen de M\u00e9xico como destino tur\u00edstico.<br><\/p>\n\n\n\n<p class=\"wp-block-paragraph\"> En compa\u00f1\u00eda de los representantes de hoteles de la Riviera Maya y de Inverotel, Conrad Bergwerf y Ram\u00f3n Rosell\u00f3, respectivamente, Carre\u00f3n mencion\u00f3 que con este convenio <strong>se busca sumar esfuerzos<\/strong> que generen un bien com\u00fan no solo en la industria tur\u00edstica del estado, sino en la de todo el pa\u00eds.<br><\/p>\n\n\n\n<p class=\"wp-block-paragraph\"> Asimismo, el tambi\u00e9n director Comercial de Propiedades Vacacionales de Posadas inform\u00f3 que los asociados de Acotur que se conform\u00f3 en febrero de 2018 <strong>proyectan mantener en 2019 un crecimiento de siete por ciento<\/strong>.  <\/p>\n\n\n\n<p class=\"wp-block-paragraph\">\u201cEn 2018, los afiliados a Acotur alcanzaron <strong>ventas por m\u00e1s de 728 millones de d\u00f3lares<\/strong>, es decir 25% m\u00e1s que en 2017 y registraron una ocupaci\u00f3n de 86%. <\/p>\n\n\n\n<p class=\"wp-block-paragraph\"><strong>Actualmente, la agrupaci\u00f3n cuenta con 711 mil socios<\/strong>, principalmente del mercado norteamericano que genera al a\u00f1o una afluencia de casi 7.5 millones de visitantes y alrededor de 12 millones de cuartos noche ocupados\u201d.<br><\/p>\n\n\n\n<p class=\"wp-block-paragraph\"> En su informe de actividades del primer a\u00f1o de operaciones de la asociaci\u00f3n, Carreon mencion\u00f3 que a trav\u00e9s de la compa\u00f1\u00eda International Cruise &amp; Excursions (ICE) que tambi\u00e9n forma parte de Acotur <strong>llegan al a\u00f1o a Quintana Roo m\u00e1s de 85 mil visitantes<\/strong>, de los cuales 55 mil son cruceristas. (Marlene Hern\u00e1ndez)<\/p>\n","protected":false},"excerpt":{"rendered":"<p>Agrupaciones hoteleras de Canc\u00fan, Cozumel y la Riviera Maya conformaron una alianza a fin de enfrentar&hellip;<\/p>\n","protected":false},"author":69,"featured_media":36460,"comment_status":"open","ping_status":"open","sticky":false,"template":"","format":"standard","meta":{"_acf_changed":false,"_lmt_disableupdate":"","_lmt_disable":"","_mbp_gutenberg_autopost":false,"footnotes":""},"categories":[23,8],"tags":[],"class_list":["post-36459","post","type-post","status-publish","format-standard","has-post-thumbnail","hentry","category-noticias","category-turismo"],"acf":[],"_links":{"self":[{"href":"https:\/\/l21.mx\/index.php?rest_route=\/wp\/v2\/posts\/36459","targetHints":{"allow":["GET"]}}],"collection":[{"href":"https:\/\/l21.mx\/index.php?rest_route=\/wp\/v2\/posts"}],"about":[{"href":"https:\/\/l21.mx\/index.php?rest_route=\/wp\/v2\/types\/post"}],"author":[{"embeddable":true,"href":"https:\/\/l21.mx\/index.php?rest_route=\/wp\/v2\/users\/69"}],"replies":[{"embeddable":true,"href":"https:\/\/l21.mx\/index.php?rest_route=%2Fwp%2Fv2%2Fcomments&post=36459"}],"version-history":[{"count":0,"href":"https:\/\/l21.mx\/index.php?rest_route=\/wp\/v2\/posts\/36459\/revisions"}],"wp:featuredmedia":[{"embeddable":true,"href":"https:\/\/l21.mx\/index.php?rest_route=\/wp\/v2\/media\/36460"}],"wp:attachment":[{"href":"https:\/\/l21.mx\/index.php?rest_route=%2Fwp%2Fv2%2Fmedia&parent=36459"}],"wp:term":[{"taxonomy":"category","embeddable":true,"href":"https:\/\/l21.mx\/index.php?rest_route=%2Fwp%2Fv2%2Fcategories&post=36459"},{"taxonomy":"post_tag","embeddable":true,"href":"https:\/\/l21.mx\/index.php?rest_route=%2Fwp%2Fv2%2Ftags&post=36459"}],"curies":[{"name":"wp","href":"https:\/\/api.w.org\/{rel}","templated":true}]}}