{"id":36499,"date":"2019-03-04T12:12:06","date_gmt":"2019-03-04T17:12:06","guid":{"rendered":"https:\/\/l21.mx\/?p=36499"},"modified":"2019-03-04T12:12:08","modified_gmt":"2019-03-04T17:12:08","slug":"reinagura-la-europea-sucursal-en-zona-hotelera","status":"publish","type":"post","link":"https:\/\/l21.mx\/?p=36499","title":{"rendered":"Reinagura La Europea sucursal en zona hotelera"},"content":{"rendered":"\n<p class=\"wp-block-paragraph\"><strong>Luego de una d\u00e9cada de servicio en la zona hotelera de Canc\u00fan, La Europea, empresa mexicana dedicada principalmente a la venta de vinos y licores, renov\u00f3 sus instalaciones. <\/strong><\/p>\n\n\n\n<figure class=\"wp-block-image\"><img fetchpriority=\"high\" decoding=\"async\" width=\"441\" height=\"326\" src=\"https:\/\/l21.mx\/wp-content\/uploads\/2019\/03\/la-europea-colaboradores.jpg\" alt=\"\" class=\"wp-image-36501\" srcset=\"https:\/\/l21.mx\/wp-content\/uploads\/2019\/03\/la-europea-colaboradores.jpg 441w, https:\/\/l21.mx\/wp-content\/uploads\/2019\/03\/la-europea-colaboradores-300x222.jpg 300w\" sizes=\"(max-width: 441px) 100vw, 441px\" \/><figcaption>Maricela Yam, Tom\u00e1s Canul, hugo Logo, Oscar Escobar, Elizabeth Barrera, Sheyla Lainez<\/figcaption><\/figure>\n\n\n\n<p class=\"wp-block-paragraph\">Para celebrar este importante evento <strong>se ofreci\u00f3 un coctel en el jard\u00edn de la tienda<\/strong>, el cual cuenta con una magn\u00edfica vista a la laguna Nichupt\u00e9.<\/p>\n\n\n\n<p class=\"wp-block-paragraph\">En la celebraci\u00f3n de la reinauguraci\u00f3n de La Europea estuvieron presentes altos directivos de la empresa, quienes comentaron que la renovaci\u00f3n tiene como prop\u00f3sito disponer de <strong>un espacio m\u00e1s moderno y c\u00f3modo<\/strong> en donde brindar los mejores servicios a todos sus clientes.<\/p>\n\n\n\n<figure class=\"wp-block-image\"><img decoding=\"async\" width=\"489\" height=\"369\" src=\"https:\/\/l21.mx\/wp-content\/uploads\/2019\/03\/la-europea.jpg\" alt=\"\" class=\"wp-image-36502\" srcset=\"https:\/\/l21.mx\/wp-content\/uploads\/2019\/03\/la-europea.jpg 489w, https:\/\/l21.mx\/wp-content\/uploads\/2019\/03\/la-europea-300x226.jpg 300w\" sizes=\"(max-width: 489px) 100vw, 489px\" \/><\/figure>\n\n\n\n<p class=\"wp-block-paragraph\">La empresa, con m\u00e1s de 60 a\u00f1os en el mercado, en diversos puntos de la rep\u00fablica mexicana, <strong>tiene una importante presencia en Quintana Roo<\/strong>, en donde cuenta con cinco tiendas de las 60 instaladas en el pa\u00eds.<\/p>\n","protected":false},"excerpt":{"rendered":"<p>Luego de una d\u00e9cada de servicio en la zona hotelera de Canc\u00fan, La Europea, empresa mexicana&hellip;<\/p>\n","protected":false},"author":69,"featured_media":36502,"comment_status":"open","ping_status":"open","sticky":false,"template":"","format":"standard","meta":{"_acf_changed":false,"_lmt_disableupdate":"","_lmt_disable":"","_mbp_gutenberg_autopost":false,"footnotes":""},"categories":[4,23],"tags":[],"class_list":["post-36499","post","type-post","status-publish","format-standard","has-post-thumbnail","hentry","category-empresas-y-negocios","category-noticias"],"acf":[],"_links":{"self":[{"href":"https:\/\/l21.mx\/index.php?rest_route=\/wp\/v2\/posts\/36499","targetHints":{"allow":["GET"]}}],"collection":[{"href":"https:\/\/l21.mx\/index.php?rest_route=\/wp\/v2\/posts"}],"about":[{"href":"https:\/\/l21.mx\/index.php?rest_route=\/wp\/v2\/types\/post"}],"author":[{"embeddable":true,"href":"https:\/\/l21.mx\/index.php?rest_route=\/wp\/v2\/users\/69"}],"replies":[{"embeddable":true,"href":"https:\/\/l21.mx\/index.php?rest_route=%2Fwp%2Fv2%2Fcomments&post=36499"}],"version-history":[{"count":0,"href":"https:\/\/l21.mx\/index.php?rest_route=\/wp\/v2\/posts\/36499\/revisions"}],"wp:featuredmedia":[{"embeddable":true,"href":"https:\/\/l21.mx\/index.php?rest_route=\/wp\/v2\/media\/36502"}],"wp:attachment":[{"href":"https:\/\/l21.mx\/index.php?rest_route=%2Fwp%2Fv2%2Fmedia&parent=36499"}],"wp:term":[{"taxonomy":"category","embeddable":true,"href":"https:\/\/l21.mx\/index.php?rest_route=%2Fwp%2Fv2%2Fcategories&post=36499"},{"taxonomy":"post_tag","embeddable":true,"href":"https:\/\/l21.mx\/index.php?rest_route=%2Fwp%2Fv2%2Ftags&post=36499"}],"curies":[{"name":"wp","href":"https:\/\/api.w.org\/{rel}","templated":true}]}}