{"id":36504,"date":"2019-03-04T12:34:00","date_gmt":"2019-03-04T17:34:00","guid":{"rendered":"https:\/\/l21.mx\/?p=36504"},"modified":"2019-03-04T13:24:40","modified_gmt":"2019-03-04T18:24:40","slug":"feria-internacional-de-franquicias-de-mexico","status":"publish","type":"post","link":"https:\/\/l21.mx\/?p=36504","title":{"rendered":"Feria Internacional de Franquicias de M\u00e9xico"},"content":{"rendered":"\n<p class=\"wp-block-paragraph\"><strong><a href=\"https:\/\/www.fif.com.mx\/\" target=\"_blank\" rel=\"noopener\">La edici\u00f3n n\u00famero 42<\/a> de este importante evento se llevar\u00e1 a cabo en el World Trade Center de la Ciudad de M\u00e9xico del 7 al 9 de marzo; <\/strong><\/p>\n\n\n\n<p class=\"wp-block-paragraph\"><strong>Reunir\u00e1 a m\u00e1s de 380 expositores internacionales, quienes mostrar\u00e1n los modelos de franquicias m\u00e1s exitosos, as\u00ed como las novedades de negocios. <\/strong><\/p>\n\n\n\n<p class=\"wp-block-paragraph\"><\/p>\n","protected":false},"excerpt":{"rendered":"<p>La edici\u00f3n n\u00famero 42 de este importante evento se llevar\u00e1 a cabo en el World Trade&hellip;<\/p>\n","protected":false},"author":69,"featured_media":36505,"comment_status":"open","ping_status":"open","sticky":false,"template":"","format":"standard","meta":{"_acf_changed":false,"_lmt_disableupdate":"","_lmt_disable":"","_mbp_gutenberg_autopost":false,"footnotes":""},"categories":[476,23],"tags":[],"class_list":["post-36504","post","type-post","status-publish","format-standard","has-post-thumbnail","hentry","category-agenda","category-noticias"],"acf":[],"_links":{"self":[{"href":"https:\/\/l21.mx\/index.php?rest_route=\/wp\/v2\/posts\/36504","targetHints":{"allow":["GET"]}}],"collection":[{"href":"https:\/\/l21.mx\/index.php?rest_route=\/wp\/v2\/posts"}],"about":[{"href":"https:\/\/l21.mx\/index.php?rest_route=\/wp\/v2\/types\/post"}],"author":[{"embeddable":true,"href":"https:\/\/l21.mx\/index.php?rest_route=\/wp\/v2\/users\/69"}],"replies":[{"embeddable":true,"href":"https:\/\/l21.mx\/index.php?rest_route=%2Fwp%2Fv2%2Fcomments&post=36504"}],"version-history":[{"count":0,"href":"https:\/\/l21.mx\/index.php?rest_route=\/wp\/v2\/posts\/36504\/revisions"}],"wp:featuredmedia":[{"embeddable":true,"href":"https:\/\/l21.mx\/index.php?rest_route=\/wp\/v2\/media\/36505"}],"wp:attachment":[{"href":"https:\/\/l21.mx\/index.php?rest_route=%2Fwp%2Fv2%2Fmedia&parent=36504"}],"wp:term":[{"taxonomy":"category","embeddable":true,"href":"https:\/\/l21.mx\/index.php?rest_route=%2Fwp%2Fv2%2Fcategories&post=36504"},{"taxonomy":"post_tag","embeddable":true,"href":"https:\/\/l21.mx\/index.php?rest_route=%2Fwp%2Fv2%2Ftags&post=36504"}],"curies":[{"name":"wp","href":"https:\/\/api.w.org\/{rel}","templated":true}]}}