{"id":36540,"date":"2019-03-05T18:11:44","date_gmt":"2019-03-05T23:11:44","guid":{"rendered":"https:\/\/l21.mx\/?p=36540"},"modified":"2019-03-05T18:21:18","modified_gmt":"2019-03-05T23:21:18","slug":"el-estado-diversifica-su-oferta-de-producto-y-continua-promoviendo-rutas-turisticas","status":"publish","type":"post","link":"https:\/\/l21.mx\/?p=36540","title":{"rendered":"Quintana Roo diversifica su oferta de producto y contin\u00faa promoviendo rutas tur\u00edsticas"},"content":{"rendered":"\n<p class=\"wp-block-paragraph\"><strong>La alianza Yucat\u00e1n-Pen\u00ednsula participar\u00e1 en las ferias de Par\u00eds Top Rease e Italia TTG Incontri, as\u00ed como la realizaci\u00f3n de seminarios en el pa\u00eds italiano.<\/strong><\/p>\n\n\n\n<p class=\"wp-block-paragraph\"><strong>La delegaci\u00f3n de Caribe Mexicano, encabezada por la secretaria de Turismo Marisol Vanegas P\u00e9rez, particip\u00f3 en la Vitrina Tur\u00edstica 2019, ANATO<\/strong>, en Bogot\u00e1 Colombia, para dar impulso a la promoci\u00f3n de los destinos tur\u00edsticos de la zona norte y de la zona sur de Quintana Roo y generar m\u00e1s y mejores oportunidades para todos.<\/p>\n\n\n\n<p class=\"wp-block-paragraph\">Los destinos Holbox, Isla Mujeres, Canc\u00fan, Puerto Morelos, Cozumel, Riviera Maya, Tulum, Maya Ka\u00b4an, Bacalar, Mahahual y Chetumal, <strong>fueron presentadas a touroperadores, mayoristas y medios de comunicaci\u00f3n de Colombia<\/strong>, mercado que en solo seis a\u00f1os creci\u00f3 463%. <\/p>\n\n\n\n<p class=\"wp-block-paragraph\">Vanegas explic\u00f3 que <strong>el Estado diversifica su oferta<\/strong> de producto y contin\u00faa promoviendo rutas tur\u00edsticas como la Guerra de Castas. <\/p>\n\n\n\n<p class=\"wp-block-paragraph\">A esto se suma que, en mayo y junio <strong>el Estado ser\u00e1 sede principal de la Olimpiada Nacional y Nacional Juvenil<\/strong>, al albergar en Benito Ju\u00e1rez y Chetumal las competencias finales de 18 disciplinas. <\/p>\n\n\n\n<p class=\"wp-block-paragraph\"><strong>En temas de congresos, en el mes de mayo \u2013dijo- tendremos el Congreso Mundial de Turismo M\u00e9dico de Cozumel.<\/strong> <\/p>\n\n\n\n<p class=\"wp-block-paragraph\">En Bacalar, donde est\u00e1 la Laguna de los Siete Colores, c<strong>elebraremos el Mundial de Paddle<\/strong>, adem\u00e1s se estar\u00e1 llevando a cabo el Mundial de Mayistas en Chetumal en el mes de abril. <\/p>\n\n\n\n<p class=\"wp-block-paragraph\">\u00abEstamos aprovechando los centros de convenciones y que el beneficio sea para todo el Estado.  <strong>No podemos tener destinos de primera con desarrollos de tercera<\/strong>\u00ab, sostuvo la titular de la sectur.<\/p>\n\n\n\n<p class=\"wp-block-paragraph\">En la Vitrina Tur\u00edstica celebrada en Bogot\u00e1 Colombia, el director del Consejo de Promoci\u00f3n Tur\u00edstica Dar\u00edo Flota Ocampo, puntualiz\u00f3 que, <strong>a partir de la eliminaci\u00f3n de la visa como requisito para visitar M\u00e9xico, el mercado colombiano, a\u00f1o con a\u00f1o ha obtenido resultados relevantes para Quintana Roo. <\/strong><\/p>\n","protected":false},"excerpt":{"rendered":"<p>La alianza Yucat\u00e1n-Pen\u00ednsula participar\u00e1 en las ferias de Par\u00eds Top Rease e Italia TTG Incontri, as\u00ed&hellip;<\/p>\n","protected":false},"author":69,"featured_media":36541,"comment_status":"open","ping_status":"open","sticky":false,"template":"","format":"standard","meta":{"_acf_changed":false,"_lmt_disableupdate":"","_lmt_disable":"","_mbp_gutenberg_autopost":false,"footnotes":""},"categories":[23,8],"tags":[],"class_list":["post-36540","post","type-post","status-publish","format-standard","has-post-thumbnail","hentry","category-noticias","category-turismo"],"acf":[],"_links":{"self":[{"href":"https:\/\/l21.mx\/index.php?rest_route=\/wp\/v2\/posts\/36540","targetHints":{"allow":["GET"]}}],"collection":[{"href":"https:\/\/l21.mx\/index.php?rest_route=\/wp\/v2\/posts"}],"about":[{"href":"https:\/\/l21.mx\/index.php?rest_route=\/wp\/v2\/types\/post"}],"author":[{"embeddable":true,"href":"https:\/\/l21.mx\/index.php?rest_route=\/wp\/v2\/users\/69"}],"replies":[{"embeddable":true,"href":"https:\/\/l21.mx\/index.php?rest_route=%2Fwp%2Fv2%2Fcomments&post=36540"}],"version-history":[{"count":0,"href":"https:\/\/l21.mx\/index.php?rest_route=\/wp\/v2\/posts\/36540\/revisions"}],"wp:featuredmedia":[{"embeddable":true,"href":"https:\/\/l21.mx\/index.php?rest_route=\/wp\/v2\/media\/36541"}],"wp:attachment":[{"href":"https:\/\/l21.mx\/index.php?rest_route=%2Fwp%2Fv2%2Fmedia&parent=36540"}],"wp:term":[{"taxonomy":"category","embeddable":true,"href":"https:\/\/l21.mx\/index.php?rest_route=%2Fwp%2Fv2%2Fcategories&post=36540"},{"taxonomy":"post_tag","embeddable":true,"href":"https:\/\/l21.mx\/index.php?rest_route=%2Fwp%2Fv2%2Ftags&post=36540"}],"curies":[{"name":"wp","href":"https:\/\/api.w.org\/{rel}","templated":true}]}}